{"id":6661,"date":"2014-10-21T17:44:40","date_gmt":"2014-10-21T15:44:40","guid":{"rendered":"http:\/\/www.infosadowne.boo.pl\/?p=6661"},"modified":"2014-10-21T17:48:44","modified_gmt":"2014-10-21T15:48:44","slug":"wspomnienie","status":"publish","type":"post","link":"https:\/\/info.sadowne.pl\/?p=6661","title":{"rendered":"Wspomnienie"},"content":{"rendered":"<p style=\"text-align: justify;\"><strong><img loading=\"lazy\" decoding=\"async\" class=\"alignleft size-thumbnail wp-image-6665\" src=\"http:\/\/www.info.sadowne.pl\/wp-content\/uploads\/2014\/10\/2014.10.21.2-116x130.jpg\" alt=\"2014.10.21.2\" width=\"116\" height=\"130\" \/>20 pa\u017adziernika w wieku 89. lat zmar\u0142 w Sadownem Pan Profesor Adam Stankiewicz.<\/strong><!--more--><\/p>\n<p style=\"text-align: justify;\">Adam Filip Stankiewicz urodzi\u0142 si\u0119 26 maja 1925 roku w Ra\u017cnach, w rodzinie bezrobotnego ch\u0142opa. W czasie okupacji pracowa\u0142 fizycznie. By\u0142 czynnie zaanga\u017cowany w podziemnym ruchu oporu jako \u017co\u0142nierz AK. Uczy\u0142 si\u0119 metod\u0105 samokszta\u0142cenia. Po uzyskaniu kwalifikacji nauczycielskich pracowa\u0142 w szkolnictwie podstawowym na terenie gminy Sadowne.<\/p>\n<p style=\"text-align: justify;\">W latach 1955 \u2013 1960 studiowa\u0142 zaocznie na Uniwersytecie Warszawskim. 17 czerwca 1960 roku otrzyma\u0142 dyplom uko\u0144czenia studi\u00f3w wy\u017cszych \u2013 stopie\u0144 naukowy magistra historii. W szkolnictwie podstawowym przepracowa\u0142 25 lat na stanowisku dyrektora szko\u0142y. Od 1973 do 1987 roku by\u0142 nauczycielem historii w LO im. W\u0142adys\u0142awa Orkana w Sadownem.<\/p>\n<p style=\"text-align: justify;\">Obok pracy zawodowej interesowa\u0142 si\u0119 histori\u0105 regionaln\u0105 (szczeg\u00f3lnie regionu sadowe\u0144skiego). Posiada\u0142 powa\u017cny dorobek literacki i publicystyczny. By\u0142 wsp\u00f3\u0142autorem kilku ksi\u0105\u017cek i oko\u0142o tysi\u0105ca artyku\u0142\u00f3w publikowanych w r\u00f3\u017cnych czasopismach: <em>Gazecie W\u0119growskiej, Zielonym Sztandarze, \u017byciu Szko\u0142y, Ch\u0142opskiej Drodze, Wychowaniu, G\u0142osie Nauczycielskim, Teatrze Ludowym, Wiadomo\u015bciach W\u0119dkarskich<\/em> \u2013 na temat walk wyzwole\u0144czych narodu polskiego, ruchu ludowego, ekologii, przemian zachodz\u0105cych na wsi, pedagogicznych i dydaktycznych, ZNP, sp\u00f3\u0142dzielczo\u015bci, pszczelarstwa i w\u0119dkarstwa. Artyku\u0142y ukazywa\u0142y si\u0119 podpisywane nazwiskiem autora oraz pseudonimem lub kryptonimem (Podr\u00f3\u017cnik, Nadbu\u017cak, Ada \u2013 San, SA \u2013 na, stary emeryt z siedleckiego). Przez 30 lat by\u0142 prelegentem TWP (za dzia\u0142alno\u015b\u0107 w TWP odznaczony Krzy\u017cem Kawalerskim Orderu Odrodzenia). By\u0142 laureatem kilkunastu konkurs\u00f3w og\u00f3lnopolskich.<\/p>\n<p style=\"text-align: justify;\">Obok historii regionalnej pasjonowa\u0142 si\u0119 w\u0119dkarstwem, pszczelarstwem i pami\u0119tnikarstwem. Za ca\u0142okszta\u0142t pracy posiada\u0142 wiele odznacze\u0144 pa\u0144stwowych i resortowych. By\u0142 weteranem walk o wolno\u015b\u0107 Ojczyzny, podporucznikiem WP. Od 1987 roku przebywa\u0142 na emeryturze i mieszka\u0142 w Sadownem.<\/p>\n<p style=\"text-align: justify;\">\u00a0Zmar\u0142 20 pa\u017adziernika 2014 roku.<\/p>\n<p style=\"text-align: justify;\"><strong>Uroczysto\u015bci pogrzebowe odb\u0119d\u0105 si\u0119 22 pa\u017adziernika w Sadownem \u2013 wyprowadzenie o godz. 13.00 z Domu Pogrzebowego przy cmentarzu, msza o godz. 13.10, po czym z\u0142o\u017cenie cia\u0142a na miejscowym cmentarzu parafialnym.<\/strong><\/p>\n<p style=\"text-align: justify;\"><strong>Tekst: <\/strong>sch &#8211; na podstawie biografii autorstwa wnuczki &#8211; Aleksandry Stankiewicz, Dzieje wsi Ra\u017cny, Warszawa 2006<\/p>\n","protected":false},"excerpt":{"rendered":"<p>20 pa\u017adziernika w wieku 89. lat zmar\u0142 w Sadownem Pan Profesor Adam Stankiewicz.<\/p>\n","protected":false},"author":1,"featured_media":0,"comment_status":"open","ping_status":"open","sticky":false,"template":"","format":"standard","meta":{"footnotes":""},"categories":[5,1],"tags":[220,1008],"class_list":["post-6661","post","type-post","status-publish","format-standard","hentry","category-newsy","category-inne","tag-adam-stankiewicz","tag-wspomnienie"],"views":9135,"_links":{"self":[{"href":"https:\/\/info.sadowne.pl\/index.php?rest_route=\/wp\/v2\/posts\/6661","targetHints":{"allow":["GET"]}}],"collection":[{"href":"https:\/\/info.sadowne.pl\/index.php?rest_route=\/wp\/v2\/posts"}],"about":[{"href":"https:\/\/info.sadowne.pl\/index.php?rest_route=\/wp\/v2\/types\/post"}],"author":[{"embeddable":true,"href":"https:\/\/info.sadowne.pl\/index.php?rest_route=\/wp\/v2\/users\/1"}],"replies":[{"embeddable":true,"href":"https:\/\/info.sadowne.pl\/index.php?rest_route=%2Fwp%2Fv2%2Fcomments&post=6661"}],"version-history":[{"count":4,"href":"https:\/\/info.sadowne.pl\/index.php?rest_route=\/wp\/v2\/posts\/6661\/revisions"}],"predecessor-version":[{"id":6667,"href":"https:\/\/info.sadowne.pl\/index.php?rest_route=\/wp\/v2\/posts\/6661\/revisions\/6667"}],"wp:attachment":[{"href":"https:\/\/info.sadowne.pl\/index.php?rest_route=%2Fwp%2Fv2%2Fmedia&parent=6661"}],"wp:term":[{"taxonomy":"category","embeddable":true,"href":"https:\/\/info.sadowne.pl\/index.php?rest_route=%2Fwp%2Fv2%2Fcategories&post=6661"},{"taxonomy":"post_tag","embeddable":true,"href":"https:\/\/info.sadowne.pl\/index.php?rest_route=%2Fwp%2Fv2%2Ftags&post=6661"}],"curies":[{"name":"wp","href":"https:\/\/api.w.org\/{rel}","templated":true}]}}