{"id":6695,"date":"2014-10-25T16:08:44","date_gmt":"2014-10-25T14:08:44","guid":{"rendered":"http:\/\/www.infosadowne.boo.pl\/?p=6695"},"modified":"2023-06-07T23:05:29","modified_gmt":"2023-06-07T21:05:29","slug":"zlote-gody-w-sadownem","status":"publish","type":"post","link":"https:\/\/info.sadowne.pl\/?p=6695","title":{"rendered":"&#8222;Z\u0142ote Gody&#8221; 2014 w Sadownem"},"content":{"rendered":"<p style=\"text-align: justify;\"><strong><img loading=\"lazy\" decoding=\"async\" class=\"alignleft size-thumbnail wp-image-6696\" src=\"http:\/\/www.info.sadowne.pl\/wp-content\/uploads\/2014\/10\/2014.10.25.2-180x130.jpg\" alt=\"2014.10.25.2\" width=\"180\" height=\"130\" \/>Trzyna\u015bcie par ma\u0142\u017ce\u0144skich \u015bwi\u0119towa\u0142o 25 pa\u017adziernika w Sadownem jubileusz 50-lecia i d\u0142u\u017cej\u2026 po\u017cycia ma\u0142\u017ce\u0144skiego. <\/strong><!--more--><\/p>\n<p style=\"text-align: justify;\">Z tej okazji w Sali Konferencyjnej Urz\u0119du Gminy odby\u0142a si\u0119, przygotowana przez Urz\u0105d Stanu Cywilnego, ceremonia, podczas kt\u00f3rej ma\u0142\u017conkowie otrzymali medale przyznane przez prezydenta RP. Wr\u0119czali je: W\u00f3jt Gminy Sadowne &#8211; p. Zdzis\u0142aw Tracz, Przewodnicz\u0105cy Rady Gminy &#8211; p. Waldemar Cyran, Sekretarz Gminy &#8211; p. Zbigniew Bocian i Kierownik USC &#8211; p. Iza Go\u0142\u0119biowska.<\/p>\n<p style=\"text-align: justify;\">Imprez\u0119 u\u015bwietni\u0142y wyst\u0119pem panie z Zespo\u0142u \u015apiewaczego \u201eSadowianki\u201d. Nie zabrak\u0142o te\u017c wsp\u00f3lnego toastu, tortu, g\u0142o\u015bnego od\u015bpiewania \u201eSto lat\u201d oraz gratulacji od najbli\u017cszych i uczestnik\u00f3w ceremonii.<\/p>\n<p style=\"text-align: justify;\">By\u0142a to ju\u017c kolejna tak donios\u0142a uroczysto\u015b\u0107 w siedzibie w\u0142adz gminnych. W tym roku medalami uhonorowani zostali ma\u0142\u017conkowie:<\/p>\n<p style=\"text-align: justify;\">&#8211; Czes\u0142aw i Barbara Rowiccy z Oci\u0119tego,<\/p>\n<p style=\"text-align: justify;\">&#8211; Stanis\u0142aw i Irena Zy\u015bkowie z Sadownego,<\/p>\n<p style=\"text-align: justify;\">&#8211; Ryszard i Maria Ciokowie z Ziele\u0144ca,<\/p>\n<p style=\"text-align: justify;\">&#8211; Kazimierz i Lucyna Rostkowie z Orze\u0142ka,<\/p>\n<p style=\"text-align: justify;\">&#8211; Jan i Kazimiera Krzakowie z Sadownego,<\/p>\n<p style=\"text-align: justify;\">&#8211; Jan i Czes\u0142awa Ga\u0142\u0105zkowie z Wilczog\u0105b,<\/p>\n<p style=\"text-align: justify;\">&#8211; Zdzis\u0142aw i Alina Decykowie z Sadownego,<\/p>\n<p style=\"text-align: justify;\">&#8211; Zdzis\u0142aw i Wies\u0142awa Nowakowie z Morzyczyna W\u0142o\u015bcia\u0144skiego,<\/p>\n<p style=\"text-align: justify;\">&#8211; Aleksander i Marianna Karczmarczykowie z Sok\u00f3\u0142ki,<\/p>\n<p style=\"text-align: justify;\">&#8211; Jan i Halina Marczakowie z Sadownego,<\/p>\n<p style=\"text-align: justify;\">&#8211; Boles\u0142aw i Halina Pop\u0142awscy z Sadownego,<\/p>\n<p style=\"text-align: justify;\">&#8211; Stanis\u0142aw i Halina G\u00f3ralowie z Sadownego,<\/p>\n<p style=\"text-align: justify;\">&#8211; Jan i Jadwiga K\u0142osowie z Morzyczyna W\u0142o\u015bcia\u0144skiego.<\/p>\n<p style=\"text-align: justify;\"><strong>Gratulujemy Jubilatom!<\/strong> Szkoda tylko, \u017ce nie wszyscy z nich mogli by\u0107 obecni na tej uroczysto\u015bci.<\/p>\n<p><a href=\"https:\/\/photos.app.goo.gl\/EkUzT34sQR4qDU2K6\" target=\"_blank\" rel=\"noopener noreferrer\"><strong>Zdj\u0119cia w galerii Google&gt;&gt;&gt;<\/strong><\/a><\/p>\n<p style=\"text-align: justify;\"><strong>Tekst\/foto:<\/strong> S\u0142awek Chyli\u0144ski<\/p>\n<p>&nbsp;<\/p>\n","protected":false},"excerpt":{"rendered":"<p>Trzyna\u015bcie par ma\u0142\u017ce\u0144skich \u015bwi\u0119towa\u0142o 25 pa\u017adziernika w Sadownem jubileusz 50-lecia i d\u0142u\u017cej\u2026 po\u017cycia ma\u0142\u017ce\u0144skiego.<\/p>\n","protected":false},"author":1,"featured_media":0,"comment_status":"open","ping_status":"open","sticky":false,"template":"","format":"standard","meta":{"footnotes":""},"categories":[5,41],"tags":[1015,142],"class_list":["post-6695","post","type-post","status-publish","format-standard","hentry","category-newsy","category-wiesci-gminne","tag-zlote-gody-w-sadownem","tag-urzad-gminy-sadowne"],"views":3908,"_links":{"self":[{"href":"https:\/\/info.sadowne.pl\/index.php?rest_route=\/wp\/v2\/posts\/6695","targetHints":{"allow":["GET"]}}],"collection":[{"href":"https:\/\/info.sadowne.pl\/index.php?rest_route=\/wp\/v2\/posts"}],"about":[{"href":"https:\/\/info.sadowne.pl\/index.php?rest_route=\/wp\/v2\/types\/post"}],"author":[{"embeddable":true,"href":"https:\/\/info.sadowne.pl\/index.php?rest_route=\/wp\/v2\/users\/1"}],"replies":[{"embeddable":true,"href":"https:\/\/info.sadowne.pl\/index.php?rest_route=%2Fwp%2Fv2%2Fcomments&post=6695"}],"version-history":[{"count":3,"href":"https:\/\/info.sadowne.pl\/index.php?rest_route=\/wp\/v2\/posts\/6695\/revisions"}],"predecessor-version":[{"id":27704,"href":"https:\/\/info.sadowne.pl\/index.php?rest_route=\/wp\/v2\/posts\/6695\/revisions\/27704"}],"wp:attachment":[{"href":"https:\/\/info.sadowne.pl\/index.php?rest_route=%2Fwp%2Fv2%2Fmedia&parent=6695"}],"wp:term":[{"taxonomy":"category","embeddable":true,"href":"https:\/\/info.sadowne.pl\/index.php?rest_route=%2Fwp%2Fv2%2Fcategories&post=6695"},{"taxonomy":"post_tag","embeddable":true,"href":"https:\/\/info.sadowne.pl\/index.php?rest_route=%2Fwp%2Fv2%2Ftags&post=6695"}],"curies":[{"name":"wp","href":"https:\/\/api.w.org\/{rel}","templated":true}]}}