{"id":6794,"date":"2014-11-04T17:17:15","date_gmt":"2014-11-04T16:17:15","guid":{"rendered":"http:\/\/www.infosadowne.boo.pl\/?p=6794"},"modified":"2014-11-04T17:17:15","modified_gmt":"2014-11-04T16:17:15","slug":"o-barwach-jesieni-slow-kilka","status":"publish","type":"post","link":"https:\/\/info.sadowne.pl\/?p=6794","title":{"rendered":"O Barwach Jesieni s\u0142\u00f3w kilka"},"content":{"rendered":"<p style=\"text-align: justify;\"><strong><a href=\"http:\/\/www.info.sadowne.pl\/wp-content\/uploads\/2014\/09\/DKK11.jpg\" target=\"_blank\"><img loading=\"lazy\" decoding=\"async\" class=\"alignleft wp-image-6409 size-thumbnail\" src=\"http:\/\/www.info.sadowne.pl\/wp-content\/uploads\/2014\/09\/DKK11-180x130.jpg\" alt=\"DKK1\" width=\"180\" height=\"130\" \/><\/a>Pomimo, i\u017c od IX Mazowieckiego Przegl\u0105du Tw\u00f3rczo\u015bci Artystycznej Senior\u00f3w \u201eW\u0119growskie Barwy Jesieni\u201d min\u0119\u0142o \u201ekilka\u201d dni, musimy jednak do niego powr\u00f3ci\u0107.<\/strong><!--more--><\/p>\n<p style=\"text-align: justify;\">Brak informacji o przebiegu tegorocznych Barw Jesieni, kt\u00f3re odby\u0142y si\u0119 19 pa\u017adziernika w W\u0119growskim O\u015brodku Kultury, brak wynik\u00f3w w mediach &#8211; daje wiele do my\u015blenia na temat szybko\u015bci przep\u0142ywu informacji w naszym powiecie. Dopiero za spraw\u0105 publikacji w ostatnim wydaniu papierowym Tygodnika Siedleckiego dowiadujemy si\u0119, i\u017c opr\u00f3cz Zespo\u0142u \u015apiewaczego \u201eSadowianki\u201d, o czym pisali\u015bmy wcze\u015bniej, sukces odnios\u0142a te\u017c P. Danuta Kobyli\u0144ska \u2013 Konik z Zarzetki, kt\u00f3ra zdoby\u0142a pierwsz\u0105 nagrod\u0119 w kategorii: konkurs literacki. Wyr\u00f3\u017cnienie w tej samej kategorii otrzyma\u0142a tak\u017ce P. Henryka Kobyli\u0144ska z Grabin.<\/p>\n<p style=\"text-align: justify;\">Gratulujemy Paniom, a Pa\u0144stwa przepraszamy, i\u017c nie dysponujemy fotografiami z tej imprezy \u2013 \u017cadne media dotychczas ich nie publikowa\u0142y, a szkoda.<\/p>\n<p style=\"text-align: justify;\">Na otarcie \u0142ez \u2013 jeden z wierszy P. Danuty, o kt\u00f3rej pisali\u015bmy w artykule: <span style=\"color: #0000ff;\"><strong><a href=\"http:\/\/www.info.sadowne.pl\/?p=6397\" target=\"_blank\"><span style=\"color: #0000ff;\">\u201eZiemio majowa\u2026\u201d<\/span><\/a><\/strong><\/span>.<\/p>\n<p style=\"text-align: justify;\"><span style=\"color: #0000ff;\"><strong>Anio\u0142y z ametystu<\/strong><\/span><\/p>\n<p style=\"text-align: justify;\">*<\/p>\n<p style=\"text-align: justify;\">Wci\u0105\u017c porywani<\/p>\n<p style=\"text-align: justify;\">przez niejasny nurt,<\/p>\n<p style=\"text-align: justify;\">gnani codzienno\u015bci wiatrem,<\/p>\n<p style=\"text-align: justify;\">zakosami pokonujemy \u017cycia gra\u0144.<\/p>\n<p style=\"text-align: justify;\">*<\/p>\n<p style=\"text-align: justify;\">Kamienno \u2013 \u015bnie\u017cne \u017aleby<\/p>\n<p style=\"text-align: justify;\">prowadz\u0105 w ciemno\u015b\u0107 zdradliw\u0105<\/p>\n<p style=\"text-align: justify;\">i wci\u0105\u017c naj\u0142atwiej nam<\/p>\n<p style=\"text-align: justify;\">omija\u0107 b\u0142\u0119kitne szlaki Boga.<\/p>\n<p style=\"text-align: justify;\">*<\/p>\n<p style=\"text-align: justify;\">Dlaczego nie wstajemy z mgie\u0142,<\/p>\n<p style=\"text-align: justify;\">jak roz\u015bnie\u017cono szczyty o poranku?<\/p>\n<p style=\"text-align: justify;\">Dlaczego nie rozb\u0142yskamy s\u0142o\u0144cem?<\/p>\n<p style=\"text-align: justify;\">Nie nape\u0142niamy b\u0142\u0119kitem naszych oczu?<\/p>\n<p style=\"text-align: justify;\">*<\/p>\n<p style=\"text-align: justify;\">\u015awiat\u0142a zawsze zbyt ma\u0142o!<\/p>\n<p style=\"text-align: justify;\">Rozja\u015bnij nas, Bo\u017ce, przejrzy\u015bcie,<\/p>\n<p style=\"text-align: justify;\">Jak te anio\u0142y z ametystu\u2026<\/p>\n<p style=\"text-align: justify;\"><strong>Tekst\/foto:<\/strong> sch<\/p>\n<p style=\"text-align: justify;\"><strong>\u0179r\u00f3d\u0142o:<\/strong><\/p>\n<p style=\"text-align: justify;\"><em>Pod rodzinnym niebem, Antologia<\/em>, MiGOK w \u0141ochowie, \u0141och\u00f3w \u2013 Sadowne \u2013 Stoczek 2011<\/p>\n<p style=\"text-align: justify;\">Tygodnik Siedlecki<\/p>\n","protected":false},"excerpt":{"rendered":"<p>Pomimo, i\u017c od IX Mazowieckiego Przegl\u0105du Tw\u00f3rczo\u015bci Artystycznej Senior\u00f3w \u201eW\u0119growskie Barwy Jesieni\u201d min\u0119\u0142o \u201ekilka\u201d dni, musimy jednak do niego powr\u00f3ci\u0107.<\/p>\n","protected":false},"author":1,"featured_media":0,"comment_status":"open","ping_status":"open","sticky":false,"template":"","format":"standard","meta":{"footnotes":""},"categories":[5,48,6,108],"tags":[970,109,986],"class_list":["post-6794","post","type-post","status-publish","format-standard","hentry","category-newsy","category-kacik-literacki","category-kultura-rozrywka-edukacja","category-okienko-poetyckie","tag-danuta-kobylinska-konik","tag-grupa-poetycka-iwa","tag-wegrowskie-barwy-jesieni"],"views":3432,"_links":{"self":[{"href":"https:\/\/info.sadowne.pl\/index.php?rest_route=\/wp\/v2\/posts\/6794","targetHints":{"allow":["GET"]}}],"collection":[{"href":"https:\/\/info.sadowne.pl\/index.php?rest_route=\/wp\/v2\/posts"}],"about":[{"href":"https:\/\/info.sadowne.pl\/index.php?rest_route=\/wp\/v2\/types\/post"}],"author":[{"embeddable":true,"href":"https:\/\/info.sadowne.pl\/index.php?rest_route=\/wp\/v2\/users\/1"}],"replies":[{"embeddable":true,"href":"https:\/\/info.sadowne.pl\/index.php?rest_route=%2Fwp%2Fv2%2Fcomments&post=6794"}],"version-history":[{"count":1,"href":"https:\/\/info.sadowne.pl\/index.php?rest_route=\/wp\/v2\/posts\/6794\/revisions"}],"predecessor-version":[{"id":6795,"href":"https:\/\/info.sadowne.pl\/index.php?rest_route=\/wp\/v2\/posts\/6794\/revisions\/6795"}],"wp:attachment":[{"href":"https:\/\/info.sadowne.pl\/index.php?rest_route=%2Fwp%2Fv2%2Fmedia&parent=6794"}],"wp:term":[{"taxonomy":"category","embeddable":true,"href":"https:\/\/info.sadowne.pl\/index.php?rest_route=%2Fwp%2Fv2%2Fcategories&post=6794"},{"taxonomy":"post_tag","embeddable":true,"href":"https:\/\/info.sadowne.pl\/index.php?rest_route=%2Fwp%2Fv2%2Ftags&post=6794"}],"curies":[{"name":"wp","href":"https:\/\/api.w.org\/{rel}","templated":true}]}}