{"id":6826,"date":"2019-01-11T10:41:05","date_gmt":"2019-01-11T09:41:05","guid":{"rendered":"http:\/\/www.infosadowne.boo.pl\/?p=6826"},"modified":"2019-01-11T12:08:00","modified_gmt":"2019-01-11T11:08:00","slug":"przetrwac-zime","status":"publish","type":"post","link":"https:\/\/info.sadowne.pl\/?p=6826","title":{"rendered":"Zima. Jak j\u0105 przetrwa\u0107?"},"content":{"rendered":"<p style=\"text-align: justify;\"><strong><img loading=\"lazy\" decoding=\"async\" class=\"alignleft size-thumbnail wp-image-6827\" src=\"http:\/\/www.info.sadowne.pl\/wp-content\/uploads\/2014\/11\/2014.11.10.2-180x130.jpg\" alt=\"2014.11.10.2\" width=\"180\" height=\"130\" \/>Mr\u00f3z i ch\u0142odne wiatry mog\u0105 nam bardzo dokuczy\u0107.<\/strong><!--more--><\/p>\n<p style=\"text-align: justify;\">Pogoda nale\u017cy do czynnik\u00f3w, nad kt\u00f3rymi ogrodnik nie jest w stanie praktycznie zapanowa\u0107. Cykliczne zimy i niespodziewane wiatry niszcz\u0105 niekt\u00f3re ro\u015bliny. Na przyk\u0142ad fuksje mog\u0105 by\u0107 powyginane lub po\u0142amane na powierzchni, ale pod ziemi\u0105 zachowaj\u0105 zdrowe p\u0119dy, kt\u00f3re wyrosn\u0105 zn\u00f3w za rok.<\/p>\n<p style=\"text-align: justify;\"><strong>Ostre mrozy\u00a0\u00a0\u00a0\u00a0\u00a0 <\/strong><\/p>\n<p style=\"text-align: justify;\">Przy utrzymuj\u0105cych si\u0119 silnych mrozach ziemia przemarza i zniszczeniu ulegaj\u0105 korzenie. Niekiedy to mr\u00f3z jest winien, ale bywa, \u017ce ro\u015blina po prostu nie mo\u017ce pobra\u0107 wody, gdy\u017c ta jest zamarzni\u0119ta. Cz\u0119sto zapominamy, \u017ce tak\u017ce zim\u0105 ro\u015bliny usychaj\u0105.<\/p>\n<p style=\"text-align: justify;\"><strong><img loading=\"lazy\" decoding=\"async\" class=\"alignright size-medium wp-image-6828\" src=\"http:\/\/www.info.sadowne.pl\/wp-content\/uploads\/2014\/11\/2014.11.10.3-300x200.jpg\" alt=\"2014.11.10.3\" width=\"300\" height=\"200\" srcset=\"https:\/\/info.sadowne.pl\/wp-content\/uploads\/2014\/11\/2014.11.10.3-300x200.jpg 300w, https:\/\/info.sadowne.pl\/wp-content\/uploads\/2014\/11\/2014.11.10.3.jpg 806w\" sizes=\"auto, (max-width: 300px) 100vw, 300px\" \/>Wp\u0142yw s\u0142o\u0144ca<\/strong><\/p>\n<p style=\"text-align: justify;\">Krzewy zazwyczaj lepiej znosz\u0105 zim\u0119 po gor\u0105cym, s\u0142onecznym lecie, kiedy to maj\u0105 szans\u0119 si\u0119 zahartowa\u0107. Ro\u015bliny zielne po wilgotnym i ch\u0142odnym lecie s\u0105 bardziej zagro\u017cone. Wszelkie obumar\u0142e lub zmarzni\u0119te cz\u0119\u015bci nad ziemi\u0105 powinni\u015bmy usun\u0105\u0107. Niekt\u00f3re ro\u015bliny zielne, zw\u0142aszcza te z rodziny liliowatych, raczej nie rozwin\u0105 wi\u0119cej li\u015bci, je\u015bli te zostan\u0105 zniszczone przez p\u00f3\u017ane przymrozki.<\/p>\n<p style=\"text-align: justify;\"><strong>Opady \u015bniegu<\/strong><\/p>\n<p style=\"text-align: justify;\">Pokrywa \u015bnie\u017cna, je\u015bli tylko swym ci\u0119\u017carem nie \u0142amie ro\u015bliny, mo\u017ce okaza\u0107 si\u0119 ca\u0142kiem po\u017cyteczna. \u015anieg jak ciep\u0142a czapa mo\u017ce chroni\u0107 ro\u015bliny przed zimnem. Wiele odmian wysokog\u00f3rskich, znosz\u0105cych ostre zimy, zgin\u0119\u0142oby na ni\u017cszych wysoko\u015bciach, gdzie by\u0142yby wystawione na dzia\u0142anie mrozu i wiatru. Wysoko w g\u00f3rach skuteczn\u0105 ochron\u0105 jest gruba warstwa \u015bniegu. Innym zagro\u017ceniem s\u0105 nag\u0142e ocieplenia, po kt\u00f3rych szybko nast\u0119puje ostra zima. Ro\u015bliny budz\u0105 si\u0119 do \u017cycia i nagle s\u0105 niszczone przez mr\u00f3z.<\/p>\n<p style=\"text-align: justify;\">\u015anieg mo\u017ce \u0142atwo po\u0142ama\u0107 samotne, pojedyncze drzewa oraz krzewy, zw\u0142aszcza te z d\u0142ugimi ga\u0142\u0119ziami, jakie maj\u0105 niekt\u00f3re ro\u015bliny iglaste. Odkszta\u0142cenia spowodowane zalegaj\u0105cym na ga\u0142\u0119ziach \u015bniegiem mog\u0105 si\u0119 okaza\u0107 trwa\u0142e. Po obfitych opadach warto wi\u0119c przy pomocy jakiego\u015b narz\u0119dzia zrzuca\u0107 tyle \u015bniegu, ile to mo\u017cliwe, zw\u0142aszcza z ga\u0142\u0119zi mocno uginaj\u0105cych si\u0119 pod jego ci\u0119\u017carem. Uszkodzone drzewa lub krzewy mo\u017cemy ratowa\u0107, usztywniaj\u0105c lub podwi\u0105zuj\u0105c ich nad\u0142amane ga\u0142\u0119zie przy pomocy zaizolowanego drutu, unikaj\u0105c w ten spos\u00f3b mechanicznych uszkodze\u0144 ga\u0142\u0119zi. Zabezpieczenie takie utrzymujemy do czasu, kiedy ro\u015blina odzyska pierwotny kszta\u0142t.<\/p>\n<p style=\"text-align: justify;\"><strong>Unikanie mrozu<\/strong><\/p>\n<p style=\"text-align: justify;\">Lokalne przymrozki s\u0105 cz\u0119sto spowodowane zimnym powietrzem, sp\u0142ywaj\u0105cym z wzniesie\u0144, a ch\u0142ody najd\u0142u\u017cej utrzymuj\u0105 si\u0119 w zag\u0142\u0119bieniach. Mo\u017cna jednak zahamowa\u0107 t\u0119 niszcz\u0105c\u0105 si\u0142\u0119 sadz\u0105c \u017cywop\u0142ot od strony cz\u0119sto wiej\u0105cych zim\u0105 wiatr\u00f3w. \u017bywop\u0142ot powinien by\u0107 posadzony w taki spos\u00f3b, aby u podstawy krzew\u00f3w powsta\u0142a wolna przestrze\u0144 w kszta\u0142cie odwr\u00f3conej litery V, dzi\u0119ki kt\u00f3rej zimne powietrze swobodnie przep\u0142ynie i nie uszkodzi \u017cywop\u0142otu, a jednocze\u015bnie wiatr wytraci pr\u0119dko\u015b\u0107.<\/p>\n<p style=\"text-align: justify;\"><strong><img loading=\"lazy\" decoding=\"async\" class=\"alignleft size-medium wp-image-6829\" src=\"http:\/\/www.info.sadowne.pl\/wp-content\/uploads\/2014\/11\/2014.11.10.4-300x200.jpg\" alt=\"2014.11.10.4\" width=\"300\" height=\"200\" srcset=\"https:\/\/info.sadowne.pl\/wp-content\/uploads\/2014\/11\/2014.11.10.4-300x200.jpg 300w, https:\/\/info.sadowne.pl\/wp-content\/uploads\/2014\/11\/2014.11.10.4.jpg 806w\" sizes=\"auto, (max-width: 300px) 100vw, 300px\" \/>Os\u0142anianie ro\u015blin<\/strong><\/p>\n<p style=\"text-align: justify;\">W czasie wyj\u0105tkowych ch\u0142od\u00f3w ro\u015bliny wra\u017cliwe na zimno mo\u017cemy ochroni\u0107 na kilka sposob\u00f3w. Jednym z nich mo\u017ce by\u0107 sadzenie ro\u015blin przy murkach lub ogrodzeniach skierowanych na po\u0142udnie. B\u0119d\u0105 one wtedy odbija\u0107 ciep\u0142o na ro\u015bliny. Opr\u00f3cz tego mo\u017cemy ro\u015bliny okrywa\u0107 warstw\u0105 s\u0142omy lub w\u0142\u00f3kniny, otuli\u0107 jut\u0105 lub foli\u0105, a rosn\u0105ce w pojemnikach, przenie\u015b\u0107 do ciep\u0142ego pomieszczenia. Nie zapominajmy te\u017c o przedzimowym pomalowaniu pni drzew wapnem, kt\u00f3re umo\u017cliwi unikni\u0119cie sp\u0119ka\u0144 kory w dni s\u0142oneczne i po nocnych mrozach.<\/p>\n<p style=\"text-align: justify;\"><strong>I dokarmiajmy ptaki!<\/strong><\/p>\n<p style=\"text-align: justify;\"><img loading=\"lazy\" decoding=\"async\" class=\"alignright size-medium wp-image-3713\" src=\"http:\/\/info.sadowne.pl\/wp-content\/uploads\/2013\/11\/2013.01.21.1-300x229.jpg\" alt=\"\" width=\"300\" height=\"229\" srcset=\"https:\/\/info.sadowne.pl\/wp-content\/uploads\/2013\/11\/2013.01.21.1-300x229.jpg 300w, https:\/\/info.sadowne.pl\/wp-content\/uploads\/2013\/11\/2013.01.21.1.jpg 793w\" sizes=\"auto, (max-width: 300px) 100vw, 300px\" \/>Je\u015bli zdecydujemy si\u0119 na ten krok, to musimy by\u0107 konsekwentni: musimy karmi\u0107 ptaki systematycznie (gdy ptaki si\u0119 przyzwyczaj\u0105 do karmienia, to b\u0119d\u0105 przylatywa\u0107 do karmnika i oczekiwa\u0107 na po\u017cywienie), przez ca\u0142\u0105 zim\u0119 (do marca), nie mo\u017cemy karmi\u0107 ptak\u00f3w chlebem (kwa\u015bnieje) i przyprawia\u0107 pokarmu, musimy stosowa\u0107 zawsze \u015bwie\u017cy pokarm \u2013 nasiona s\u0142onecznika, dyni, ziarna prosa itp.<\/p>\n<p style=\"text-align: justify;\">Miejsce karmienia ptak\u00f3w te\u017c musi by\u0107 specjalnie wybrane \u2013 z brakiem dost\u0119pu dla zwierz\u0105t domowych i odpowiednie dla \u201elotnik\u00f3w\u201d, bo przecie\u017c takimi s\u0105 nasze ptaki.<\/p>\n<p style=\"text-align: justify;\">Je\u015bli miejsce zosta\u0142o ju\u017c wybrane, to zastan\u00f3wmy si\u0119 jak b\u0119dzie wygl\u0105da\u0142a ta \u201eptasia sto\u0142\u00f3wka\u201d.\u00a0Oczywi\u015bcie ka\u017cdy z nas ma swoj\u0105 wizj\u0119 takiego \u201elokalu\u201d, ale czasami jest to ograniczone naszymi mo\u017cliwo\u015bciami \u2013 w domach i na dzia\u0142kach mo\u017cna wykorzysta\u0107 wiele miejsc, w tym szczeg\u00f3lnie takie, kt\u00f3re daj\u0105 p\u00f3\u017aniej mo\u017cliwo\u015b\u0107 prowadzenia obserwacji harcuj\u0105cych przy \u201esto\u0142\u00f3wce\u201d ptak\u00f3w. A wi\u0119c mog\u0105 to by\u0107 parapety okienne, balkony, ga\u0142\u0105zki drzew przydomowych lub specjalnie do tego celu stworzone konstrukcje.<\/p>\n<p style=\"text-align: justify;\"><strong>Tekst\/foto: <\/strong>S\u0142awek Chyli\u0144ski\u00a0( na podstawie: \u201eMagia ogrod\u00f3w\u201d)<\/p>\n","protected":false},"excerpt":{"rendered":"<p>Mr\u00f3z i ch\u0142odne wiatry mog\u0105 nam bardzo dokuczy\u0107.<\/p>\n","protected":false},"author":1,"featured_media":0,"comment_status":"open","ping_status":"open","sticky":false,"template":"","format":"standard","meta":{"footnotes":""},"categories":[5,414],"tags":[479,1032],"class_list":["post-6826","post","type-post","status-publish","format-standard","hentry","category-newsy","category-w-ogrodzie","tag-w-ogrodzie-2","tag-zima-w-ogrodzie"],"views":3479,"_links":{"self":[{"href":"https:\/\/info.sadowne.pl\/index.php?rest_route=\/wp\/v2\/posts\/6826","targetHints":{"allow":["GET"]}}],"collection":[{"href":"https:\/\/info.sadowne.pl\/index.php?rest_route=\/wp\/v2\/posts"}],"about":[{"href":"https:\/\/info.sadowne.pl\/index.php?rest_route=\/wp\/v2\/types\/post"}],"author":[{"embeddable":true,"href":"https:\/\/info.sadowne.pl\/index.php?rest_route=\/wp\/v2\/users\/1"}],"replies":[{"embeddable":true,"href":"https:\/\/info.sadowne.pl\/index.php?rest_route=%2Fwp%2Fv2%2Fcomments&post=6826"}],"version-history":[{"count":5,"href":"https:\/\/info.sadowne.pl\/index.php?rest_route=\/wp\/v2\/posts\/6826\/revisions"}],"predecessor-version":[{"id":19829,"href":"https:\/\/info.sadowne.pl\/index.php?rest_route=\/wp\/v2\/posts\/6826\/revisions\/19829"}],"wp:attachment":[{"href":"https:\/\/info.sadowne.pl\/index.php?rest_route=%2Fwp%2Fv2%2Fmedia&parent=6826"}],"wp:term":[{"taxonomy":"category","embeddable":true,"href":"https:\/\/info.sadowne.pl\/index.php?rest_route=%2Fwp%2Fv2%2Fcategories&post=6826"},{"taxonomy":"post_tag","embeddable":true,"href":"https:\/\/info.sadowne.pl\/index.php?rest_route=%2Fwp%2Fv2%2Ftags&post=6826"}],"curies":[{"name":"wp","href":"https:\/\/api.w.org\/{rel}","templated":true}]}}