{"id":7114,"date":"2014-12-04T17:41:11","date_gmt":"2014-12-04T16:41:11","guid":{"rendered":"http:\/\/www.infosadowne.boo.pl\/?p=7114"},"modified":"2015-12-09T19:02:22","modified_gmt":"2015-12-09T18:02:22","slug":"bruschetta-pomodoro","status":"publish","type":"post","link":"https:\/\/info.sadowne.pl\/?p=7114","title":{"rendered":"Bruschetta pomodoro"},"content":{"rendered":"<p style=\"text-align: justify;\"><strong><a href=\"http:\/\/www.info.sadowne.pl\/wp-content\/uploads\/2014\/12\/2014.12.04.1.jpg\" target=\"_blank\"><img loading=\"lazy\" decoding=\"async\" class=\"alignleft wp-image-7115 size-thumbnail\" src=\"http:\/\/www.info.sadowne.pl\/wp-content\/uploads\/2014\/12\/2014.12.04.1-180x130.jpg\" alt=\"2014.12.04.1\" width=\"180\" height=\"130\" \/><\/a>Na spotkanie z Miko\u0142ajem &#8211; szybko, prosto, smacznie.<\/strong><!--more--><\/p>\n<p style=\"text-align: justify;\">Proponujemy przepis na danie, kt\u00f3re zosta\u0142o ju\u017c wypr\u00f3bowane na zaj\u0119ciach Technikum \u017bywienia i Us\u0142ug Gastronomicznych w Sadownem. Jest \u0142atwe w przygotowaniu i smak &#8211; niespotykany. Polecamy!<\/p>\n<p style=\"text-align: justify;\"><span style=\"color: #0000ff;\"><strong><a href=\"http:\/\/www.info.sadowne.pl\/wp-content\/uploads\/2014\/12\/2014.12.04.2.jpg\" target=\"_blank\"><img loading=\"lazy\" decoding=\"async\" class=\"alignright wp-image-7116 size-medium\" src=\"http:\/\/www.info.sadowne.pl\/wp-content\/uploads\/2014\/12\/2014.12.04.2-300x198.jpg\" alt=\"2014.12.04.2\" width=\"300\" height=\"198\" srcset=\"https:\/\/info.sadowne.pl\/wp-content\/uploads\/2014\/12\/2014.12.04.2-300x198.jpg 300w, https:\/\/info.sadowne.pl\/wp-content\/uploads\/2014\/12\/2014.12.04.2.jpg 439w\" sizes=\"auto, (max-width: 300px) 100vw, 300px\" \/><\/a>Bruschetta pomodoro<\/strong><\/span><\/p>\n<p style=\"text-align: justify;\"><strong>Sk\u0142adniki na 6 porcji:<\/strong><\/p>\n<p style=\"text-align: justify;\">&#8211; 500 g pomidor\u00f3w, obrane, bez pestek, pokrojone w kostk\u0119,<\/p>\n<p style=\"text-align: justify;\">&#8211; 2 z\u0105bki czosnku ( zmia\u017cd\u017cone),<\/p>\n<p style=\"text-align: justify;\">&#8211; 1 \u0142y\u017cka posiekanej bazylii,<\/p>\n<p style=\"text-align: justify;\">&#8211; 100 ml oliwy z oliwek,<\/p>\n<p style=\"text-align: justify;\">&#8211; 200 g parmezanu (tarty),<\/p>\n<p style=\"text-align: justify;\">&#8211; bagietka.<\/p>\n<p style=\"text-align: justify;\"><strong>Spos\u00f3b przygotowania:<\/strong><\/p>\n<p style=\"text-align: justify;\">Bagietk\u0119 pokroi\u0107 na 1,5 cm plastry, skropi\u0107 oliw\u0105, wstawi\u0107 do piekarnika nagrzanego do 180<span style=\"font-size: 10.9090909957886px;\">\u00a0st.\u00a0<\/span>C na oko\u0142o 2 minuty.<\/p>\n<p style=\"text-align: justify;\">Pomidory i czosnek po\u0142\u0105czy\u0107, doprawi\u0107 sol\u0119 pieprzem i oliw\u0105 oraz bazyli\u0105. Grzanki u\u0142o\u017cy\u0107 na tacy, na nich wy\u0142o\u017cy\u0107 farsz z pomidor\u00f3w i posypa\u0107 serem. Tak przygotowane grzanki zapiec w piecu nagrzanym do 180 st.<sup>\u00a0<\/sup>C przez oko\u0142o 1 minut\u0119. Na talerz wyk\u0142ada\u0107 po 3 grzanki, pola\u0107 oliw\u0105 i\u00a0 udekorowa\u0107 zio\u0142ami.<\/p>\n<p style=\"text-align: justify;\"><strong><img loading=\"lazy\" decoding=\"async\" class=\"alignright size-full wp-image-7117\" src=\"http:\/\/www.info.sadowne.pl\/wp-content\/uploads\/2014\/12\/magiakuchni.jpg\" alt=\"magiakuchni\" width=\"273\" height=\"253\" \/>El\u017cbieta Rukat<\/strong><\/p>\n","protected":false},"excerpt":{"rendered":"<p>Na spotkanie z Miko\u0142ajem &#8211; szybko, prosto, smacznie.<\/p>\n","protected":false},"author":1,"featured_media":0,"comment_status":"open","ping_status":"open","sticky":false,"template":"","format":"standard","meta":{"footnotes":""},"categories":[5,181,1685],"tags":[1078,1046,139,254],"class_list":["post-7114","post","type-post","status-publish","format-standard","hentry","category-newsy","category-kulinaria","category-przystawki","tag-bruschetta-pomodoro","tag-elzbieta-rukat","tag-przepisy-kulinarne","tag-technikum-zywienia-i-uslug-gastronomicznych-w-sadownem"],"views":3140,"_links":{"self":[{"href":"https:\/\/info.sadowne.pl\/index.php?rest_route=\/wp\/v2\/posts\/7114","targetHints":{"allow":["GET"]}}],"collection":[{"href":"https:\/\/info.sadowne.pl\/index.php?rest_route=\/wp\/v2\/posts"}],"about":[{"href":"https:\/\/info.sadowne.pl\/index.php?rest_route=\/wp\/v2\/types\/post"}],"author":[{"embeddable":true,"href":"https:\/\/info.sadowne.pl\/index.php?rest_route=\/wp\/v2\/users\/1"}],"replies":[{"embeddable":true,"href":"https:\/\/info.sadowne.pl\/index.php?rest_route=%2Fwp%2Fv2%2Fcomments&post=7114"}],"version-history":[{"count":3,"href":"https:\/\/info.sadowne.pl\/index.php?rest_route=\/wp\/v2\/posts\/7114\/revisions"}],"predecessor-version":[{"id":7120,"href":"https:\/\/info.sadowne.pl\/index.php?rest_route=\/wp\/v2\/posts\/7114\/revisions\/7120"}],"wp:attachment":[{"href":"https:\/\/info.sadowne.pl\/index.php?rest_route=%2Fwp%2Fv2%2Fmedia&parent=7114"}],"wp:term":[{"taxonomy":"category","embeddable":true,"href":"https:\/\/info.sadowne.pl\/index.php?rest_route=%2Fwp%2Fv2%2Fcategories&post=7114"},{"taxonomy":"post_tag","embeddable":true,"href":"https:\/\/info.sadowne.pl\/index.php?rest_route=%2Fwp%2Fv2%2Ftags&post=7114"}],"curies":[{"name":"wp","href":"https:\/\/api.w.org\/{rel}","templated":true}]}}