{"id":7162,"date":"2014-12-08T17:22:17","date_gmt":"2014-12-08T16:22:17","guid":{"rendered":"http:\/\/www.infosadowne.boo.pl\/?p=7162"},"modified":"2020-04-24T18:18:48","modified_gmt":"2020-04-24T16:18:48","slug":"obejmujac-urzad-wojta","status":"publish","type":"post","link":"https:\/\/info.sadowne.pl\/?p=7162","title":{"rendered":"\u201eObejmuj\u0105c urz\u0105d W\u00f3jta\u2026\u201d"},"content":{"rendered":"<p style=\"text-align: justify;\"><strong><img loading=\"lazy\" decoding=\"async\" class=\"alignleft size-thumbnail wp-image-7163\" src=\"http:\/\/www.info.sadowne.pl\/wp-content\/uploads\/2014\/12\/2014.12.08.21-180x130.jpg\" alt=\"2014.12.08.2\" width=\"180\" height=\"130\" \/>8 grudnia w Sadownem odby\u0142a si\u0119 uroczysta Sesja Rady Gminy, podczas kt\u00f3rej z\u0142o\u017cy\u0142 \u015blubowanie W\u00f3jt Gminy Sadowne, p. Waldemar Cyran.<\/strong><!--more--><\/p>\n<p style=\"text-align: justify;\">Przedpo\u0142udniow\u0105 msz\u0105 \u015bwi\u0119t\u0105 w intencji Gminy Sadowne rozpocz\u0119to uroczysto\u015bci obj\u0119cia stanowiska W\u00f3jta Gminy Sadowne przez elekta, p. Waldemara Cyrana.<\/p>\n<p style=\"text-align: justify;\">Zwyczajowo, zwo\u0142ano II Sesj\u0119 Rady Gminy Sadowne, w trakcie kt\u00f3rej \u2013 w obecno\u015bci przedstawicieli w\u0142adz powiatu w\u0119growskiego, instytucji powiatowych i lokalnych oraz licznie przyby\u0142ej miejscowej spo\u0142eczno\u015bci \u2013 przedstawiciel Gminnej Komisji Wyborczej wr\u0119czy\u0142 p. W. Cyranowi za\u015bwiadczenie o wyborze na stanowisko W\u00f3jta Gminy Sadowne.<\/p>\n<p style=\"text-align: justify;\"><strong>\u201eObejmuj\u0105c urz\u0105d w\u00f3jta gminy Sadowne, uroczy\u015bcie \u015blubuj\u0119, \u017ce dochowam wierno\u015bci prawu, a powierzony mi urz\u0105d sprawowa\u0107 b\u0119d\u0119 tylko dla dobra publicznego i pomy\u015blno\u015bci mieszka\u0144c\u00f3w gminy Sadowne. Tak mi dopom\u00f3\u017c B\u00f3g.\u201d<\/strong> \u2013 s\u0142owami tymi, kt\u00f3re stanowi\u0105 tekst \u015blubowania, p. Waldemar Cyran potwierdzi\u0142 fakt obj\u0119cia stanowiska, a oficjalnie odebra\u0142 je w imieniu Rady Gminy p. Piotr Olkowski \u2013 Przewodnicz\u0105cy Rady.<\/p>\n<p style=\"text-align: justify;\">Wydarzenie to jest znacz\u0105ce dla spo\u0142eczno\u015bci Gminy Sadowne i otwiera \u201enowy rozdzia\u0142\u201d w historii Naszej Gminy, a wi\u0119c p. Waldemar Cyran, ju\u017c jako W\u00f3jt, podzi\u0119kowa\u0142 za otrzymane wsparcie, zwracaj\u0105c si\u0119 do obecnych:<\/p>\n<p style=\"text-align: justify;\"><em>\u201eWitam wszystkich przyby\u0142ych na t\u0119 uroczyst\u0105 Sesj\u0119 Rady Gminy Sadowne i jednocze\u015bnie pragn\u0119 podzi\u0119kowa\u0107 Pa\u0144stwu, \u017ce jeste\u015bcie razem ze mn\u0105 w tak wa\u017cnym dla mnie dniu. <\/em><\/p>\n<p style=\"text-align: justify;\"><em>Szanowni Pa\u0144stwo! Wol\u0105 wyborc\u00f3w w Gminie Sadowne na najbli\u017csze cztery lata zago\u015bci \u201eSzacunek do ludzi, wiary i tradycji. To has\u0142o towarzyszy\u0142o mi przez ostatnie cztery tygodnie, podczas spotka\u0144 z Wami. Dzi\u0119kuj\u0119 za liczny udzia\u0142 w wyborach, za odpowiedzialn\u0105 postaw\u0119, dzi\u0119ki kt\u00f3rej dzi\u015b mog\u0142em przed Pa\u0144stwem z\u0142o\u017cy\u0107 \u015blubowanie W\u00f3jta Gminy Sadowne. Dzi\u0119kuj\u0119 r\u00f3wnie\u017c za zaufanie jakim mnie obdarzyli\u015bcie, oddaj\u0105c na mnie sw\u00f3j g\u0142os. Obiecuj\u0119, \u017ce tego zaufania nie zawiod\u0119. B\u0119d\u0119 godnie i nale\u017cycie reprezentowa\u0142 Gmin\u0119 Sadowne oraz jej mieszka\u0144c\u00f3w.<\/em><\/p>\n<p style=\"text-align: justify;\"><em>Drodzy Pa\u0144stwo! Przed W\u00f3jtem, Rad\u0105 Gminy Sadowne jest wiele zada\u0144 do zrealizowania, zada\u0144 trudnych, ale nie niemo\u017cliwych do wykonania. Wierz\u0119, \u017ce przy dobrej wsp\u00f3\u0142pracy mo\u017cemy zrobi\u0107 wiele dobrego dla Naszej Gminy. Gmina Sadowne musi by\u0107 siln\u0105, aktywn\u0105 i otwart\u0105 na wsp\u00f3\u0142prac\u0119 z w\u0142adzami s\u0105siednich gmin, w\u0142adzami powiatu, w\u0142adzami wojew\u00f3dztwa i jako W\u00f3jt, dzi\u015b t\u0119 wsp\u00f3\u0142prac\u0119 deklaruj\u0119.<\/em><\/p>\n<p style=\"text-align: justify;\"><em>Jeszcze raz dzi\u0119kuj\u0119 wszystkim za przybycie, dobre s\u0142owo i wsparcie oraz zapewniam wszystkich, \u017ce Gmina Sadowne jest w dobrych r\u0119kach.\u201d<\/em><\/p>\n<p style=\"text-align: justify;\">A mniej oficjalnie, bardziej osobi\u015bcie \u2013 z ust W\u00f3jta pad\u0142y r\u00f3wnie\u017c s\u0142owa podzi\u0119kowania dla konkretnych os\u00f3b:<\/p>\n<p style=\"text-align: justify;\"><em>\u201emoim Rodzicom \u2013 to Wasza olbrzymia zas\u0142uga, \u017ce dzi\u015b staj\u0119 przed Wami jako W\u00f3jt, mojej \u017bonie Katarzynie \u2013 za okazan\u0105 cierpliwo\u015b\u0107 i prosz\u0119 o jeszcze, pani Irenie D\u0119bkowskiej i jej m\u0119\u017cowi Mieczys\u0142awowi, p. Andrzejowi Wrzoskowi, p. Markowi Zas\u0142onie, p. Tadeuszowi Danajowi, p. Ma\u0142gorzacie Zy\u015bk, Staro\u015bcie W\u0119growskiemu, p. Krzysztofowi Fedorczykowi, z kt\u00f3rego Komitetu Wyborczego startowa\u0142em w wyborach, oraz wszystkim Pa\u0144stwu, kt\u00f3rzy przyczynili\u015bcie si\u0119 do tego, \u017ce dzi\u015b jestem W\u00f3jtem Gminy Sadowne. Dzi\u0119kuj\u0119 Wam bardzo.\u201d<\/em><\/p>\n<p style=\"text-align: justify;\">Nast\u0119pnie \u201eposypa\u0142y\u201d si\u0119 gratulacje, s\u0142owa otuchy i wsparcia, tak\u017ce duchowego, ale i kwiaty oraz u\u015bmiechy zadowolenia i aprobaty \u201enowego\u201d, w kt\u00f3re wst\u0119puje Gmina Sadowne.<\/p>\n<p style=\"text-align: justify;\"><strong>Gratulujemy i \u017cyczymy powodzenia W\u00f3jtowi w zarz\u0105dzaniu Gmin\u0105. Liczymy na \u201eszacunek do ludzi, wiary i tradycji\u201d.<\/strong><\/p>\n<p><a href=\"https:\/\/photos.app.goo.gl\/USnALivW9sV5Ds3W7\" target=\"_blank\" rel=\"noopener noreferrer\"><strong>Zdj\u0119cia w galerii Google&gt;&gt;&gt;<\/strong><\/a><\/p>\n<p style=\"text-align: justify;\"><strong>Tekst\/foto:<\/strong> S\u0142awek Chyli\u0144ski<\/p>\n<p>&nbsp;<\/p>\n","protected":false},"excerpt":{"rendered":"<p>8 grudnia w Sadownem odby\u0142a si\u0119 uroczysta Sesja Rady Gminy, podczas kt\u00f3rej z\u0142o\u017cy\u0142 \u015blubowanie W\u00f3jt Gminy Sadowne, p. Waldemar Cyran.<\/p>\n","protected":false},"author":1,"featured_media":0,"comment_status":"open","ping_status":"open","sticky":false,"template":"","format":"standard","meta":{"footnotes":""},"categories":[5,41],"tags":[1077,1088,1033,614],"class_list":["post-7162","post","type-post","status-publish","format-standard","hentry","category-newsy","category-wiesci-gminne","tag-ii-sesja-rady-gminy-sadowne","tag-slubowanie-wojta-gminy-sadowne","tag-waldemar-cyran","tag-wojt-gminy-sadowne"],"views":4754,"_links":{"self":[{"href":"https:\/\/info.sadowne.pl\/index.php?rest_route=\/wp\/v2\/posts\/7162","targetHints":{"allow":["GET"]}}],"collection":[{"href":"https:\/\/info.sadowne.pl\/index.php?rest_route=\/wp\/v2\/posts"}],"about":[{"href":"https:\/\/info.sadowne.pl\/index.php?rest_route=\/wp\/v2\/types\/post"}],"author":[{"embeddable":true,"href":"https:\/\/info.sadowne.pl\/index.php?rest_route=\/wp\/v2\/users\/1"}],"replies":[{"embeddable":true,"href":"https:\/\/info.sadowne.pl\/index.php?rest_route=%2Fwp%2Fv2%2Fcomments&post=7162"}],"version-history":[{"count":3,"href":"https:\/\/info.sadowne.pl\/index.php?rest_route=\/wp\/v2\/posts\/7162\/revisions"}],"predecessor-version":[{"id":23292,"href":"https:\/\/info.sadowne.pl\/index.php?rest_route=\/wp\/v2\/posts\/7162\/revisions\/23292"}],"wp:attachment":[{"href":"https:\/\/info.sadowne.pl\/index.php?rest_route=%2Fwp%2Fv2%2Fmedia&parent=7162"}],"wp:term":[{"taxonomy":"category","embeddable":true,"href":"https:\/\/info.sadowne.pl\/index.php?rest_route=%2Fwp%2Fv2%2Fcategories&post=7162"},{"taxonomy":"post_tag","embeddable":true,"href":"https:\/\/info.sadowne.pl\/index.php?rest_route=%2Fwp%2Fv2%2Ftags&post=7162"}],"curies":[{"name":"wp","href":"https:\/\/api.w.org\/{rel}","templated":true}]}}