{"id":7328,"date":"2014-12-27T08:44:18","date_gmt":"2014-12-27T07:44:18","guid":{"rendered":"http:\/\/www.infosadowne.boo.pl\/?p=7328"},"modified":"2014-12-27T08:51:32","modified_gmt":"2014-12-27T07:51:32","slug":"polnische-und-rusische-banditen","status":"publish","type":"post","link":"https:\/\/info.sadowne.pl\/?p=7328","title":{"rendered":"\u201ePolnische und rusische Banditen\u201d"},"content":{"rendered":"<p style=\"text-align: justify;\"><strong><img loading=\"lazy\" decoding=\"async\" class=\"alignleft size-thumbnail wp-image-5637\" src=\"http:\/\/www.info.sadowne.pl\/wp-content\/uploads\/2014\/06\/ES.-113x130.jpg\" alt=\"ES.\" width=\"113\" height=\"130\" \/>Gwa\u0142t zadawany elementowi polskiemu \u2013 musia\u0142 by\u0107 odparty gwa\u0142tem. Innego wyj\u015bcia nie by\u0142o! <\/strong><!--more--><\/p>\n<p style=\"text-align: justify;\">Nar\u00f3d nasz mi\u0142uj\u0105cy swe prawa, a przede wszystkim wolno\u015b\u0107, nie m\u00f3g\u0142 si\u0119 pogodzi\u0107 z jawnie stosowan\u0105 przemoc\u0105, kt\u00f3ra z ka\u017cdym dniem stawa\u0142a si\u0119 sro\u017csza i okrutniejsza, a\u017c niebawem osi\u0105gn\u0119\u0142a swe szczytowe bestialstwo stosowane wg faszystowskich recept z nies\u0142ychanym barbarzy\u0144stwem, opartym na przemy\u015blanych metodach zmierzaj\u0105cych do biologicznego wyniszczenia Polak\u00f3w i wymazania ich odwiecznych praw terytorialnych z mapy wolnych narod\u00f3w Europy.<\/p>\n<p style=\"text-align: justify;\">Masowe egzekucje, \u0142apanki i ob\u0142awy, przepe\u0142nione wi\u0119zienia i zsy\u0142ka do oboz\u00f3w koncentracyjnych, wype\u0142nia\u0142y konsekwentnie zbrodniczy plan nowoczesnego, nie stosowanego nigdy przedtem i przez nikogo ludob\u00f3jstwa narod\u00f3w ujarzmionych przez ob\u0142\u0105kany hitleryzm.<\/p>\n<p style=\"text-align: justify;\">Takie post\u0119powanie znienawidzonego pr\u0119dko okupanta musia\u0142o obudzi\u0107 i wyzwoli\u0107 w narodzie ukryte si\u0142y wolno\u015bciowych pragnie\u0144 i d\u0105\u017ce\u0144, kt\u00f3re zawsze w chwilach tragicznych dla Polak\u00f3w wyrasta\u0142y ze zdwojon\u0105 si\u0142\u0105 i niepohamowan\u0105 \u017c\u0105dz\u0105 uwolnienia si\u0119 spod narzuconego si\u0142\u0105, brutalnego jarzma.<\/p>\n<p style=\"text-align: justify;\">G\u0142\u0119boko tkwi\u0105cy w duszach polskich narodowy patriotyzm i zwi\u0105zane z nim niepodzielnie gor\u0105ce umi\u0142owanie wolnej Ojczyzny, obudzi\u0142y si\u0119 niemal natychmiast po utracie bytu niepodleg\u0142ego i tak, jak przed wieloma dziesi\u0105tkami lat w zaborczej niewoli trzech s\u0105siad\u00f3w satrap\u00f3w \u2013 pchn\u0119\u0142y Polak\u00f3w do zakonspirowanej walki z przemoc\u0105.<\/p>\n<p style=\"text-align: justify;\">Smak \u015bwie\u017co utraconej wolno\u015bci narodowej, kt\u00f3rej Polacy zakosztowali przez okres zaledwie 20-tu lat, budzi\u0142 i pog\u0142\u0119bia\u0142 coraz bardziej nienawi\u015b\u0107 do brutalnego wroga, wyzwalaj\u0105c jednocze\u015bnie my\u015bli i pragnienia odwetu za doznane krzywdy.<\/p>\n<p style=\"text-align: justify;\">Budzi\u0142 si\u0119 w\u015br\u00f3d Polak\u00f3w spontaniczny, pe\u0142en ofiarno\u015bci i bezgranicznego oddania, ruch oporu, kt\u00f3ry z ka\u017cdym rokiem pog\u0142\u0119biaj\u0105cego si\u0119 kryzysu okupacyjnego przybiera\u0142 na sile, aby w nied\u0142ugim czasie przerodzi\u0107 si\u0119 w podziemn\u0105 armi\u0119 aktywnie walcz\u0105c\u0105 na wszystkich niemal odcinkach \u017cycia okupowanego narodu.<\/p>\n<p style=\"text-align: justify;\">Nie pozostawa\u0142 w tyle za innymi r\u00f3wnie\u017c i teren regionu sadowie\u0144skiego. Oczywi\u015bcie, \u017ce tak, jak i w organizowaniu ka\u017cdej dziedziny pracy, tak i tu nie od razu wszystko powstawa\u0142o i tworzy\u0142o si\u0119 w spos\u00f3b ca\u0142kowicie doskona\u0142y i zorganizowany. Obecno\u015b\u0107 czujnego na wszystko okupanta nakazywa\u0142a ostro\u017cno\u015b\u0107 w dzia\u0142aniu i pe\u0142n\u0105, bez \u017cadnych zastrze\u017ce\u0144 konspiracj\u0119 opart\u0105 na bezwzgl\u0119dnym pos\u0142usze\u0144stwie wobec organ\u00f3w organizacyjnych, dzia\u0142aj\u0105cych na bazie silnie podbudowanej tajemnicy wojskowej. Czujny na wszystko wr\u00f3g, pami\u0119taj\u0105c polski ruch oporu z poprzedniej wojny \u015bwiatowej, a w szczeg\u00f3lno\u015bci przykry dla niego akt rozbrojenia w 1918 r. \u2013 od razu, od pocz\u0105tku swej zaborczej dzia\u0142alno\u015bci, zastosowa\u0142 system policyjnych, krwawych rz\u0105d\u00f3w, oparty na bezprawiu, okrucie\u0144stwie i gwa\u0142cie zadawanym r\u0119koma krwawych i wyspecjalizowanych w swym straszliwym procederze zbir\u00f3w z gestapo, schultzpolizei albo hitlerowskich \u017candarm\u00f3w.<\/p>\n<p style=\"text-align: justify;\">Tak, jak ka\u017cda sprawa organizuj\u0105ca sw\u0105 prac\u0119 od podstaw, od element\u00f3w pocz\u0105tkowych, tak i organizowanie przysz\u0142ego ruchu oporu na ziemi sadowie\u0144skiej rozpoczyna\u0142o sw\u0105 dzia\u0142alno\u015b\u0107 od prymitywu stanowi\u0105cego fundamentaln\u0105 cz\u0119\u015b\u0107 przysz\u0142ej tajnej organizacji wojskowej. Nikt wtedy nie zastanawia\u0142 si\u0119 nad polityczn\u0105 stron\u0105 tej organizacji, kt\u00f3ra nawet w pocz\u0105tkowym stadium swego powstawania nie posiada\u0142a \u017cadnej nazwy \u2013 wa\u017cny by\u0142 tylko jedynie i wy\u0142\u0105cznie cel, do kt\u00f3rego mieli d\u0105\u017cy\u0107 zakonspirowani w niej cz\u0142onkowie. Celem wsp\u00f3lnym i jedynym by\u0142a nieprzejednana walka z wrogiem, kt\u00f3ry brutalnie odebra\u0142 narodowi wolno\u015b\u0107. Cel ten jednoczy\u0142 zdrowe i patriotyczne elementy obywatelskie regionu sadowie\u0144skiego, z kt\u00f3rego wed\u0142ug szacunkowych oblicze\u0144 nale\u017ca\u0142o p\u00f3\u017aniej do podziemia oko\u0142o 600 ludzi zakonspirowanych w szeregach wojskowej organizacji, jak r\u00f3wnie\u017c z ni\u0105 czynnie wsp\u00f3\u0142dzia\u0142aj\u0105cych.<\/p>\n<p style=\"text-align: justify;\">Dzia\u0142alno\u015b\u0107 przysz\u0142ej organizacji podziemnej rozpocz\u0119\u0142a si\u0119 bez nakazu, samorzutnie od zbierania broni porzuconej przez wojska polskie we wrze\u015bniu 1939 roku. Najwi\u0119cej by\u0142o jej w okolicznych lasach, do kt\u00f3rych przez d\u0142ugi czas okupant w obawie o sw\u0105 sk\u00f3r\u0119 nie zagl\u0105da\u0142 zupe\u0142nie.<\/p>\n<p style=\"text-align: justify;\">W miesi\u0105cach pa\u017adzierniku i listopadzie, po ca\u0142kowitym zako\u0144czeniu dzia\u0142a\u0144 wojennych, zbi\u00f3rk\u0105 broni i amunicji zaj\u0119li si\u0119 przyszli \u017co\u0142nierze armii podziemnej: Stanis\u0142aw Kowalczyk, Micha\u0142 i Wac\u0142aw Tomasikowie, Henryk Ma\u0142ki\u0144ski, Tadeusz Jankowski i inni. Ten bezcenny sprz\u0119t znoszony by\u0142 wed\u0142ug umowy w g\u0142\u0105b Jegla, gdzie w przygotowanych odpowiednio do\u0142ach sk\u0142adano go, przedtem odpowiednio konserwuj\u0105c i zabezpieczaj\u0105c przed okiem ludzkim. Wybrano na to miejsca niedost\u0119pne i ma\u0142o ucz\u0119szczane przez ludzi, aby zagwarantowa\u0107 bezpiecze\u0144stwo zakonspirowania ukrytej broni i amunicji oraz innego sprz\u0119tu wojskowego stanowi\u0105cego jak\u0105kolwiek przydatno\u015b\u0107 u\u017cytkow\u0105.<\/p>\n<p style=\"text-align: justify;\">Do ko\u0144ca roku 1939 nic poza tym nie dzia\u0142o si\u0119 w tym zakresie, tylko w ko\u0144cu grudnia sposobem przekazu ustnego i coraz cz\u0119\u015bciej ukazuj\u0105cych si\u0119 ju\u017c tajnych gazetek p.n. \u201ePolska \u017byje\u201d \u2013 dotar\u0142a do Sadownego hiobowa wie\u015b\u0107 o pierwszej krwawej masakrze ponad 100 mieszka\u0144c\u00f3w podwarszawskiego Wawra. Ten ha\u0144bi\u0105cy post\u0119pek krwawi\u0105cego si\u0119 ju\u017c w polskiej krwi okupanta poruszy\u0142 do g\u0142\u0119bi strapione serca obywateli Sadownego i okolic. To barbarzy\u0144skie wydarzenie wstrz\u0105sn\u0119\u0142o wszystkimi, poderwa\u0142o do wyczulonej ostro\u017cno\u015bci i nakazywa\u0142o nienawidzi\u0107 agresora, kt\u00f3ry rozpoczyna\u0142 swe panowanie od bestialskich mord\u00f3w na niewinnej ludno\u015bci cywilnej miast i wsi polskich.<\/p>\n<p style=\"text-align: justify;\"><strong>\u0179r\u00f3d\u0142o:\u00a0SADOWIE\u0143SKIE OBRAZY &#8211;\u00a0<\/strong>Zebrane wspomnienia z dawnego i bli\u017cszego \u017cycia Sadownego i okolic, Edward S\u00f3wka &#8211;\u00a0SADOWNE 1970<\/p>\n","protected":false},"excerpt":{"rendered":"<p>Gwa\u0142t zadawany elementowi polskiemu \u2013 musia\u0142 by\u0107 odparty gwa\u0142tem. Innego wyj\u015bcia nie by\u0142o!<\/p>\n","protected":false},"author":1,"featured_media":0,"comment_status":"open","ping_status":"open","sticky":false,"template":"","format":"standard","meta":{"footnotes":""},"categories":[5,841,31],"tags":[843,101,2288],"class_list":["post-7328","post","type-post","status-publish","format-standard","hentry","category-newsy","category-sadowienskie-obrazy","category-historia-gminy","tag-edward-sowka","tag-historia-gminy-sadowne","tag-sadowienskie-obrazy"],"views":3292,"_links":{"self":[{"href":"https:\/\/info.sadowne.pl\/index.php?rest_route=\/wp\/v2\/posts\/7328","targetHints":{"allow":["GET"]}}],"collection":[{"href":"https:\/\/info.sadowne.pl\/index.php?rest_route=\/wp\/v2\/posts"}],"about":[{"href":"https:\/\/info.sadowne.pl\/index.php?rest_route=\/wp\/v2\/types\/post"}],"author":[{"embeddable":true,"href":"https:\/\/info.sadowne.pl\/index.php?rest_route=\/wp\/v2\/users\/1"}],"replies":[{"embeddable":true,"href":"https:\/\/info.sadowne.pl\/index.php?rest_route=%2Fwp%2Fv2%2Fcomments&post=7328"}],"version-history":[{"count":1,"href":"https:\/\/info.sadowne.pl\/index.php?rest_route=\/wp\/v2\/posts\/7328\/revisions"}],"predecessor-version":[{"id":7329,"href":"https:\/\/info.sadowne.pl\/index.php?rest_route=\/wp\/v2\/posts\/7328\/revisions\/7329"}],"wp:attachment":[{"href":"https:\/\/info.sadowne.pl\/index.php?rest_route=%2Fwp%2Fv2%2Fmedia&parent=7328"}],"wp:term":[{"taxonomy":"category","embeddable":true,"href":"https:\/\/info.sadowne.pl\/index.php?rest_route=%2Fwp%2Fv2%2Fcategories&post=7328"},{"taxonomy":"post_tag","embeddable":true,"href":"https:\/\/info.sadowne.pl\/index.php?rest_route=%2Fwp%2Fv2%2Ftags&post=7328"}],"curies":[{"name":"wp","href":"https:\/\/api.w.org\/{rel}","templated":true}]}}