{"id":7429,"date":"2015-01-09T19:01:13","date_gmt":"2015-01-09T18:01:13","guid":{"rendered":"http:\/\/www.infosadowne.boo.pl\/?p=7429"},"modified":"2020-04-24T18:16:32","modified_gmt":"2020-04-24T16:16:32","slug":"piatkowy-wernisaz","status":"publish","type":"post","link":"https:\/\/info.sadowne.pl\/?p=7429","title":{"rendered":"Pi\u0105tkowy wernisa\u017c"},"content":{"rendered":"<p style=\"text-align: justify;\"><strong><img loading=\"lazy\" decoding=\"async\" class=\"alignleft size-thumbnail wp-image-7430\" src=\"http:\/\/www.info.sadowne.pl\/wp-content\/uploads\/2015\/01\/2015.01.09.40-180x130.jpg\" alt=\"??????????????????????\" width=\"180\" height=\"130\" \/>W pi\u0105tkowe popo\u0142udnie, 9 stycznia w Gminnym O\u015brodku Kultury w Sadownem otworzono wystaw\u0119 malarstwa<\/strong><strong>, <\/strong><strong>kt\u00f3r\u0105 zatytu\u0142owano \u201eImpresjonizm, kubizm, a mo\u017ce dadaizm\u2026\u201d.<\/strong><!--more--><\/p>\n<p style=\"text-align: justify;\">Tytu\u0142 tej wystawy zawiera nazwy niekt\u00f3rych kierunk\u00f3w w malarstwie, kt\u00f3re od wielu lat preferuj\u0105 bunt wobec konwencji w sztuce, a kt\u00f3re s\u0105 ch\u0119tnie kontynuowane przez wsp\u00f3\u0142czesnych tw\u00f3rc\u00f3w prac malarskich. Wizjonerstwo, wewn\u0119trzne odczucia i postrzeganie rzeczywisto\u015bci pozwala artystom na tworzenie prac &#8211; dzie\u0142, kt\u00f3re czasami mog\u0105 by\u0107 zaskoczeniem dla widza, ale jednocze\u015bnie zmuszaj\u0105 go do wyra\u017cenia swojej opinii o tym, co widzi i ewentualnych zamierzeniach tw\u00f3rcy. I tym razem obecni na wystawie, do\u015b\u0107 licznie przybyli go\u015bcie, mieli okazj\u0119 do wyostrzenia swojej wyobra\u017ani przy niekt\u00f3rych z prac malarskich. Ich powstaniu przy\u015bwieca\u0142 w\u0142a\u015bnie taki cel.<\/p>\n<p style=\"text-align: justify;\">Autorami prezentowanych obraz\u00f3w byli dwaj mieszka\u0144cy Sadownego. Jak m\u00f3wi\u0105 o sobie \u2013 s\u0105 amatorami, bez wykszta\u0142cenia w tym kierunku, chc\u0105cymi odwzorowa\u0107 na p\u0142\u00f3tnie otaczaj\u0105ce ich na co dzie\u0144 realne obrazy, ale te\u017c i te, powstaj\u0105ce w wyobra\u017ani.<\/p>\n<p style=\"text-align: justify;\">Dariusz G\u0105siorowski i S\u0142awomir Chyli\u0144ski \u2013 bo o nich w\u0142a\u015bnie mowa \u2013 ch\u0119tnie zgodzili si\u0119 na udost\u0119pnienie do wgl\u0105du swoich prac malarskich. Oni sami niewiele m\u00f3wili o sobie i o swojej \u201etw\u00f3rczo\u015bci\u201d, a zobowi\u0105zali p. Ew\u0119 Pi\u00f3rkowsk\u0105, kt\u00f3ra otwiera\u0142a wystaw\u0119, do odczytania kr\u00f3tkiego o\u015bwiadczenia:<\/p>\n<p style=\"text-align: justify;\">\u201eMy autorzy prezentowanych tu dzisiaj prac malarskich o\u015bwiadczamy, i\u017c dobrowolnie zgodzili\u015bmy si\u0119 na udzia\u0142 w tej wystawie. Nikt nas do tego nie zmusi\u0142, a naszym zamiarem nie jest wychwalanie si\u0119 swoim \u2013 uwaga powa\u017cne s\u0142owo \u2013 dorobkiem artystycznym, a jedynie promowanie sztuki w\u015br\u00f3d miejscowej spo\u0142eczno\u015bci, a tak\u017ce \u2013 ewentualnie &#8211; promowanie naszej Gminy na szerszym forum. Niech wystawa ta b\u0119dzie zach\u0119t\u0105 dla innych mieszka\u0144c\u00f3w naszej gminy do eksponowania swoich zainteresowa\u0144 szerszemu forum, bo z pewno\u015bci\u0105 po\u015br\u00f3d nas znajduje si\u0119 wiele os\u00f3b, kt\u00f3re w zaciszu domowym realizuj\u0105 swoje marzenia, zainteresowania, a efektem tego s\u0105 ciekawe prace lub zgromadzone zbiory. Tymczasem zapraszamy do ogl\u0105dania naszych \u201edzie\u0142\u201d \u2013 dodajemy, \u017ce nie znosimy krytyki, ale ch\u0119tnie odpowiemy na wszystkie pytania, je\u015bli tylko b\u0119dziemy potrafili\u201d.<\/p>\n<p style=\"text-align: justify;\">Po czym przyst\u0105piono do ogl\u0105dania wystawionych prac, a tak\u017ce pr\u00f3by wsp\u00f3lnego namalowania \u2013 obrazu.<\/p>\n<p style=\"text-align: justify;\"><strong>Wystawa b\u0119dzie czynna do 30 stycznia, tak wi\u0119c serdecznie zapraszamy do Gminnego O\u015brodka Kultury w Sadownem.<\/strong><\/p>\n<p><a href=\"https:\/\/photos.app.goo.gl\/mtSfE1STke1rmiUd9\" target=\"_blank\" rel=\"noopener noreferrer\"><strong>Zdj\u0119cia w galerii Google&gt;&gt;&gt;<\/strong><\/a><\/p>\n<p style=\"text-align: justify;\"><strong>Tekst: <\/strong>S\u0142awek Chyli\u0144ski<\/p>\n<p style=\"text-align: justify;\"><strong>Foto:<\/strong> Danuta Chyli\u0144ska<\/p>\n<p>&nbsp;<\/p>\n","protected":false},"excerpt":{"rendered":"<p>W pi\u0105tkowe popo\u0142udnie, 9 stycznia w Gminnym O\u015brodku Kultury w Sadownem otworzono wystaw\u0119 malarstwa, kt\u00f3r\u0105 zatytu\u0142owano \u201eImpresjonizm, kubizm, a mo\u017ce dadaizm\u2026\u201d.<\/p>\n","protected":false},"author":1,"featured_media":0,"comment_status":"open","ping_status":"open","sticky":false,"template":"","format":"standard","meta":{"footnotes":""},"categories":[5,91,6],"tags":[169,257],"class_list":["post-7429","post","type-post","status-publish","format-standard","hentry","category-newsy","category-gminny-osrodek-kultury","category-kultura-rozrywka-edukacja","tag-gminny-osrodek-kultury-w-sadownem","tag-wystawa-malarstwa-w-sadownem"],"views":2970,"_links":{"self":[{"href":"https:\/\/info.sadowne.pl\/index.php?rest_route=\/wp\/v2\/posts\/7429","targetHints":{"allow":["GET"]}}],"collection":[{"href":"https:\/\/info.sadowne.pl\/index.php?rest_route=\/wp\/v2\/posts"}],"about":[{"href":"https:\/\/info.sadowne.pl\/index.php?rest_route=\/wp\/v2\/types\/post"}],"author":[{"embeddable":true,"href":"https:\/\/info.sadowne.pl\/index.php?rest_route=\/wp\/v2\/users\/1"}],"replies":[{"embeddable":true,"href":"https:\/\/info.sadowne.pl\/index.php?rest_route=%2Fwp%2Fv2%2Fcomments&post=7429"}],"version-history":[{"count":4,"href":"https:\/\/info.sadowne.pl\/index.php?rest_route=\/wp\/v2\/posts\/7429\/revisions"}],"predecessor-version":[{"id":23290,"href":"https:\/\/info.sadowne.pl\/index.php?rest_route=\/wp\/v2\/posts\/7429\/revisions\/23290"}],"wp:attachment":[{"href":"https:\/\/info.sadowne.pl\/index.php?rest_route=%2Fwp%2Fv2%2Fmedia&parent=7429"}],"wp:term":[{"taxonomy":"category","embeddable":true,"href":"https:\/\/info.sadowne.pl\/index.php?rest_route=%2Fwp%2Fv2%2Fcategories&post=7429"},{"taxonomy":"post_tag","embeddable":true,"href":"https:\/\/info.sadowne.pl\/index.php?rest_route=%2Fwp%2Fv2%2Ftags&post=7429"}],"curies":[{"name":"wp","href":"https:\/\/api.w.org\/{rel}","templated":true}]}}