{"id":7437,"date":"2015-01-10T15:48:25","date_gmt":"2015-01-10T14:48:25","guid":{"rendered":"http:\/\/www.infosadowne.boo.pl\/?p=7437"},"modified":"2015-04-18T12:00:52","modified_gmt":"2015-04-18T10:00:52","slug":"polnische-und-rusische-banditen-cz-iii","status":"publish","type":"post","link":"https:\/\/info.sadowne.pl\/?p=7437","title":{"rendered":"\u201ePolnische und rusische Banditen\u201d \u2013 cz. III"},"content":{"rendered":"<p style=\"text-align: justify;\"><img loading=\"lazy\" decoding=\"async\" class=\"alignleft size-thumbnail wp-image-5637\" src=\"http:\/\/www.info.sadowne.pl\/wp-content\/uploads\/2014\/06\/ES.-113x130.jpg\" alt=\"ES.\" width=\"113\" height=\"130\" \/><strong>Wa\u017cnym czynnikiem w podtrzymywaniu \u015bwiadomo\u015bci narodowej oraz \u017ar\u00f3d\u0142em prawdziwej informacji politycznej i przebiegu dzia\u0142a\u0144 wojennych by\u0142a podziemna prasa konspiracyjna. <\/strong><!--more--><\/p>\n<p style=\"text-align: justify;\">Stanowi\u0142a ona w tych ci\u0119\u017ckich dla Polak\u00f3w chwilach rzetelny pokarm informacyjny, dzi\u0119ki kt\u00f3remu krzepi\u0142y si\u0119 strapione niewol\u0105 i uciskiem serca, o\u017cywiaj\u0105c jednocze\u015bnie nadzieje na nieuchronny koniec straszliwego wroga nie tylko Polak\u00f3w, lecz wielu lud\u00f3w Europy.<\/p>\n<p style=\"text-align: justify;\">Z ogromnym po\u015bwi\u0119ceniem dla tej sprawy pracowa\u0142a Bronis\u0142awa Czajkowa z Sadownego, dzi\u0119ki kt\u00f3rej ca\u0142y nasz region zaopatrywany by\u0142 regularnie w naj\u015bwie\u017csze wydania Biuletyn\u00f3w Informacyjnych. Dzielna ta niewiasta, mog\u0105ca sw\u0105 odwag\u0105 i bezprzyk\u0142adnym po\u015bwi\u0119ceniem zaimponowa\u0107 niejednemu m\u0119\u017cczy\u017anie, wykonywa\u0142a powierzone sobie zadanie z najwy\u017cszym spokojem i opanowaniem przewo\u017c\u0105c, pobieran\u0105 w um\u00f3wionym punkcie w Warszawie, tajn\u0105 pras\u0119, przewa\u017cnie w worku z obierzynami, na kt\u00f3re rzecz jasna nie rzucano nigdy \u017cadnych podejrze\u0144. Przywieziona przez Czajkow\u0105 prasa rozprowadzana by\u0142a przez zaufanych kolporter\u00f3w do wszystkich wsi naszego regionu.<\/p>\n<p style=\"text-align: justify;\">Jak dalece nienawidzi\u0142a Bronis\u0142awa Czajkowa zaborczych Niemc\u00f3w, mo\u017ce pos\u0142u\u017cy\u0107 autentyczny fakt jej oporu przeciw szeroko zakrojonej akcji wywozu si\u0142y roboczej na przymusowe prace do Rzeszy Niemieckiej. Zniewolona przez okupanta i wiernych mu s\u0142ugus\u00f3w do oddania swych dzieci na roboty do Niemiec \u2013 opar\u0142a si\u0119 temu odwa\u017cna kobieta i nie odda\u0142a ich na wyw\u00f3zk\u0119. Za tego rodzaju op\u00f3r rozebrano jej dom i zmuszono do tu\u0142ania si\u0119 po ludzkich k\u0105tach. Niczym to by\u0142o w por\u00f3wnaniu z jej odwag\u0105 i stanowczym przeciwstawieniem si\u0119 zarz\u0105dzeniu urz\u0119dnik\u00f3w Arbeitsamtu. Dzieci Czajkowej pozosta\u0142y, a dom powoli wr\u00f3ci\u0142 do pierwotnego stanu. Stanowczy op\u00f3r tej kobiety przeciw bezprawiu i przemocy by\u0142 przyk\u0142adem dla innych i dowodem nieugi\u0119to\u015bci matek polskich, broni\u0105cych swe dzieci przed ekspansywn\u0105 polityk\u0105 zaborcy, d\u0105\u017c\u0105cego do uczynienia z naszego narodu bezwolnych robot\u00f3w wprz\u0119gni\u0119tych w ko\u0142owr\u00f3t ci\u0119\u017ckich prac dla III Rzeszy.<\/p>\n<p style=\"text-align: justify;\">Podziemna armia czuwaj\u0105cych ludzi spe\u0142nia\u0142a w tych ci\u0119\u017ckich dla narodu chwilach rol\u0119 stabilizatora porz\u0105dku i \u0142adu wewn\u0119trznego \u2013 sprzecznego z hitlerowsk\u0105 administracj\u0105 i narzuconymi przemoc\u0105 rz\u0105dami krwawego zaborcy. Tylko pozornie Polska nie istnia\u0142a jako pa\u0144stwo, poniewa\u017c jej cia\u0142o zosta\u0142o w przygniataj\u0105cej walce zabite, ale istnia\u0142 duch buchaj\u0105cy zakonspirowanym \u017carem walki i pa\u0142aj\u0105cy \u017c\u0105dz\u0105 odwetu za zbrodni\u0119 dokonan\u0105 na ca\u0142ym narodzie. Duch ten podsycany energi\u0105 ludzi podziemia \u017cy\u0142 i oczekiwa\u0142 chwili aby jak Feniks z popio\u0142\u00f3w powsta\u0107 i przyoblec si\u0119 w nowe, inne ni\u017c przedtem cia\u0142o polityczne.<\/p>\n<p style=\"text-align: justify;\">Trzeba by\u0142o w tych ci\u0119\u017ckich dla naszego narodu dniach pr\u00f3by \u2013 wielkiego samozaparcia i zbiorowego, nadludzkiego niemal wysi\u0142ku wszystkich do pokonywania ogromnych trudno\u015bci niewolniczych narzuconych brutaln\u0105 r\u0119k\u0105 \u201eprzedstawicieli rasy pan\u00f3w\u201d. Nar\u00f3d nasz przybra\u0142 w owych trudnych dniach jakby dwa oblicza: jawne i tajne, kt\u00f3re w umiej\u0119tny i nie\u0142atwy spos\u00f3b trzeba by\u0142o umie\u0107 zsynchronizowa\u0107, aby zr\u0119cznie mog\u0142y wsp\u00f3\u0142dzia\u0142a\u0107 przeciw wrogowi. Niewidoczna i dobrze zakonspirowana armia podziemnych \u017co\u0142nierzy spe\u0142nia\u0142a olbrzymi\u0105 i skutecznie dzia\u0142aj\u0105c\u0105 rol\u0119 polskiej w\u0142adzy narodowej, reguluj\u0105cej mimo okrutnego terroru i represji trudne i nad wyraz ci\u0119\u017ckie \u017cycie zniewolonego narodu. \u017belazna wola walki a\u017c do ca\u0142kowitego zwyci\u0119stwa\u00a0 nie posz\u0142a na marne i osi\u0105gn\u0119\u0142a sw\u00f3j cel w postaci ca\u0142kowitego pogromu znienawidzonego wroga w roku 1945.<\/p>\n<p style=\"text-align: justify;\">Narodowa \u015bwiadomo\u015b\u0107 o istnieniu podziemnej w\u0142adzy polskiej dodawa\u0142a ducha, krzepi\u0142a i wlewa\u0142a otuch\u0119 w strapione serca polskie, b\u0119d\u0105c jednocze\u015bnie hamulcem dla, na szcz\u0119\u015bcie niewielkiej ilo\u015bci, kolaborant\u00f3w kumaj\u0105cych si\u0119 z Niemcami lub nawet, co gorsze, haniebnie z nimi wsp\u00f3\u0142pracuj\u0105cymi. Organa sprawiedliwo\u015bci podziemia polskiego regulowa\u0142y te sprawy i ostrzega\u0142y lekkomy\u015blnych lub pod\u0142ych przed surowymi konsekwencjami za wsp\u00f3\u0142dzia\u0142anie z wrogiem. Mimo to zdarza\u0142y si\u0119 niestety wypadki odosobnionych za\u015blepie\u0144 zdrajc\u00f3w nie godnych miana Polaka, kt\u00f3rzy nie pomni odpowiedzialno\u015bci przed narodem i histori\u0105, sprzedali swe us\u0142ugi wrogowi, ha\u0144bi\u0105c si\u0119 tym na zawsze.<\/p>\n<p style=\"text-align: justify;\">Surow\u0105 kar\u0119 za tak\u0105 wsp\u00f3\u0142prac\u0119 poni\u00f3s\u0142 dy\u017curny ruchu na stacji kolejowej w Sadownem, przyby\u0142y tu z nieznanych stron niejaki Bara\u0144ski. Wsp\u00f3\u0142dzia\u0142aj\u0105c gorliwie z \u017candarmami niemieckimi z Budzisk, informowa\u0142 ich o przewo\u017ceniu przez ludno\u015b\u0107 polsk\u0105 artyku\u0142\u00f3w \u017cywno\u015bciowych dla g\u0142oduj\u0105cej Warszawy. Intratnym bardzo musia\u0142 by\u0107 dla niego ten haniebny proceder, bo za ka\u017cd\u0105 nagonk\u0119 na zgromadzon\u0105 na stacji ludno\u015b\u0107 przed odjazdem poci\u0105gu otrzymywa\u0142 od swych mocodawc\u00f3w sute podarki pochodz\u0105ce z tych rabunk\u00f3w w postaci w\u0119dlin, mi\u0119sa, jaj i nabia\u0142u. Ostrzegany trzykrotnie przez organa podziemnej sprawiedliwo\u015bci o zaniechaniu pod\u0142ej roboty \u2013 nie us\u0142ucha\u0142 i musia\u0142 jako wr\u00f3g narodu ponie\u015b\u0107 zas\u0142u\u017con\u0105 kar\u0119. W czerwcu roku 1942 wracaj\u0105c z Sadownego do stacji rowerem oko\u0142o godziny 11 w po\u0142udnie pad\u0142 od kuli z lasu wymierzonej przez polsk\u0105 w\u0142adz\u0119 podziemn\u0105. Sko\u0144czy\u0142y si\u0119 po tym wypadku donosy do \u017candarm\u00f3w, zmala\u0142y ich naloty na stacj\u0119 w Sadownem. Sprawca ludzkiej krzywdy i polskich \u0142ez poni\u00f3s\u0142 zas\u0142u\u017con\u0105 kar\u0119 i okry\u0142 si\u0119 wieczn\u0105 ha\u0144b\u0105.<\/p>\n<p style=\"text-align: justify;\">Podobnie, za wsp\u00f3\u0142prac\u0119 przeciw Narodowi Polskiemu, zgin\u0119li: z P\u0142atkownicy przybysze Edmund Karnikowski z synem Zbigniewem w dniu \u2026..\/\u00a0\u00a0 \/19\u2026r. i z Bojan za Bugiem gajowy Czachor. Pierwsi dwaj wys\u0142ugiwali si\u0119 Schupo z Ostrowi Maz., a ten ostatni za wsp\u00f3\u0142dzia\u0142anie z niemieckim genera\u0142em w stanie spoczynku zamieszkuj\u0105cym w Broku. Wed\u0142ug relacji cz\u0142onk\u00f3w sadowie\u0144skiego podziemia Czachor przy\u0142apany zosta\u0142 na gor\u0105cym uczynku szpiegowania podczas pami\u0119tnego zrzutu broni i amunicji przez lotnika angielskiego w Wilczog\u0119bach. Nie umia\u0142 on wyt\u0142umaczy\u0107 si\u0119 przed \u017co\u0142nierzami konspiracyjnej armii, przejmuj\u0105cej zrzut, ze swojej niespodziewanej tam obecno\u015bci w zaro\u015blach, na wale przeciwpowodziowym w tej miejscowo\u015bci. Dziecinnie \u015bmiesznym by\u0142o jego wyja\u015bnianie, \u017ce znalaz\u0142 si\u0119 tu (o godzinie 1 w nocy) dla po\u017cyczenia rade\u0142ka od Eugeniusza Wycecha. Doprowadzony przez rozstawion\u0105 wok\u00f3\u0142 stra\u017c partyzanck\u0105 do dow\u00f3dztwa grupy operacyjnej przy przyjmowaniu zrzutu, na podstawie bezsprzecznych dowod\u00f3w i braku uzasadnienia z jego strony o obecno\u015bci akurat w tym czasie przy odbiorze zrzutu oraz innych niezbitych dowod\u00f3w wsp\u00f3\u0142pracy z wrogiem \u2013 zosta\u0142 na podstawie wyroku s\u0105du polowego, po oko\u0142o 2-godzinnej rozprawie, os\u0105dzony na kar\u0119 \u015bmierci. Wyrok zosta\u0142 wykonany jeszcze tej samej nocy.<\/p>\n<p style=\"text-align: justify;\"><strong>\u0179r\u00f3d\u0142o:\u00a0SADOWIE\u0143SKIE OBRAZY &#8211;\u00a0<\/strong>Zebrane wspomnienia z dawnego i bli\u017cszego \u017cycia Sadownego i okolic, Edward S\u00f3wka &#8211;\u00a0SADOWNE 1970<\/p>\n","protected":false},"excerpt":{"rendered":"<p>Wa\u017cnym czynnikiem w podtrzymywaniu \u015bwiadomo\u015bci narodowej oraz \u017ar\u00f3d\u0142em prawdziwej informacji politycznej i przebiegu dzia\u0142a\u0144 wojennych by\u0142a podziemna prasa konspiracyjna.<\/p>\n","protected":false},"author":1,"featured_media":0,"comment_status":"open","ping_status":"open","sticky":false,"template":"","format":"standard","meta":{"footnotes":""},"categories":[5,841,31],"tags":[843,101,2288],"class_list":["post-7437","post","type-post","status-publish","format-standard","hentry","category-newsy","category-sadowienskie-obrazy","category-historia-gminy","tag-edward-sowka","tag-historia-gminy-sadowne","tag-sadowienskie-obrazy"],"views":8343,"_links":{"self":[{"href":"https:\/\/info.sadowne.pl\/index.php?rest_route=\/wp\/v2\/posts\/7437","targetHints":{"allow":["GET"]}}],"collection":[{"href":"https:\/\/info.sadowne.pl\/index.php?rest_route=\/wp\/v2\/posts"}],"about":[{"href":"https:\/\/info.sadowne.pl\/index.php?rest_route=\/wp\/v2\/types\/post"}],"author":[{"embeddable":true,"href":"https:\/\/info.sadowne.pl\/index.php?rest_route=\/wp\/v2\/users\/1"}],"replies":[{"embeddable":true,"href":"https:\/\/info.sadowne.pl\/index.php?rest_route=%2Fwp%2Fv2%2Fcomments&post=7437"}],"version-history":[{"count":2,"href":"https:\/\/info.sadowne.pl\/index.php?rest_route=\/wp\/v2\/posts\/7437\/revisions"}],"predecessor-version":[{"id":7439,"href":"https:\/\/info.sadowne.pl\/index.php?rest_route=\/wp\/v2\/posts\/7437\/revisions\/7439"}],"wp:attachment":[{"href":"https:\/\/info.sadowne.pl\/index.php?rest_route=%2Fwp%2Fv2%2Fmedia&parent=7437"}],"wp:term":[{"taxonomy":"category","embeddable":true,"href":"https:\/\/info.sadowne.pl\/index.php?rest_route=%2Fwp%2Fv2%2Fcategories&post=7437"},{"taxonomy":"post_tag","embeddable":true,"href":"https:\/\/info.sadowne.pl\/index.php?rest_route=%2Fwp%2Fv2%2Ftags&post=7437"}],"curies":[{"name":"wp","href":"https:\/\/api.w.org\/{rel}","templated":true}]}}