{"id":7501,"date":"2015-01-15T12:42:35","date_gmt":"2015-01-15T11:42:35","guid":{"rendered":"http:\/\/www.infosadowne.boo.pl\/?p=7501"},"modified":"2015-01-15T12:42:35","modified_gmt":"2015-01-15T11:42:35","slug":"polnische-und-rusische-banditen-cz-iv","status":"publish","type":"post","link":"https:\/\/info.sadowne.pl\/?p=7501","title":{"rendered":"\u201ePolnische und rusische Banditen\u201d \u2013 cz. IV"},"content":{"rendered":"<p style=\"text-align: justify;\"><strong><img loading=\"lazy\" decoding=\"async\" class=\"alignleft size-thumbnail wp-image-5637\" src=\"http:\/\/www.info.sadowne.pl\/wp-content\/uploads\/2014\/06\/ES.-113x130.jpg\" alt=\"ES.\" width=\"113\" height=\"130\" \/>Nie by\u0142o innej kary dla kolaborant\u00f3w, zdrajc\u00f3w i sprzedawczyk\u00f3w Narodu Polskiego, <\/strong><!--more--><\/p>\n<p style=\"text-align: justify;\"><strong>kt\u00f3rzy nie pomni na wzgl\u0119dy polityczne i patriotyczne \u2013 woleli judaszowe srebrniki ni\u017c interesy j\u0119cz\u0105cej w niewoli Ojczyzny.<\/strong><\/p>\n<p style=\"text-align: justify;\">Te surowe, a jednocze\u015bnie zdecydowane i konsekwentnie dzia\u0142aj\u0105ce kroki podziemnej sprawiedliwo\u015bci wydawane w imieniu majestatu um\u0119czonej Polski, by\u0142y nie tylko wymiarem zas\u0142u\u017conej kary, lecz tak\u017ce hamulcem dla wielu takich Czachor\u00f3w i jemu podobnych.<\/p>\n<p style=\"text-align: justify;\">Niekt\u00f3rym jednak, mimo wielokrotnych ostrze\u017ce\u0144, podobne decyzje nie pomaga\u0142y&#8230; M\u0105ci\u0142o si\u0119 w nieszcz\u0119snej i g\u0142upawej g\u0142owie im\u0107 pana burgermeistra mniemanie o tym, \u017ce hitlerowcy pozostan\u0105 w Polsce na zawsze, a sprawa zrzucenia przez nar\u00f3d narzuconego jarzma niewoli, mia\u0142a by\u0107 jego zdaniem niemo\u017cliwa. W dodatku, wg osobistych przy kieliszku wynurze\u0144, mia\u0142 on solenne zapewnienie ze strony swego soko\u0142owskiego mocodawcy Grammsa o ca\u0142kowitej opiece nad nim w wypadku przegranej Niemc\u00f3w, a\u017c do wywiezienia go pod opieku\u0144cze skrzyd\u0142a hitlerowc\u00f3w nawet do vaterlandu. \/sic\/. S\u0142u\u017calczy, niemal lokajski stosunek tego p\u0142ytko my\u015bl\u0105cego cz\u0142owieka, uczyni\u0142 ze\u0144, mimo wielokrotnych ostrze\u017ce\u0144, zniewolone g\u0142upot\u0105, uleg\u0142e narz\u0119dzie w r\u0119kach okupanta.<\/p>\n<p style=\"text-align: justify;\">Jego zbytnia gorliwo\u015b\u0107 w wykonywaniu niemieckich zarz\u0105dze\u0144 przyprawi\u0142a nasz region w wiele tragicznych i k\u0142opotliwych wydarze\u0144 oraz posuni\u0119\u0107 natury administracyjno \u2013 gospodarczej, zawsze z korzy\u015bci\u0105 dla okupanta. Ze szczeg\u00f3ln\u0105 nienawi\u015bci\u0105 odnosi\u0142 si\u0119 ten cz\u0142owiek do cz\u0142onk\u00f3w sadowie\u0144skiego podziemia, nazywaj\u0105c ich w spos\u00f3b jawny \u201ebandyciakami\u201d. Zbyt jaskrawie wida\u0107 w tym by\u0142o wierne na\u015bladownictwo Wycecha wzi\u0119te z wzor\u00f3w gestapowsko \u2013 \u017candarmerskich, kt\u00f3rzy cz\u0142onk\u00f3w polskich organizacji konspiracyjnych nazywali \u201epolnische banditen\u201d (polscy bandyci). W ciasnej g\u0142owie tego kr\u00f3tkowzrocznego cz\u0142owieka nie mie\u015bci\u0142y si\u0119 poj\u0119cia o historycznej potrzebie, a nawet konieczno\u015bci istnienia ruchu oporu, a przeciwnie \u2013 uwa\u017ca\u0142, \u017ce we wszystkim zniewolony przemoc\u0105 nar\u00f3d winien okazywa\u0107 bezwzgl\u0119dne pos\u0142usze\u0144stwo i wype\u0142nia\u0107 bez szemrania wszystkie zarz\u0105dzenia okupanta. By\u0142 zdecydowanym i nieprzejednanym przeciwnikiem organizacji wolno\u015bciowych na co mog\u0105 pos\u0142u\u017cy\u0107 konkretne niezbite dowody:<\/p>\n<p style=\"text-align: justify;\">w roku 1943 przechwycono na poczcie w Sadownem przez zakonspirowanego tam \u017co\u0142nierza AK \u2013 list w\u00f3jta W. adresowany do \u017candarmerii w Budziskach, a zawieraj\u0105cy donos z wykazem imiennym wielu aktywnych cz\u0142onk\u00f3w sadowie\u0144skiej konspiracji,<\/p>\n<p style=\"text-align: justify;\">znalezienie przy nim osobistego notatnika, w kt\u00f3rym by\u0142y skrz\u0119tnie zapisane nazwiska cz\u0142onk\u00f3w AK z przybli\u017conym wykazem posiadanej broni,<\/p>\n<p style=\"text-align: justify;\">wg relacji naocznego \u015bwiadka, r\u00f3wnie\u017c w\u00f3jta, lecz zmobilizowanego w tajnej organizacji, na zebraniu w\u00f3jt\u00f3w w Soko\u0142owie zwo\u0142anym przez wata\u017ck\u0119 Grammsa i sutym po nim obiedzie przygotowanym specjalnie dla w\u00f3jt\u00f3w \u2013 sadowie\u0144ski w\u00f3jt po kilku g\u0142\u0119bszych kieliszkach, w ekstazie s\u0142u\u017calczego og\u0142upienia i chyba zupe\u0142nego postradania zmys\u0142\u00f3w, wznosi\u0142 toasty za zdrowie kata narod\u00f3w Europy Hitlera i Kreisshauptmanna Grammsa, za co by\u0142 przez urz\u0119dnik\u00f3w niemieckich gor\u0105co oklaskiwany, za\u015b przez samego starost\u0119 serdecznie za r\u0119ce \u015bciskany,<\/p>\n<p style=\"text-align: justify;\">za jego \u201etroskliwym wstawiennictwem\u201d zosta\u0142a w pocz\u0105tkach roku 1943 sprowadzona na nasze tereny gromada zbir\u00f3w z Feldgandarmerie z Latowicza k\/Mi\u0144ska Maz. dla ca\u0142kowitego wyniszczenia resztek ludno\u015bci \u017cydowskiej kryj\u0105cych si\u0119 w okolicznych lasach i wsiach. Po ka\u017cdej \u201eudanej akcji\u201d niemieckich siepaczy i masowym rozstrzeliwaniu nieszcz\u0119\u015bliwych odbywa\u0142y si\u0119 w tzw. \u201eHoteliku\u201d w Sadownem orgie pijackie z \u017candarmami, podczas kt\u00f3rych gromow\u0142adny w\u00f3jt che\u0142pi\u0142 si\u0119 powiedzonkami w stylu: \u201emo\u017ce wreszcie nasza gmina zostanie oczyszczona od zarazy \u017cydowskiej\u201d lub \u201ewreszcie uwolnimy si\u0119 od tych brudnych darmozjad\u00f3w\u201d itp.<\/p>\n<p style=\"text-align: justify;\">To chyba wystarczy aby, opr\u00f3cz niezliczonych innych dowod\u00f3w \u015bwiadcz\u0105cych o jego pod\u0142ym obliczu, mo\u017cna by\u0142o wyda\u0107 w\u0142a\u015bciwy i jedynie obiektywnie s\u0142uszny os\u0105d o szkodliwo\u015bci tego cz\u0142owieka. Poniewa\u017c ostrze\u017cenia nie odnosi\u0142y po\u017c\u0105danego skutku, a wr\u0119cz przeciwnie \u2013 wytwarza\u0142y w nim hardo\u015b\u0107 i niczym nie uzasadnion\u0105 pewno\u015b\u0107 dalszego niebezpiecznego dla elementu polskiego dzia\u0142ania, organa \u015bcigania zbrodni przeciw um\u0119czonej Ojczy\u017anie wyda\u0142y znany ju\u017c nam z poprzednich rozdzia\u0142\u00f3w wyrok w sprawie tego nieobliczalnego cz\u0142owieka.<\/p>\n<p style=\"text-align: justify;\">Zebrane tu dowody winy nie s\u0105 wytworem wyobra\u017ani lub osobistych niech\u0119ci w stosunku do jego osoby wynikaj\u0105cych cz\u0119sto z najr\u00f3\u017cniejszych sytuacji \u017cyciowych mi\u0119dzy lud\u017ami, lecz oparte s\u0105 na wiarygodnych o\u015bwiadczeniach wielu by\u0142ych cz\u0142onk\u00f3w sadowie\u0144skiej konspiracji, kt\u00f3rzy z tytu\u0142u przynale\u017cno\u015bci do niej doznali ze strony Wycecha wielu gorzkich przykro\u015bci, a\u017c do niechlubnego wyzywania ich \u201ebandyciakami\u201d. Mo\u017cna by mniema\u0107, \u017ce tak\u0105 nienawi\u015bci\u0105 pa\u0142a\u0142o kilka os\u00f3b, ale nie da si\u0119 pogodzi\u0107 z t\u0105 nienawi\u015bci\u0105 dziesi\u0105tk\u00f3w os\u00f3b, z kt\u00f3rymi przed napisaniem tych s\u0142\u00f3w autor specjalnie rozmawia\u0142. Nie ulega zreszt\u0105 najmniejszej w\u0105tpliwo\u015bci fakt, \u017ce po powrocie z niemieckiego wi\u0119zienia, kt\u00f3re che\u0142pliwie Wycech nazywa\u0142 \u201eseminarium\u201d, zmieni\u0142 si\u0119 ten cz\u0142owiek do niepoznania. Dodajmy do tego znamienne pytanie \u2013 dlaczego prze\u015bladowany niby wi\u0119zieniem w\u00f3jt, powr\u00f3ci\u0142 \u0142acno na to samo stanowisko?&#8230; Wiemy przecie\u017c, \u017ce z wi\u0119zie\u0144 niemieckich wraca\u0142o si\u0119 bardzo rzadko, a wr\u0119cz przeciwnie \u2013 trafia\u0142o si\u0119 do oboz\u00f3w zag\u0142ady, w kt\u00f3rych gin\u0119\u0142y setki, tysi\u0105ce, a nawet miliony ludzi. Okres \u201eurz\u0119dowania\u201d w\u00f3jta po powrocie z niemieckiego wi\u0119zienia nie przypomina\u0142 w niczym okresu poprzedzaj\u0105cego uwi\u0119zienie. By\u0142 to, trzeba powiedzie\u0107 z gorycz\u0105, nikczemny dla niego jako Polaka proceder s\u0142u\u017calczo\u015bci i p\u0142aszczenia si\u0119 wobec wroga.<\/p>\n<p style=\"text-align: justify;\">Istnieje jeszcze do dzi\u015b nieuzasadnione niczym mniemanie, \u017ce w\u00f3jt ten by\u0142 niewinnym i skazany zosta\u0142 na \u015bmier\u0107 przez jednostki opozycyjne w stosunku do niego. Najwy\u017cszy na to czas by wreszcie rozprawi\u0107 si\u0119 z tymi b\u0142\u0119dnymi rachubami, kt\u00f3re najcz\u0119\u015bciej oparte s\u0105 na nieznajomo\u015bci rzeczy i spraw z tamtych czas\u00f3w lub na p\u0142ytkich nieraz i niestety bardzo rzadkich dowodach rzekomej uprzejmo\u015bci tego cz\u0142owieka w wy\u015bwiadczaniu tanich us\u0142ug pomocniczych dla nielicznych jednostek potrzebuj\u0105cych tej pomocy w dobie ci\u0119\u017ckich czas\u00f3w wojennych. Je\u015bli nawet takie by\u0142y, to nigdy cena z\u0142a jakie wyrz\u0105dzi\u0142 Polsce i jej narodowi jest niewsp\u00f3\u0142miernie wy\u017csza od drobnych \u015bwiadcze\u0144, kt\u00f3rych zazdro\u015bnie sk\u0105pi\u0142 i kt\u00f3re z pewno\u015bci\u0105 nie wywodzi\u0142y si\u0119 z pobudek ani humanitarnych, ani te\u017c patriotycznych. Przede wszystkim nale\u017cy si\u0119 tu pozostaj\u0105cym w b\u0142\u0119dnym mniemaniu o tym kolaborancie wyja\u015bnienie, \u017ce wydawanie wyrok\u00f3w \u015bmierci na podobnych osobnik\u00f3w oraz ich wykonywanie nie le\u017ca\u0142o w gestii miejscowych dzia\u0142aczy podziemia, lecz prowadzone by\u0142o przez jednostki nadrz\u0119dne ze szczebla wy\u017cszego, dysponuj\u0105ce prawnie zorganizowanym i opartym na udokumentowanych przepisach specjalnie do tego powo\u0142anych organ\u00f3w \u015bcigania i sprawiedliwo\u015bci, zgodnych w swym post\u0119powaniu z kodeksem prawnym, wyst\u0119puj\u0105cym oskar\u017cycielem z urz\u0119du i faktycznymi obro\u0144cami oskar\u017conego.<\/p>\n<p style=\"text-align: justify;\">Do obowi\u0105zk\u00f3w organ\u00f3w podrz\u0119dnych nale\u017ca\u0142o tylko informowanie i dostarczanie materia\u0142\u00f3w dowodowych pochodz\u0105cych z bacznej i obiektywnej obserwacji terenu, a w nim dzia\u0142aj\u0105cych na szkod\u0119 Narodu Polskiego jednostek.<\/p>\n<p style=\"text-align: justify;\">Znani s\u0105 do dzi\u015b ludzie, kt\u00f3rzy dzia\u0142aj\u0105c w organach nadrz\u0119dnych organizacji konspiracyjnej celowo ku ewentualnemu opami\u0119taniu si\u0119 Wycecha powstrzymywali i op\u00f3\u017aniali zas\u0105dzenie go na surow\u0105 kar\u0119, lecz niestety dyktowane trze\u017awo\u015bci\u0105 i obywatelskim rozs\u0105dkiem ostrze\u017cenia nie odnosi\u0142y po\u017c\u0105danego skutku. Miara z\u0142a nagromadzonego przez tego za\u015blepionego i zadufanego w sobie cz\u0142owieka przebra\u0142a si\u0119 i sprawiedliwo\u015bci musia\u0142o si\u0119 sta\u0107 zado\u015b\u0107. Dla dobra sprawy i \u015brodowiska trzeba by\u0142o niestety jednostki takie usuwa\u0107, aby jeszcze bardziej nie pog\u0142\u0119bia\u0142y i tak ju\u017c ogromnego tragizmu jakiego dozna\u0142 nasz region w tych czasach.<\/p>\n<p style=\"text-align: justify;\">Nie ma i nie mo\u017ce by\u0107 usprawiedliwienia dla cz\u0142owieka, kt\u00f3ry ponad mi\u0142o\u015b\u0107 w\u0142asnego narodu, wsp\u00f3\u0142braci i los\u00f3w Ojczyzny, postawi\u0142 i wybra\u0142 uwielbienie jednego z najkrwawszych oprawc\u00f3w naszego narodu jakim by\u0142 hitleryzm. Pr\u00f3by pojedynczych, nieraz bardzo p\u0142ytkich usprawiedliwie\u0144 tego pysza\u0142ka, pozostaj\u0105cego w s\u0142u\u017cbie oberkata narod\u00f3w Hitlera, nie mog\u0105 by\u0107 \u017cadnymi dowodami, a rozsiewane s\u0105 najcz\u0119\u015bciej z nie\u015bwiadomo\u015bci i nieznajomo\u015bci istoty rzeczy. Karz\u0105ca d\u0142o\u0144 sprawiedliwo\u015bci musia\u0142a dosi\u0119gn\u0105\u0107 haniebnych czyn\u00f3w uprawianych wbrew woli narodu i na jego szkod\u0119, podwa\u017caj\u0105c trudne wojenne \u017cycie, a przede wszystkim honor jako rzecz naj\u015bwi\u0119tsz\u0105 ka\u017cdego dobrego Polaka.<\/p>\n<p style=\"text-align: justify;\"><strong>\u0179r\u00f3d\u0142o:\u00a0SADOWIE\u0143SKIE OBRAZY &#8211;\u00a0<\/strong>Zebrane wspomnienia z dawnego i bli\u017cszego \u017cycia Sadownego i okolic, Edward S\u00f3wka &#8211;\u00a0SADOWNE 1970<\/p>\n","protected":false},"excerpt":{"rendered":"<p>Nie by\u0142o innej kary dla kolaborant\u00f3w, zdrajc\u00f3w i sprzedawczyk\u00f3w Narodu Polskiego,<\/p>\n","protected":false},"author":1,"featured_media":0,"comment_status":"open","ping_status":"open","sticky":false,"template":"","format":"standard","meta":{"footnotes":""},"categories":[5,841,31],"tags":[843,101,2288],"class_list":["post-7501","post","type-post","status-publish","format-standard","hentry","category-newsy","category-sadowienskie-obrazy","category-historia-gminy","tag-edward-sowka","tag-historia-gminy-sadowne","tag-sadowienskie-obrazy"],"views":3479,"_links":{"self":[{"href":"https:\/\/info.sadowne.pl\/index.php?rest_route=\/wp\/v2\/posts\/7501","targetHints":{"allow":["GET"]}}],"collection":[{"href":"https:\/\/info.sadowne.pl\/index.php?rest_route=\/wp\/v2\/posts"}],"about":[{"href":"https:\/\/info.sadowne.pl\/index.php?rest_route=\/wp\/v2\/types\/post"}],"author":[{"embeddable":true,"href":"https:\/\/info.sadowne.pl\/index.php?rest_route=\/wp\/v2\/users\/1"}],"replies":[{"embeddable":true,"href":"https:\/\/info.sadowne.pl\/index.php?rest_route=%2Fwp%2Fv2%2Fcomments&post=7501"}],"version-history":[{"count":1,"href":"https:\/\/info.sadowne.pl\/index.php?rest_route=\/wp\/v2\/posts\/7501\/revisions"}],"predecessor-version":[{"id":7502,"href":"https:\/\/info.sadowne.pl\/index.php?rest_route=\/wp\/v2\/posts\/7501\/revisions\/7502"}],"wp:attachment":[{"href":"https:\/\/info.sadowne.pl\/index.php?rest_route=%2Fwp%2Fv2%2Fmedia&parent=7501"}],"wp:term":[{"taxonomy":"category","embeddable":true,"href":"https:\/\/info.sadowne.pl\/index.php?rest_route=%2Fwp%2Fv2%2Fcategories&post=7501"},{"taxonomy":"post_tag","embeddable":true,"href":"https:\/\/info.sadowne.pl\/index.php?rest_route=%2Fwp%2Fv2%2Ftags&post=7501"}],"curies":[{"name":"wp","href":"https:\/\/api.w.org\/{rel}","templated":true}]}}