{"id":7568,"date":"2015-01-26T09:24:15","date_gmt":"2015-01-26T08:24:15","guid":{"rendered":"http:\/\/www.infosadowne.boo.pl\/?p=7568"},"modified":"2020-04-24T18:12:00","modified_gmt":"2020-04-24T16:12:00","slug":"bal-nad-balami","status":"publish","type":"post","link":"https:\/\/info.sadowne.pl\/?p=7568","title":{"rendered":"Bal nad balami&#8230;"},"content":{"rendered":"<p style=\"text-align: justify;\"><strong><img loading=\"lazy\" decoding=\"async\" class=\"alignleft size-full wp-image-839\" src=\"http:\/\/www.info.sadowne.pl\/wp-content\/uploads\/2013\/01\/wichersadowne.jpg\" alt=\"wichersadowne\" width=\"150\" height=\"150\" \/>Tysi\u0105c lat przeminie, tradycja nie zginie \u2013 WICHER to w\u0142a\u015bnie my!<\/strong><!--more--><\/p>\n<p style=\"text-align: justify;\">24 stycznia w Gminnej Hali Sportowej w Sadownem odby\u0142 si\u0119 I Bal Charytatywny na rzecz Klubu Sportowego \u201eWicher\u201d Sadowne. Tego dnia i w jednym miejscu zebra\u0142a si\u0119 masa ludzi, kt\u00f3rzy w zamiarze mieli uczestniczy\u0107 w balu karnawa\u0142owym, a jednocze\u015bnie wesprze\u0107 szczytny cel \u2013 dalsz\u0105 dzia\u0142alno\u015b\u0107 lokalnego Klubu Sportowego, jakim jest sadowie\u0144ski \u201eWicher\u201d.<\/p>\n<p style=\"text-align: justify;\">Przygotowanej oprawy tej imprezy nie powstydziliby si\u0119 organizatorzy znanych z medi\u00f3w gali mistrz\u00f3w sportu. Ju\u017c na wst\u0119pie uczestnicy balu mieli okazj\u0119 zapozna\u0107 si\u0119 z osi\u0105gni\u0119ciami \u201eWichra\u201d, co potwierdza\u0142y wyeksponowane puchary, medale i dyplomy, kt\u00f3re w ostatnich latach zgromadzi\u0142y dru\u017cyny i zawodnicy naszego Klubu. Prowadz\u0105cy t\u0119 imprez\u0119, p. Kamil Koro\u015b w kilku s\u0142owach powiedzia\u0142 o przesz\u0142o\u015bci, tera\u017aniejszo\u015bci i przysz\u0142o\u015bci \u201ebia\u0142o-zielonych\u201d.<\/p>\n<p style=\"text-align: justify;\"><em>Klub Sportowy \u201eWicher\u201d Sadowne zosta\u0142 utworzony 22 lutego 2009 r., lecz tradycjami i nazw\u0105 nawi\u0105zuje do powsta\u0142ego w 1956 r. w Sadownem KS-u \u201eWicher\u201d. Prezesem \u00f3wczesnego Klubu zosta\u0142 Profesor LO Mieczys\u0142aw Chmielewski, kt\u00f3ry m.in. trenowa\u0142 LZS, a na prze\u0142omie lat 70 i 80 wyst\u0119puj\u0105cy w rozgrywkach OZPN Siedlce Klub Sportowy LKS \u201eSilikaty\u201d Sadowne. Profesor Chmielewski wraz z \u017con\u0105 Halin\u0105, a p\u00f3\u017aniej tak\u017ce Profesorem Jerzym Paruszkiewiczem, przez ponad 30 lat sprawiali, \u017ce sportowcy z Sadownego wygrywali zawody wojew\u00f3dzkie, a nawet zajmowali czo\u0142owe lokaty w imprezach og\u00f3lnopolskich i mi\u0119dzynarodowych w takich dyscyplinach, jak: lekkoatletyka, gimnastyka artystyczna, biegi prze\u0142ajowe, biegi narciarskie, strzelectwo, tr\u00f3jb\u00f3j obronny, czy te\u017c biathlon. Od roku 1981 KS \u201eWicher\u201d zawiesi\u0142 swoj\u0105 dzia\u0142alno\u015b\u0107. Ponownie Klub zosta\u0142 reaktywowany w roku 2009 (zebranie za\u0142o\u017cycielskie). Pierwszym Prezesem Klubu zosta\u0142 p. Kamil Koro\u015b, po nim t\u0119 funkcj\u0119 sprawowali jeszcze: p. Tadeusz Kobus i p. Sebastian Kowalczyk. Obecnie funkcj\u0119 Prezesa Klubu pe\u0142ni p. Emil Filipiak, a zast\u0119pc\u0105 jest p. Sebastian Kowalczyk. Od 2010 r. seniorzy KS \u201eWicher\u201d walcz\u0105 w rozgrywkach OZPN Siedlce, dru\u017cyny juniorskie wyst\u0119puj\u0105 w swoich odpowiednikach ligowych. W klasie B grali\u015bmy przez 3 sezony. W 2012 r. awansowali\u015bmy do rozgrywek w klasie A i do dzi\u015b w tej lidze walczymy. KS \u201eWicher\u201d zrzesza dzi\u015b oko\u0142o 80 pi\u0142karzy. S\u0105 to: dru\u017cyna seniorska (trenerem jest p. Tomasz Tyszka) i 3 dru\u017cyny m\u0142odzie\u017cowe \u2013 Juniorzy U-19 (trener p. Rafa\u0142 Wyszomirski), Trampkarze U-15 (trener p. Sebastian Kowalczyk) i M\u0142odziki U-13 (trener p. Maciej Ojdana). Nale\u017cy r\u00f3wnie\u017c wspomnie\u0107 o sekcji siatkarskiej, kt\u00f3ra godnie reprezentuje barwy klubowe, bior\u0105c czynny udzia\u0142 w rozgrywkach Ligi Pi\u0142ki Siatkowej w Ostrowi Mazowieckiej oraz na r\u00f3\u017cnego rodzaju turniejach. Sekcja liczy 20 siatkarzy. Plany na przysz\u0142o\u015b\u0107 mamy ciekawe i ambitne &#8211; z pomoc\u0105 w\u0142adz lokalnych, przedsi\u0119biorc\u00f3w oraz wszystkich \u017cyczliwych nam mieszka\u0144c\u00f3w cel powinien zosta\u0107 osi\u0105gni\u0119ty (budowa stadionu, szkolenie m\u0142odzie\u017cy na wysokim poziomie, czego efektem ma by\u0107 podniesienie poziomu sportowego oraz infrastrukturalnego naszego Klubu). Dzi\u015b jeste\u015bmy dumni i szcz\u0119\u015bliwi z organizacji tego uroczystego balu, przyszed\u0142 w ko\u0144cu czas, aby podzi\u0119kowa\u0107 i obdarowa\u0107 pami\u0105tkowymi statuetkami osoby, kt\u00f3re w\u0142o\u017cy\u0142y mn\u00f3stwo pracy w rozw\u00f3j KS \u201eWicher\u201d.<\/em><\/p>\n<p style=\"text-align: justify;\"><strong>Nic doda\u0107, nic uj\u0105\u0107.<\/strong> Kilka s\u0142\u00f3w na temat wsp\u00f3\u0142dzia\u0142ania Klubu i lokalnego samorz\u0105du us\u0142yszeli\u015bmy z ust obecnego na balu W\u00f3jta Gminy Sadowne p. Waldemara Cyrana, a nast\u0119pnie statuetki, wr\u0119czane przez Prezesa KS \u201eWicher\u201d p. Emila Filipiaka i prowadz\u0105cego imprez\u0119 p. Kamila, trafi\u0142y do r\u0105k zas\u0142u\u017conych \u2013 pp. Ryszarda Wardy, Micha\u0142a Jaszczy\u0144skiego, Sebastiana Kowalczyka, Kamila Korosia. Statuetki przyznano te\u017c p. Tadeuszowi Kobusowi i p. Krzysztofowi Karasiowi, kt\u00f3rzy jednak nie mogli ich osobi\u015bcie odebra\u0107.<\/p>\n<p style=\"text-align: justify;\">Prowadz\u0105cy nie zapomnieli te\u017c podzi\u0119kowa\u0107 darczy\u0144com, kt\u00f3rzy od kilku lat staraj\u0105 si\u0119 wspiera\u0107 dzia\u0142alno\u015b\u0107 Klubu. W\u015br\u00f3d najbardziej zas\u0142u\u017conych w tym zakresie znajduj\u0105 si\u0119 m.in.: pp. Robert Zawadzki, Ryszard Zawadzki, Grzegorz Opieka, Dariusz Nowak, Jaros\u0142aw Matusik, ks. Stanis\u0142aw Wojciechowski, Marek Gajewski, Piotr Filipiak, Mariusz Krysik, Roman J\u00f3\u017awik, a tak\u017ce Market Budowlany \u201eSadpol\u201d, firma \u201eKartronica\u201d \u2013 Rembelszczyzna i Oddzia\u0142 Powiatowego Banku Sp\u00f3\u0142dzielczego w Sadownem.<\/p>\n<p style=\"text-align: justify;\">Cz\u0119\u015b\u0107 oficjaln\u0105 u\u015bwietni\u0142 r\u00f3wnie\u017c swoim wyst\u0119pem M\u0142odzie\u017cowy Zesp\u00f3\u0142 Taneczny, w sk\u0142ad kt\u00f3rego wchodz\u0105 tegoroczni maturzy\u015bci miejscowego Zespo\u0142u Szk\u00f3\u0142 Ponadgimnazjalnych. M\u0142odzie\u017c zaprezentowa\u0142a walca, kt\u00f3rego uk\u0142ad zosta\u0142 przygotowany przez opiekun\u00f3w Zespo\u0142u, pa\u0144stwa Miros\u0142aw\u0119 i Marka Renik\u00f3w.<\/p>\n<p style=\"text-align: justify;\"><strong>No c\u00f3\u017c, ale przecie\u017c to by\u0142 bal.<\/strong> Owszem \u2013 potem ju\u017c by\u0142y ta\u0144ce, ta\u0144ce, ta\u0144ce\u2026 do przeboj\u00f3w r\u00f3\u017cnych dekad wykonywanych przez Zesp\u00f3\u0142 Muzyczny \u201eAKORD\u201d. Natomiast obs\u0142ug\u0119 techniczn\u0105 imprezy charytatywnie zagwarantowa\u0142a firma &#8222;Soundstream&#8221; p. Paw\u0142a Zy\u015bka. Oczywi\u015bcie te\u017c potrawy \u2013 swoim kunsztem kulinarnym mog\u0142o wykaza\u0107 si\u0119 sadowie\u0144skie Technikum \u017bywienia i Us\u0142ug Gastronomicznych, kt\u00f3re pod okiem instruktorek pp. El\u017cbiety Rukat i Marii Dobies przygotowa\u0142o i wykona\u0142o menu oraz zadba\u0142o o fachow\u0105 i estetyczn\u0105 form\u0119 jego podania.<\/p>\n<p style=\"text-align: justify;\">Ale jeszcze w mi\u0119dzyczasie nie zabrak\u0142o te\u017c g\u0142\u00f3wnego akcentu tego spotkania \u2013 gromadzenia funduszy na bie\u017c\u0105c\u0105 dzia\u0142alno\u015b\u0107 Klubu. Zainteresowani mogli zakupi\u0107 przekazane przez darczy\u0144c\u00f3w obrazy, wyroby z gliny, ksi\u0105\u017cki oraz specjalnie na t\u0119 okazj\u0119 wytworzone gad\u017cety z barwami i herbem KS \u201eWicher\u201d w postaci koszulek i kubk\u00f3w. Pojawi\u0142a si\u0119 te\u017c nowa forma dzia\u0142alno\u015bci klubowej \u2013 rozgrywki pi\u0142ki no\u017cnej pa\u0144. Tym razem w rol\u0119 zawodniczek wcieli\u0142y si\u0119 uczestniczki balu, kt\u00f3re z zapa\u0142em rywalizowa\u0142y na \u2013 \u201eparkiecie\u201d. Mo\u017ce warto przemy\u015ble\u0107 utworzenie takiej dru\u017cyny, bo zapa\u0142 i ch\u0119ci ju\u017c s\u0105. Szkoda tylko, \u017ce nie dosz\u0142o do wymiany koszulek po zako\u0144czonym meczu!<\/p>\n<p style=\"text-align: justify;\"><strong>Podsumujmy <\/strong>\u2013 I Bal Charytatywny w Sadownem uda\u0142 si\u0119 w 100. procentach. Chyba wszyscy jego uczestnicy to potwierdz\u0105. Mo\u017ce ranga balu pozwoli na zmian\u0119 jego nazwy na Gal\u0119 Sportu \u2013 sadowie\u0144skiego sportu.<\/p>\n<p style=\"text-align: justify;\"><strong>A dla Klubu?<\/strong> Wszystkiego dobrego i dalszych sukces\u00f3w w reprezentowanych dziedzinach sportu.<\/p>\n<p><a href=\"https:\/\/photos.app.goo.gl\/Vf3K5VtCsoQM5Az29\" target=\"_blank\" rel=\"noopener noreferrer\"><strong>Zdj\u0119cia w galerii Google&gt;&gt;&gt;<\/strong><\/a><\/p>\n<p style=\"text-align: justify;\"><strong>Tekst\/foto:<\/strong> S\u0142awek Chyli\u0144ski<\/p>\n<p>&nbsp;<\/p>\n","protected":false},"excerpt":{"rendered":"<p>Tysi\u0105c lat przeminie, tradycja nie zginie \u2013 WICHER to w\u0142a\u015bnie my!<\/p>\n","protected":false},"author":1,"featured_media":0,"comment_status":"open","ping_status":"open","sticky":false,"template":"","format":"standard","meta":{"footnotes":""},"categories":[5,2140,7],"tags":[1144,610],"class_list":["post-7568","post","type-post","status-publish","format-standard","hentry","category-newsy","category-inne-ogloszenia-sport","category-sport","tag-i-bal-charytatywny-w-sadownem","tag-ks-wicher-sadowne"],"views":4967,"_links":{"self":[{"href":"https:\/\/info.sadowne.pl\/index.php?rest_route=\/wp\/v2\/posts\/7568","targetHints":{"allow":["GET"]}}],"collection":[{"href":"https:\/\/info.sadowne.pl\/index.php?rest_route=\/wp\/v2\/posts"}],"about":[{"href":"https:\/\/info.sadowne.pl\/index.php?rest_route=\/wp\/v2\/types\/post"}],"author":[{"embeddable":true,"href":"https:\/\/info.sadowne.pl\/index.php?rest_route=\/wp\/v2\/users\/1"}],"replies":[{"embeddable":true,"href":"https:\/\/info.sadowne.pl\/index.php?rest_route=%2Fwp%2Fv2%2Fcomments&post=7568"}],"version-history":[{"count":4,"href":"https:\/\/info.sadowne.pl\/index.php?rest_route=\/wp\/v2\/posts\/7568\/revisions"}],"predecessor-version":[{"id":23286,"href":"https:\/\/info.sadowne.pl\/index.php?rest_route=\/wp\/v2\/posts\/7568\/revisions\/23286"}],"wp:attachment":[{"href":"https:\/\/info.sadowne.pl\/index.php?rest_route=%2Fwp%2Fv2%2Fmedia&parent=7568"}],"wp:term":[{"taxonomy":"category","embeddable":true,"href":"https:\/\/info.sadowne.pl\/index.php?rest_route=%2Fwp%2Fv2%2Fcategories&post=7568"},{"taxonomy":"post_tag","embeddable":true,"href":"https:\/\/info.sadowne.pl\/index.php?rest_route=%2Fwp%2Fv2%2Ftags&post=7568"}],"curies":[{"name":"wp","href":"https:\/\/api.w.org\/{rel}","templated":true}]}}