{"id":7642,"date":"2015-02-05T12:17:34","date_gmt":"2015-02-05T11:17:34","guid":{"rendered":"http:\/\/www.infosadowne.boo.pl\/?p=7642"},"modified":"2015-02-05T13:09:05","modified_gmt":"2015-02-05T12:09:05","slug":"i-do-tanca-i-do-rozanca","status":"publish","type":"post","link":"https:\/\/info.sadowne.pl\/?p=7642","title":{"rendered":"I do ta\u0144ca i do r\u00f3\u017ca\u0144ca&#8230;"},"content":{"rendered":"<p style=\"text-align: justify;\"><strong><a href=\"http:\/\/www.info.sadowne.pl\/wp-content\/uploads\/2015\/02\/DSC_4411.jpg\" target=\"_blank\"><img loading=\"lazy\" decoding=\"async\" class=\"alignleft wp-image-7643 size-thumbnail\" src=\"http:\/\/www.info.sadowne.pl\/wp-content\/uploads\/2015\/02\/DSC_4411-180x130.jpg\" alt=\"DSC_4411\" width=\"180\" height=\"130\" \/><\/a>Na stronie internetowej TVN dost\u0119pna jest relacja wideo z rozmowy z ks. Tomaszem Duszkiewiczem. <\/strong><!--more--><\/p>\n<p style=\"text-align: justify;\">A oto wst\u0119p do kr\u00f3tkiego filmu pt. \u201eKsi\u0105dz &#8211; my\u015bliwy. Jak \u0142\u0105czy to z pi\u0105tym przykazaniem?\u201d z programu \u201eDzie\u0144 dobry TVN\u201d, kt\u00f3ry emitowano 2 lutego br. oraz filmu &#8222;\u0141owca dusz&#8221;, dost\u0119pnego na tej samej stronie.<\/p>\n<p style=\"text-align: justify;\"><em>Ksi\u0105dz Tomasz jest kap\u0142anem w parafii \u015bwi\u0119tego Jana Chrzciciela w Sadownem. I nie by\u0142oby w tym nic niezwyk\u0142ego, gdyby nie to, \u017ce jest i my\u015bliwym. Wzbudza to nie tylko w parafianach dwuznaczne odczucia, bo z jednej strony Ko\u015bci\u00f3\u0142 stara si\u0119 chroni\u0107 ka\u017cde \u017cycie, a z drugiej nie widzi nic z\u0142ego w polowaniu i zabijaniu zwierz\u0105t. &#8222;Pan B\u00f3g m\u00f3wi: czy\u0144cie sobie ziemi\u0119 poddan\u0105&#8221; &#8211; twierdzi ksi\u0105dz. Sk\u0105d ta katolicka dychotomia? W studiu Dzie\u0144 Dobry TVN ksi\u0105dz-my\u015bliwy opowiedzia\u0142, dlaczego uwa\u017ca, \u017ce polowanie nie jest nieetyczne.<\/em><\/p>\n<p style=\"text-align: justify;\"><span style=\"color: #0000ff;\"><a style=\"color: #0000ff;\" href=\"http:\/\/dziendobry.tvn.pl\/wideo,2064,n\/ksiadz-mysliwy-jak-laczy-to-z-piatym-przykazaniem,156680.html\" target=\"_blank\"><strong>Zobaczmy te\u017c film&gt;&gt;&gt;<\/strong><\/a><\/span><\/p>\n<p style=\"text-align: justify;\"><strong>\u0179r\u00f3d\u0142o: <\/strong><a href=\"http:\/\/www.dziendobry.tvn.pl\" target=\"_blank\">www.dziendobry.tvn.pl<\/a><\/p>\n","protected":false},"excerpt":{"rendered":"<p>Na stronie internetowej TVN dost\u0119pna jest relacja wideo z rozmowy z ks. Tomaszem Duszkiewiczem.<\/p>\n","protected":false},"author":1,"featured_media":0,"comment_status":"open","ping_status":"open","sticky":false,"template":"","format":"standard","meta":{"footnotes":""},"categories":[5,1,690],"tags":[1181,1180],"class_list":["post-7642","post","type-post","status-publish","format-standard","hentry","category-newsy","category-inne","category-lowiectwo","tag-i-do-tanca-i-do-rozanca","tag-ks-tomasz-duszkiewicz"],"views":6733,"_links":{"self":[{"href":"https:\/\/info.sadowne.pl\/index.php?rest_route=\/wp\/v2\/posts\/7642","targetHints":{"allow":["GET"]}}],"collection":[{"href":"https:\/\/info.sadowne.pl\/index.php?rest_route=\/wp\/v2\/posts"}],"about":[{"href":"https:\/\/info.sadowne.pl\/index.php?rest_route=\/wp\/v2\/types\/post"}],"author":[{"embeddable":true,"href":"https:\/\/info.sadowne.pl\/index.php?rest_route=\/wp\/v2\/users\/1"}],"replies":[{"embeddable":true,"href":"https:\/\/info.sadowne.pl\/index.php?rest_route=%2Fwp%2Fv2%2Fcomments&post=7642"}],"version-history":[{"count":3,"href":"https:\/\/info.sadowne.pl\/index.php?rest_route=\/wp\/v2\/posts\/7642\/revisions"}],"predecessor-version":[{"id":7646,"href":"https:\/\/info.sadowne.pl\/index.php?rest_route=\/wp\/v2\/posts\/7642\/revisions\/7646"}],"wp:attachment":[{"href":"https:\/\/info.sadowne.pl\/index.php?rest_route=%2Fwp%2Fv2%2Fmedia&parent=7642"}],"wp:term":[{"taxonomy":"category","embeddable":true,"href":"https:\/\/info.sadowne.pl\/index.php?rest_route=%2Fwp%2Fv2%2Fcategories&post=7642"},{"taxonomy":"post_tag","embeddable":true,"href":"https:\/\/info.sadowne.pl\/index.php?rest_route=%2Fwp%2Fv2%2Ftags&post=7642"}],"curies":[{"name":"wp","href":"https:\/\/api.w.org\/{rel}","templated":true}]}}