{"id":7811,"date":"2015-02-18T15:20:34","date_gmt":"2015-02-18T14:20:34","guid":{"rendered":"http:\/\/www.infosadowne.boo.pl\/?p=7811"},"modified":"2015-02-18T15:44:43","modified_gmt":"2015-02-18T14:44:43","slug":"nasza-historia-jest-tez-folklor","status":"publish","type":"post","link":"https:\/\/info.sadowne.pl\/?p=7811","title":{"rendered":"Nasz\u0105 histori\u0105 jest te\u017c folklor"},"content":{"rendered":"<p style=\"text-align: justify;\"><strong><img loading=\"lazy\" decoding=\"async\" class=\"alignleft size-thumbnail wp-image-7812\" src=\"http:\/\/www.info.sadowne.pl\/wp-content\/uploads\/2015\/02\/sad8-180x130.jpg\" alt=\"sad8\" width=\"180\" height=\"130\" \/>Je\u015bli m\u00f3wimy o regionie sadowie\u0144skim, to nie mo\u017cemy pomin\u0105\u0107 jego folkloru i znacz\u0105cej roli zespo\u0142u ludowego \u201eSadowianki\u201d.<\/strong><!--more--><\/p>\n<p style=\"text-align: justify;\">W kolejnych artyku\u0142ach postaramy si\u0119 przedstawi\u0107 Pa\u0144stwu histori\u0119 tego znanego w okolicy i nie tylko\u2026 Zespo\u0142u \u2013 obecnie Zespo\u0142u \u015apiewaczego SADOWIANKI.<\/p>\n<p style=\"text-align: justify;\">Ko\u0142o Gospody\u0144 Wiejskich swoj\u0105 dzia\u0142alno\u015b\u0107 rozpocz\u0119\u0142o jeszcze przed drug\u0105 wojna \u015bwiatow\u0105, jednak historia ta jest nieznana &#8211; nie ma \u017cadnych informacji na temat jego przedwojennej dzia\u0142alno\u015bci.<\/p>\n<p style=\"text-align: justify;\">Ko\u0142o na nowo zosta\u0142o zorganizowane 23 wrze\u015bnia 1971 roku. Ko\u0142em Gospody\u0144 Wiejskich opiekowa\u0142o si\u0119 K\u00f3\u0142ko Rolnicze oraz zwi\u0105zki zawodowe rolnik\u00f3w, p\u00f3\u017aniej Sp\u00f3\u0142dzielnia K\u00f3\u0142ek Rolniczych. Pierwsze zebranie organizacyjne odby\u0142o si\u0119 w lokalu klubu \u201eRuch\u201d przy udziale instruktorki z Powiatowego Zwi\u0105zku K\u00f3\u0142ek Rolniczych w W\u0119growie Pani R\u00f3\u017cy Komudy. W zebraniu uczestniczy\u0142o czterna\u015bcie cz\u0142onki\u0144, spo\u015br\u00f3d kt\u00f3rych zosta\u0142 wybrany zarz\u0105d. Przewodnicz\u0105c\u0105 Zarz\u0105du Ko\u0142a zosta\u0142a wybrana Pani Janina K\u0105dziela, zast\u0119pc\u0105 &#8211; Pani Halina Starzy\u0144ska, sekretarzem &#8211; Pani Irena Skwarek, cz\u0142onkiniami zarz\u0105du zosta\u0142y: Pani Emilia D\u0105browska i Pani Janina Go\u0142\u0119biowska.<\/p>\n<p style=\"text-align: justify;\">Pocz\u0105tkowo Ko\u0142o Gospody\u0144 Wiejskich zajmowa\u0142o si\u0119 sprawami dotycz\u0105cymi hodowli zwierz\u0105t gospodarskich, prowadzi\u0142o zapisy na kurcz\u0119ta dla gospody\u0144 z gminy Sadowne. Pierwsz\u0105 dzia\u0142alno\u015b\u0107 artystyczn\u0105 rozpocz\u0119\u0142o w roku 1972, dok\u0142adnie 8 marca, kiedy to dzie\u0144 ten zosta\u0142 og\u0142oszony na ca\u0142ym \u015bwiecie Mi\u0119dzynarodowym Dniem Kobiet. Wtedy to Pani Janina K\u0105dziela zorganizowa\u0142a spotkanie kobiet z trzech wsi gminy Sadowne: Sadolesia, P\u0142atkownicy i Sadownego. W\u00a0 tym samym roku panie z P\u0142atkownicy i Sadownego zorganizowa\u0142y do\u017cynki gminne. W protokole zebrania i planie dzia\u0142alno\u015bci z 7 lutego 1973 roku zapisany jest wniosek Janiny K\u0105dzieli o zorganizowaniu artystycznego zespo\u0142u ludowego. Od tego roku zesp\u00f3\u0142 dzia\u0142a samodzielnie.<\/p>\n<p style=\"text-align: justify;\">8 marca 1973 roku zesp\u00f3\u0142 wyst\u0105pi\u0142 z w\u0142asnym programem we wsi P\u0142atkownica, gdzie spotka\u0142y si\u0119 w\u0142adze wojew\u00f3dzkie i mieszka\u0144cy wsi w sprawie zatwierdzenia budowy zlewni mleka.<\/p>\n<p style=\"text-align: justify;\">W sierpniu 1973 zesp\u00f3\u0142 KGW w Sadownem zorganizowa\u0142 samodzielnie do\u017cynki gminne. Wyst\u0105pi\u0142 w sk\u0142adzie dwunastu kobiet z w\u0142asnym programem &#8211; przy\u015bpiewkami odnosz\u0105cymi si\u0119 do aktualnej sytuacji na wsi. W roku 1974, wzorem poprzedniego roku, zesp\u00f3\u0142 zorganizowa\u0142 \u015awi\u0119to Kobiet &#8211; 8 marca oraz w miesi\u0105cu sierpniu do\u017cynki gminne. Ponadto Ko\u0142o Gospody\u0144 Wiejskich w Sadownem organizowa\u0142o w remizie stra\u017cackiej dochodowe wiejskie zabawy taneczne.<\/p>\n<p style=\"text-align: justify;\">\u00a0W roku 1975 i 1976 zesp\u00f3\u0142 organizuje i prowadzi do\u017cynki oraz bierze czynny udzia\u0142 w akademii z okazji \u015bwi\u0119ta ludowego (Zielonych \u015awi\u0105tek).<\/p>\n<p style=\"text-align: justify;\">Rok 1977 by\u0142 rokiem przerwy w dzia\u0142alno\u015bci\u00a0 kulturalnej zespo\u0142u. Spowodowane by\u0142o to remontem remizy stra\u017cackiej, gdzie odbywa\u0142y si\u0119 wyst\u0119py zespo\u0142u oraz zabawy taneczne. KGW wraz z w\u0142adzami Sp\u00f3\u0142dzielni K\u00f3\u0142ek Rolniczych w Sadownem zorganizowa\u0142o wycieczk\u0119 krajoznawcz\u0105, w kt\u00f3rej wzi\u0119\u0142y udzia\u0142\u00a0 panie z trzech innych K\u00f3\u0142 Gospody\u0144 Wiejskich tj. z Bojewa, Ko\u0142odzi\u0105\u017ca, Morzyczyna. Nale\u017cy wspomnie\u0107, ze KGW w Sadownem by\u0142o inspiracj\u0105 dla gospody\u0144 z innych wsi gminy Sadowne do utworzenia takich organizacji we w\u0142asnych wioskach. W rezultacie, w tamtym czasie ko\u0142a gospody\u0144 wiejskich powsta\u0142y w wielu wsiach. Przy trzech z nich dzia\u0142a\u0142y r\u00f3wnie\u017c zespo\u0142y ludowe: w P\u0142atkownicy, Szynkarzy\u017anie i Zarzetce, kt\u00f3re tak\u017ce wyst\u0119powa\u0142y na uroczysto\u015bciach gminnych.<\/p>\n<div id=\"attachment_7813\" style=\"width: 310px\" class=\"wp-caption alignright\"><a href=\"http:\/\/www.info.sadowne.pl\/wp-content\/uploads\/2015\/02\/sad1.jpg\" target=\"_blank\"><img loading=\"lazy\" decoding=\"async\" aria-describedby=\"caption-attachment-7813\" class=\"wp-image-7813 size-medium\" src=\"http:\/\/www.info.sadowne.pl\/wp-content\/uploads\/2015\/02\/sad1-300x208.jpg\" alt=\"sad1\" width=\"300\" height=\"208\" srcset=\"https:\/\/info.sadowne.pl\/wp-content\/uploads\/2015\/02\/sad1-300x208.jpg 300w, https:\/\/info.sadowne.pl\/wp-content\/uploads\/2015\/02\/sad1.jpg 786w\" sizes=\"auto, (max-width: 300px) 100vw, 300px\" \/><\/a><p id=\"caption-attachment-7813\" class=\"wp-caption-text\">Zesp\u00f3\u0142 ludowy KGW w Sadownem w 1978 r. &#8211; fot. z archiwum zespo\u0142u<\/p><\/div>\n<p style=\"text-align: justify;\">11 czerwca 1978 roku zesp\u00f3\u0142 u\u015bwietni\u0142 bardzo wa\u017cne wydarzenie dla regionu sadowie\u0144skiego, jakim by\u0142o uroczyste otwarcie Muzeum Ziemi Sadowie\u0144skiej. Zesp\u00f3\u0142 w siedemnastoosobowym sk\u0142adzie wyst\u0105pi\u0142 z w\u0142asnym programem, na tre\u015b\u0107 kt\u00f3rego sk\u0142ada\u0142y si\u0119 pie\u015bni ludowe oraz poezja. Panie z zespo\u0142u charakteryzowa\u0142y si\u0119 ogromnym poczuciem humoru i wzi\u0119\u0142y tak\u017ce udzia\u0142 w zawodach sportowych. Wystartowa\u0142y w dw\u00f3ch konkursach: w rzucie lotk\u0105 i w konkursie strzeleckim z kbks-u. W rzucie lotk\u0105 zaj\u0119\u0142y pierwsze miejsce, a trzecie w strzelaniu.<\/p>\n<p style=\"text-align: justify;\">W\u00a0roku nast\u0119pnym \u015bwi\u0119to ludowe zosta\u0142o zorganizowane w Szynkarzy\u017anie, wiosce oddalonej o 9 kilometr\u00f3w od miejscowo\u015bci gminnej. Tradycj\u0105 sta\u0142o si\u0119 ju\u017c, \u017ce taka uroczysto\u015b\u0107 nie mog\u0142aby si\u0119 odby\u0107 bez zespo\u0142u z Sadownego.<\/p>\n<p style=\"text-align: justify;\">W roku 1980 cz\u0142onkowie Ko\u0142a Gospody\u0144 Wiejskich podj\u0119li inicjatyw\u0119 i wyst\u0105pili z pismem do Naczelnika Gminy Sadowne w sprawie zakazu sprzeda\u017cy alkoholu w sklepie razem z innymi produktami spo\u017cywczymi oraz zakazem handlu alkoholu w miejscowym barze. Pod petycj\u0105 podpisa\u0142o si\u0119 sze\u015b\u0107dziesi\u0105t os\u00f3b.<\/p>\n<p style=\"text-align: justify;\">Jak ju\u017c zosta\u0142o wspomniane, KGW organizowa\u0142o imprezy dochodowe. W roku 1980 oby\u0142y si\u0119 trzy zabawy bezalkoholowe. Za zarobione pieni\u0105dze zosta\u0142y zakupione sp\u00f3dnice dla pa\u0144 z zespo\u0142u.<\/p>\n<p style=\"text-align: justify;\">Zesp\u00f3\u0142 8 czerwca 1981 r. wyst\u0105pi\u0142 z w\u0142asnym programem w Zbiorczej Szkole Gminnej przy okazji nadania imienia szkole &#8211; marsza\u0142ka sejmu Czes\u0142awa Wycecha.<\/p>\n<p style=\"text-align: justify;\">Rok p\u00f3\u017aniej, w czasie stanu wojennego zesp\u00f3\u0142 nie wyst\u0119powa\u0142 publicznie, nie organizowano \u017cadnych masowych imprez. Masowe imprezy i zgromadzenie w \u00f3wczesnym czasie by\u0142y zabronione. KGW prowadzi\u0142o swoj\u0105 podstawow\u0105 dzia\u0142alno\u015b\u0107. W roku 1983 zesp\u00f3\u0142 przygotowywa\u0142 repertuar do wyst\u0119pu na uroczysto\u015bci obchod\u00f3w \u015bwi\u0119ta ludowego w Morzyczynie. Pomimo, \u017ce program nie by\u0142 \u201epolityczny\u201d, wyst\u0119p zespo\u0142u zosta\u0142 odwo\u0142any bez wyra\u017anych powod\u00f3w.<\/p>\n<p style=\"text-align: justify;\">Zacz\u0105\u0142 si\u0119 czas prze\u0142omowy dla zespo\u0142u. Do tej pory u\u015bwietnia\u0142 on swoim \u015bpiewem, recytacj\u0105 i tzw. teatrzykami imprezy gminne. W roku 1984 zesp\u00f3\u0142 otrzyma\u0142\u00a0 zaproszenie do udzia\u0142u w przegl\u0105dzie zespo\u0142\u00f3w ludowych w \u017belechowie, w powiecie garwoli\u0144skim. Przegl\u0105d organizowa\u0142o Centrum Kultury i Sztuki Wojew\u00f3dztwa Siedleckiego, Wojew\u00f3dzki Zwi\u0105zek Rolnik\u00f3w, K\u00f3\u0142ek i Organizacji Rolniczych, Miejsko-Gminny O\u015brodek Kultury w \u017belechowie oraz Garwoli\u0144ski O\u015brodek Kultury. Przegl\u0105d organizowany by\u0142 w celu ocalenia od zapomnienia niekt\u00f3rych gatunk\u00f3w folkloru &#8211; zespo\u0142y w swoim programie powinny uwzgl\u0119dni\u0107 pie\u015bni obrz\u0119dowe Bo\u017conarodzeniowe oraz Wielkanocne, jak r\u00f3wnie\u017c pie\u015bni obrz\u0119dowe weselne, \u017cniwne, pogrzebowe, do\u017cynkowe, ko\u0142ysanki, ballady.<\/p>\n<p style=\"text-align: justify;\">Cz\u0142onkowie zespo\u0142u czuli si\u0119 zaszczyceni z powodu dostrze\u017cenia ich poza granicami gminy. Zaproszenie bardzo zmotywowa\u0142o kobiety i zach\u0119ci\u0142o je do podj\u0119cia dalszej, bardziej intensywnej pracy. Rozpocz\u0119to gor\u0105czkowe przygotowania. Panie z zespo\u0142u z zapa\u0142em zabra\u0142y si\u0119 do uk\u0142adania programu, doboru odpowiednich piosenek. Stara\u0142y si\u0119, aby repertuar zwi\u0105zany by\u0142 z tradycj\u0105 regionu. Na przegl\u0105d do \u017belechowa pojecha\u0142o czterna\u015bcie pa\u0144\u00a0(cztery nieobecne z powodu choroby) oraz jeden pan &#8211; Stanis\u0142aw Klimek, graj\u0105cy na skrzypcach. Program wyst\u0119pu konsultowany by\u0142 z nauczycielami z Liceum Og\u00f3lnokszta\u0142c\u0105cego w Sadownem.<\/p>\n<p style=\"text-align: justify;\">Na przegl\u0105dzie w \u017belechowie artystki ludowe zaj\u0119\u0142y II miejsce. W latach nast\u0119pnych osi\u0105ga\u0142y same sukcesy &#8211; w roku 1985 i 1986 tak\u017ce zdobywa\u0142y II miejsce.<\/p>\n<p style=\"text-align: justify;\">W roku 1987 KGW w Sadownem skupia\u0142o 51 pa\u0144. 14 lutego odby\u0142o si\u0119 zebranie wyborcze zarz\u0105du Ko\u0142a. Poprzedni rozwi\u0105za\u0142 si\u0119 w 1986 r.<\/p>\n<p style=\"text-align: justify;\">Wybrano nowy sk\u0142ad zarz\u0105du:<\/p>\n<p style=\"text-align: justify;\">Przewodnicz\u0105ca KGW \u2013 Pani Krystyna Rukat,<\/p>\n<p style=\"text-align: justify;\">Zast\u0119pca przewodnicz\u0105cej \u2013 Pani Halina W\u0142odarczyk,<\/p>\n<p style=\"text-align: justify;\">Sekretarz \u2013 Pani Bogumi\u0142a Wyrobek,<\/p>\n<p style=\"text-align: justify;\">Skarbnik- Pani Krystyna Szczechura,<\/p>\n<p style=\"text-align: justify;\">Cz\u0142onkinie zarz\u0105du \u2013 Pani Kazimiera Czajka i pani Bogumi\u0142a Danaj,<\/p>\n<p style=\"text-align: justify;\">Pani Janina K\u0105dziela zosta\u0142a przewodnicz\u0105c\u0105 Komisji Rewizyjnej.<\/p>\n<p style=\"text-align: justify;\">W roku 1986 zesp\u00f3\u0142 przeprowadzi\u0142 36 pr\u00f3b. W dniu 24 lutego w lokalu banku zorganizowano ostatkow\u0105 degustacj\u0119 potraw.<\/p>\n<div id=\"attachment_7814\" style=\"width: 310px\" class=\"wp-caption alignleft\"><a href=\"http:\/\/www.info.sadowne.pl\/wp-content\/uploads\/2015\/02\/sad2.jpg\" target=\"_blank\"><img loading=\"lazy\" decoding=\"async\" aria-describedby=\"caption-attachment-7814\" class=\"wp-image-7814 size-medium\" src=\"http:\/\/www.info.sadowne.pl\/wp-content\/uploads\/2015\/02\/sad2-300x195.jpg\" alt=\"sad2\" width=\"300\" height=\"195\" srcset=\"https:\/\/info.sadowne.pl\/wp-content\/uploads\/2015\/02\/sad2-300x195.jpg 300w, https:\/\/info.sadowne.pl\/wp-content\/uploads\/2015\/02\/sad2.jpg 785w\" sizes=\"auto, (max-width: 300px) 100vw, 300px\" \/><\/a><p id=\"caption-attachment-7814\" class=\"wp-caption-text\">\u015awi\u0119to Odrodzenia Polski w Sadownem &#8211; fot. z archiwum zespo\u0142u<\/p><\/div>\n<p style=\"text-align: justify;\">Artystki tradycyjnie ju\u017c u\u015bwietni\u0142y swoimi wyst\u0119pami \u015awi\u0119to Ludowe w Morzyczynie W\u0142\u00f3ki &#8211; 27 maja,\u00a0 \u015awi\u0119to Odrodzenia Polski w Sadownem &#8211; 22 lipca, do\u017cynki &#8211; 20 wrze\u015bnia. G\u0142\u00f3wna dzia\u0142alno\u015b\u0107 ko\u0142a skupia\u0142a si\u0119 g\u0142\u00f3wnie wok\u00f3\u0142 zespo\u0142u, na pr\u00f3bach oraz wyst\u0119pach. W miar\u0119 mo\u017cliwo\u015bci i czasu ko\u0142o prowadzi\u0142o nadal zapisy na kurcz\u0119ta oraz wypo\u017cycza\u0142o odp\u0142atnie szatkownik do kapusty.<\/p>\n<p style=\"text-align: justify;\">W 1987 r. zesp\u00f3\u0142 \u015bpiewaczy wyst\u0105pi\u0142, jak co roku, w przegl\u0105dzie w \u017belechowie &#8211; zdoby\u0142 wyr\u00f3\u017cnienie i nagrod\u0119 pieni\u0119\u017cn\u0105 w wysoko\u015bci 3000 z\u0142. za przedstawienie piosenek: <em>Jedzie<\/em>, <em>jedzie<\/em> <em>wesele, Matu\u015b moja matu\u015b,\u00a0 Ach, po co\u015b mnie moja mamo.<\/em><\/p>\n<div id=\"attachment_7815\" style=\"width: 310px\" class=\"wp-caption aligncenter\"><a href=\"http:\/\/www.info.sadowne.pl\/wp-content\/uploads\/2015\/02\/sad3.jpg\" target=\"_blank\"><img loading=\"lazy\" decoding=\"async\" aria-describedby=\"caption-attachment-7815\" class=\"wp-image-7815 size-medium\" src=\"http:\/\/www.info.sadowne.pl\/wp-content\/uploads\/2015\/02\/sad3-300x208.jpg\" alt=\"sad3\" width=\"300\" height=\"208\" srcset=\"https:\/\/info.sadowne.pl\/wp-content\/uploads\/2015\/02\/sad3-300x208.jpg 300w, https:\/\/info.sadowne.pl\/wp-content\/uploads\/2015\/02\/sad3.jpg 783w\" sizes=\"auto, (max-width: 300px) 100vw, 300px\" \/><\/a><p id=\"caption-attachment-7815\" class=\"wp-caption-text\">Zesp\u00f3\u0142 na przegl\u0105dzie w \u017belechowie 9-10 maja 1987 r. &#8211; fot. z archiwum zespo\u0142u<\/p><\/div>\n<p style=\"text-align: justify;\">Po tych sukcesach KGW, z przewodnicz\u0105c\u0105 Pani\u0105 Krystyna Rukat, zwr\u00f3ci\u0142o si\u0119 z pro\u015bb\u0105 do Wojew\u00f3dzkiego Zwi\u0105zku Rolnik\u00f3w, K\u00f3\u0142ek i Organizacji Rolniczych o przyznanie dotacji na dzia\u0142alno\u015b\u0107 zespo\u0142u \u015bpiewaczego. Pieni\u0105dze te potrzebne by\u0142y na dokupienie brakuj\u0105cych stroj\u00f3w dla cz\u0142onki\u0144 zespo\u0142u oraz na pokrycie koszt\u00f3w wyjazdu na eliminacje wojew\u00f3dzkie i na inne wydatki zwi\u0105zane z funkcjonowaniem zespo\u0142u. Dotacja zosta\u0142 przyznana w kwocie 75000 z\u0142. Zesp\u00f3\u0142 uzupe\u0142ni\u0142 swoje stroje. Na ten cel przeznaczono kwot\u0119 78138 z\u0142. Sum\u0119 3138 z\u0142. KGW do\u0142o\u017cy\u0142o z w\u0142asnych zgromadzonych \u015brodk\u00f3w. Od pocz\u0105tku istnienia zespo\u0142u panie wyst\u0119powa\u0142y w jednolitym stroju. Pierwszy wsp\u00f3lny element to kretonowe sp\u00f3dnice. Drugim strojem obowi\u0105zuj\u0105cy w zespole by\u0142 str\u00f3j cyga\u0144ski.<\/p>\n<p style=\"text-align: justify;\">W roku 1988 zesp\u00f3\u0142 uczestniczy\u0142 w V Przegl\u0105dzie Zespo\u0142\u00f3w i Solist\u00f3w Ludowych 14-15 maja w Gr\u0119zowie. Przed wyst\u0119pami zesp\u00f3\u0142 zosta\u0142 zaproszony do Centrum Kultury w Siedlcach na konsultacje, kt\u00f3rych udziela\u0142 Konstanty Domaga\u0142a.<\/p>\n<p style=\"text-align: justify;\">VI Przegl\u0105d Zespo\u0142\u00f3w i Solist\u00f3w Ludowych w Siedlcach odby\u0142 si\u0119 6 i 7 maja 1989 r. \u2013 znowu sukces, zesp\u00f3\u0142 zaj\u0105\u0142 III miejsce.<\/p>\n<div id=\"attachment_7816\" style=\"width: 310px\" class=\"wp-caption alignright\"><a href=\"http:\/\/www.info.sadowne.pl\/wp-content\/uploads\/2015\/02\/sad4.jpg\" target=\"_blank\"><img loading=\"lazy\" decoding=\"async\" aria-describedby=\"caption-attachment-7816\" class=\"wp-image-7816 size-medium\" src=\"http:\/\/www.info.sadowne.pl\/wp-content\/uploads\/2015\/02\/sad4-300x212.jpg\" alt=\"sad4\" width=\"300\" height=\"212\" srcset=\"https:\/\/info.sadowne.pl\/wp-content\/uploads\/2015\/02\/sad4-300x212.jpg 300w, https:\/\/info.sadowne.pl\/wp-content\/uploads\/2015\/02\/sad4.jpg 786w\" sizes=\"auto, (max-width: 300px) 100vw, 300px\" \/><\/a><p id=\"caption-attachment-7816\" class=\"wp-caption-text\">Urz\u0105d Gminy w Sadownem &#8211; pi\u0119\u0107dziesi\u0105ta rocznica \u015blubu pa\u0144stwa Janiny i Wac\u0142awa K\u0105dziel\u00f3w \u2013 fot. z archiwum zespo\u0142u<\/p><\/div>\n<p style=\"text-align: justify;\">Panie z zespo\u0142u by\u0142y bardzo zwi\u0105zane ze sob\u0105, uczestniczy\u0142y w uroczysto\u015bciach rodzinnych swoich cz\u0142onk\u00f3w. 6 sierpnia 1989 r. Pani Janina K\u0105dziela wraz ze swoim m\u0119\u017cem Wac\u0142awem obchodzili pi\u0119\u0107dziesi\u0105t\u0105 rocznic\u0119 \u015blubu &#8211; nie mog\u0142o zabrakn\u0105\u0107 wtedy kole\u017canek z zespo\u0142u.<\/p>\n<p style=\"text-align: justify;\">Kole\u017canki z zespo\u0142u zaprosi\u0142a tak\u017ce Pani Halina Tomaszewska na uroczysto\u015b\u0107 50-lecia po\u017cycia ma\u0142\u017ce\u0144skiego.<\/p>\n<p style=\"text-align: justify;\">12 wrze\u015bnia1993 roku Ko\u0142o Gospody\u0144 Wiejskich w Sadownem bra\u0142o udzia\u0142 w Do\u017cynkach Diecezjalnych w Miedznie. Na uroczysto\u015bci wyst\u0119powa\u0142y zespo\u0142y muzyczne, mi\u0119dzy innymi zesp\u00f3\u0142 KGW z Sadownego.<\/p>\n<div id=\"attachment_7817\" style=\"width: 310px\" class=\"wp-caption aligncenter\"><a href=\"http:\/\/www.info.sadowne.pl\/wp-content\/uploads\/2015\/02\/sad5.jpg\" target=\"_blank\"><img loading=\"lazy\" decoding=\"async\" aria-describedby=\"caption-attachment-7817\" class=\"wp-image-7817 size-medium\" src=\"http:\/\/www.info.sadowne.pl\/wp-content\/uploads\/2015\/02\/sad5-300x211.jpg\" alt=\"sad5\" width=\"300\" height=\"211\" srcset=\"https:\/\/info.sadowne.pl\/wp-content\/uploads\/2015\/02\/sad5-300x211.jpg 300w, https:\/\/info.sadowne.pl\/wp-content\/uploads\/2015\/02\/sad5.jpg 779w\" sizes=\"auto, (max-width: 300px) 100vw, 300px\" \/><\/a><p id=\"caption-attachment-7817\" class=\"wp-caption-text\">Zesp\u00f3\u0142 KGW z Sadownego w procesji do\u017cynkowej w Miedznie 12.09.1993 r. &#8211; fot. z archiwum zespo\u0142u<\/p><\/div>\n<div id=\"attachment_7818\" style=\"width: 310px\" class=\"wp-caption alignleft\"><a href=\"http:\/\/www.info.sadowne.pl\/wp-content\/uploads\/2015\/02\/sad6.jpg\" target=\"_blank\"><img loading=\"lazy\" decoding=\"async\" aria-describedby=\"caption-attachment-7818\" class=\"wp-image-7818 size-medium\" src=\"http:\/\/www.info.sadowne.pl\/wp-content\/uploads\/2015\/02\/sad6-300x207.jpg\" alt=\"sad6\" width=\"300\" height=\"207\" srcset=\"https:\/\/info.sadowne.pl\/wp-content\/uploads\/2015\/02\/sad6-300x207.jpg 300w, https:\/\/info.sadowne.pl\/wp-content\/uploads\/2015\/02\/sad6.jpg 784w\" sizes=\"auto, (max-width: 300px) 100vw, 300px\" \/><\/a><p id=\"caption-attachment-7818\" class=\"wp-caption-text\">I Biesiada Weselna &#8211; W\u0119gr\u00f3w 18-21 czerwiec 1997, fot. Micha\u0142 Kurc -W\u0119growski O\u015brodek Kultury<\/p><\/div>\n<p style=\"text-align: justify;\">Ko\u0142o Gospody\u0144 Wiejskich dla swoich cz\u0142onk\u00f3w organizowa\u0142o wyjazdy do teatru, wycieczki itp. imprezy kulturalno-rozrywkowe. Na Koncert Tercetu Egzotycznego w Ostrowi Mazowieckiej 7 wrze\u015bnia 1994 r. pojecha\u0142o czterdzie\u015bci os\u00f3b. 23 lutego 1996 roku czterdzie\u015bci trzy osoby z KGW w Sadownem wyjecha\u0142o do Warszawy na wyst\u0119py \u015bwiatowej s\u0142awy Zespo\u0142u Pie\u015bni i Ta\u0144ca \u201eMazowsze\u201d zorganizowanego w Sali Kongresowej PKiN. Bardzo wa\u017cnym i og\u00f3lnopolskim wydarzenie dla zespo\u0142u by\u0142 udzia\u0142 w I Biesiadzie Weselnej w W\u0119growie. KGW w festiwalu \u201eBiesiada Weselna\u201d zdoby\u0142o wyr\u00f3\u017cnienie.<\/p>\n<p style=\"text-align: justify;\">W roku 1997 mia\u0142o miejsce\u00a0 jeszcze jedno wydarzenie znacz\u0105ce dla zespo\u0142u, a mianowicie 25-lecie istnienia. 5 pa\u017adziernika w Sali OSP w Sadownem odby\u0142 si\u0119 jubileuszowy wyst\u0119p.<\/p>\n<p style=\"text-align: justify;\">W dokumentach dotycz\u0105cych zespo\u0142u od tego momentu pojawia si\u0119 nazwa zespo\u0142u \u201eSadowianki\u201d.<\/p>\n<p style=\"text-align: justify;\">Biesiada, to nie jedyny wyst\u0119p w W\u0119growie. Panie zosta\u0142y zaproszone do W\u0119growskiego O\u015brodka Kultury, aby swym wyst\u0119pem u\u015bwietni\u0107 wystaw\u0119 wie\u0144c\u00f3w do\u017cynkowych.<\/p>\n<p style=\"text-align: justify;\"><em>Sadowianki<\/em> coraz cz\u0119\u015bciej wyst\u0119powa\u0142y poza swoj\u0105 gmin\u0105, ale znalaz\u0142y r\u00f3wnie\u017c czas aby organizowa\u0107 przedstawienia, widowiska dla swojej rodzimej publiczno\u015bci.<\/p>\n<p style=\"text-align: justify;\">9 sierpnia 1998 r. zaprezentowa\u0142y program s\u0142owno muzyczny <em>Prze\u017cyjmy to jeszcze raz. <\/em>W scenariuszu znalaz\u0142y si\u0119 piosenki weselne, obrz\u0119dy ludowe. Nast\u0119pne spotkanie z KGW w Sadownem i jego zespo\u0142em \u015bpiewaczym odby\u0142o si\u0119 10 stycznia 1999 roku, program dotyczy\u0142 tradycji wigilijnej i bo\u017conarodzeniowej.<\/p>\n<p style=\"text-align: justify;\">W tym samym roku, 17 stycznia \u201eSadowianki\u201d dosta\u0142y nagrod\u0119 Starosty Powiatu W\u0119growskiego za wieloletni\u0105, o\u017cywion\u0105 dzia\u0142alno\u015b\u0107, kultywowanie tradycji ludowych oraz poszukiwanie nowych form aktywno\u015bci tw\u00f3rczej. Kolejn\u0105 nagrod\u0119 zesp\u00f3\u0142 zdoby\u0142 w Powiatowym Konkursie Chleba Wiejskiego i Ciast Tradycyjnych, wyr\u00f3\u017cnienie w Powiatowym Konkursie Wie\u0144c\u00f3w Do\u017cynkowych.<\/p>\n<div id=\"attachment_7819\" style=\"width: 310px\" class=\"wp-caption alignright\"><a href=\"http:\/\/www.info.sadowne.pl\/wp-content\/uploads\/2015\/02\/sad7.jpg\" target=\"_blank\"><img loading=\"lazy\" decoding=\"async\" aria-describedby=\"caption-attachment-7819\" class=\"wp-image-7819 size-medium\" src=\"http:\/\/www.info.sadowne.pl\/wp-content\/uploads\/2015\/02\/sad7-300x204.jpg\" alt=\"sad7\" width=\"300\" height=\"204\" srcset=\"https:\/\/info.sadowne.pl\/wp-content\/uploads\/2015\/02\/sad7-300x204.jpg 300w, https:\/\/info.sadowne.pl\/wp-content\/uploads\/2015\/02\/sad7.jpg 784w\" sizes=\"auto, (max-width: 300px) 100vw, 300px\" \/><\/a><p id=\"caption-attachment-7819\" class=\"wp-caption-text\">Wieczerza wigilijna, sala OSP w Sadownem, fot. z archiwum zespo\u0142u<\/p><\/div>\n<p style=\"text-align: justify;\">Od kilku lat KGW bierze udzia\u0142 w Powiatowym Przegl\u0105dzie Zespo\u0142\u00f3w Kol\u0119dniczych. W roku 2000, podczas przegl\u0105du \u201eSadowianki\u201d zaprezentowa\u0142y po raz pierwszy widowisko <em>\u015awi\u0119te Wieczory, <\/em>w kt\u00f3rym wyst\u0105pili doro\u015bli cz\u0142onkowie zespo\u0142u oraz dzieci i m\u0142odzie\u017c. Ten scenariusz zaprezentowa\u0142y r\u00f3wnie\u017c w Sali OSP w Sadownem 23 stycznia.<\/p>\n<p style=\"text-align: justify;\"><strong>\u0179r\u00f3d\u0142o:<\/strong> \u201eRola folkloru w budowaniu \u015bwiadomo\u015bci historycznej na przyk\u0142adzie zespo\u0142u ludowego <em>Sadowianki\u201d- <\/em>praca licencjacka, Ewa Pi\u00f3rkowska, Warszawa 2009.<\/p>\n","protected":false},"excerpt":{"rendered":"<p>Je\u015bli m\u00f3wimy o regionie sadowie\u0144skim, to nie mo\u017cemy pomin\u0105\u0107 jego folkloru i znacz\u0105cej roli zespo\u0142u ludowego \u201eSadowianki\u201d.<\/p>\n","protected":false},"author":1,"featured_media":0,"comment_status":"open","ping_status":"open","sticky":false,"template":"","format":"standard","meta":{"footnotes":""},"categories":[5,1202],"tags":[591,101,960],"class_list":["post-7811","post","type-post","status-publish","format-standard","hentry","category-newsy","category-zespol-spiewaczy-sadowianki","tag-ewa-piorkowska","tag-historia-gminy-sadowne","tag-zespol-spiewaczy-sadowianki"],"views":3885,"_links":{"self":[{"href":"https:\/\/info.sadowne.pl\/index.php?rest_route=\/wp\/v2\/posts\/7811","targetHints":{"allow":["GET"]}}],"collection":[{"href":"https:\/\/info.sadowne.pl\/index.php?rest_route=\/wp\/v2\/posts"}],"about":[{"href":"https:\/\/info.sadowne.pl\/index.php?rest_route=\/wp\/v2\/types\/post"}],"author":[{"embeddable":true,"href":"https:\/\/info.sadowne.pl\/index.php?rest_route=\/wp\/v2\/users\/1"}],"replies":[{"embeddable":true,"href":"https:\/\/info.sadowne.pl\/index.php?rest_route=%2Fwp%2Fv2%2Fcomments&post=7811"}],"version-history":[{"count":3,"href":"https:\/\/info.sadowne.pl\/index.php?rest_route=\/wp\/v2\/posts\/7811\/revisions"}],"predecessor-version":[{"id":7822,"href":"https:\/\/info.sadowne.pl\/index.php?rest_route=\/wp\/v2\/posts\/7811\/revisions\/7822"}],"wp:attachment":[{"href":"https:\/\/info.sadowne.pl\/index.php?rest_route=%2Fwp%2Fv2%2Fmedia&parent=7811"}],"wp:term":[{"taxonomy":"category","embeddable":true,"href":"https:\/\/info.sadowne.pl\/index.php?rest_route=%2Fwp%2Fv2%2Fcategories&post=7811"},{"taxonomy":"post_tag","embeddable":true,"href":"https:\/\/info.sadowne.pl\/index.php?rest_route=%2Fwp%2Fv2%2Ftags&post=7811"}],"curies":[{"name":"wp","href":"https:\/\/api.w.org\/{rel}","templated":true}]}}