{"id":7834,"date":"2015-02-20T10:46:51","date_gmt":"2015-02-20T09:46:51","guid":{"rendered":"http:\/\/www.infosadowne.boo.pl\/?p=7834"},"modified":"2015-02-20T10:46:51","modified_gmt":"2015-02-20T09:46:51","slug":"5-minut-o-inwestycjach","status":"publish","type":"post","link":"https:\/\/info.sadowne.pl\/?p=7834","title":{"rendered":"5 minut o&#8230; inwestycjach"},"content":{"rendered":"<p style=\"text-align: justify;\"><strong><img loading=\"lazy\" decoding=\"async\" class=\"alignleft size-thumbnail wp-image-7835\" src=\"http:\/\/www.info.sadowne.pl\/wp-content\/uploads\/2015\/02\/wojtcyran-180x130.jpg\" alt=\"wojtcyran\" width=\"180\" height=\"130\" srcset=\"https:\/\/info.sadowne.pl\/wp-content\/uploads\/2015\/02\/wojtcyran-180x130.jpg 180w, https:\/\/info.sadowne.pl\/wp-content\/uploads\/2015\/02\/wojtcyran-300x215.jpg 300w, https:\/\/info.sadowne.pl\/wp-content\/uploads\/2015\/02\/wojtcyran.jpg 784w\" sizes=\"auto, (max-width: 180px) 100vw, 180px\" \/>Witam serdecznie mieszka\u0144c\u00f3w Gminy Sadowne!<\/strong><!--more--><\/p>\n<p style=\"text-align: justify;\">Od obj\u0119cia przeze mnie stanowiska W\u00f3jta Gminy Sadowne min\u0119\u0142o ju\u017c ponad dwa miesi\u0105ce. Okres ten, opr\u00f3cz przystosowania si\u0119 do nowej funkcji, obfitowa\u0142 te\u017c w nowe zadania i przedsi\u0119wzi\u0119cia, kt\u00f3re wymaga\u0142y ode mnie podj\u0119cia natychmiastowych dzia\u0142a\u0144 w celu zapewnienia prawid\u0142owego funkcjonowania Urz\u0119du. Do\u015bwiadczenia zdobyte przez lata pracy w Radzie Gminy, a tak\u017ce\u00a0 wsparcie radnych i moich pracownik\u00f3w, pozwoli\u0142y mi na szybkie wdro\u017cenie si\u0119 w sprawne zarz\u0105dzanie nasz\u0105 Gmin\u0105.<\/p>\n<p style=\"text-align: justify;\">Zgodnie z moimi zamierzeniami przedwyborczymi, przygl\u0105dam si\u0119 wszystkim problemom, kt\u00f3re nie omijaj\u0105 r\u00f3wnie\u017c naszego terenu i jednocze\u015bnie staram si\u0119 by\u0107 w miejscach, w kt\u00f3rych jestem najbardziej potrzebny \u2013 po prostu lubi\u0119 z bliska rozpoznawa\u0107 problemy i na tej podstawie decydowa\u0107 o tym, co nale\u017cy wykona\u0107 niezw\u0142ocznie, a jakie dzia\u0142ania mog\u0105 jeszcze odrobin\u0119 poczeka\u0107.<\/p>\n<p style=\"text-align: justify;\">Najwa\u017cniejsze decyzje, dotycz\u0105ce nas wszystkich, zamierzam podejmowa\u0107 &#8211; w miar\u0119 mo\u017cliwo\u015bci &#8211; w porozumieniu z mieszka\u0144cami. Chcia\u0142bym te\u017c informowa\u0107 nasz\u0105 spo\u0142eczno\u015b\u0107 o realizacji wsp\u00f3lnych plan\u00f3w i zamierze\u0144, licz\u0105c na wsparcie Pa\u0144stwa, akceptacj\u0119 dzia\u0142a\u0144 na rzecz rozwoju Gminy, a tak\u017ce konstruktywny dialog. Uwa\u017cam, \u017ce temu celowi mo\u017ce s\u0142u\u017cy\u0107 pomys\u0142 przekazywania Pa\u0144stwu przeze mnie &#8211; za pomoc\u0105 dost\u0119pnych medi\u00f3w &#8211; systematycznych informacji na r\u00f3\u017cne tematy, kt\u00f3re nurtuj\u0105 nas wszystkich lub s\u0105 istotne dla mieszka\u0144c\u00f3w Gminy Sadowne.\u00a0 Informacje takie b\u0119d\u0105 ukazywa\u0107 si\u0119 w witrynie Portalu \u201eINFOSADOWNE\u201d w cyklu artyku\u0142\u00f3w pt. \u201e5 minut o\u2026\u201d. Serdecznie zapraszam do lektury, a tak\u017ce rozwa\u017cenia przedstawianych w nich zagadnie\u0144 \u2013 kontynuacj\u0105 tych rozwa\u017ca\u0144 mo\u017ce by\u0107 wizyta i tw\u00f3rcza rozmowa w gabinecie W\u00f3jta, do czego Pa\u0144stwa zach\u0119cam.<\/p>\n<p style=\"text-align: justify;\">Na pocz\u0105tek chcia\u0142bym przedstawi\u0107 Pa\u0144stwu informacj\u0119 o wa\u017cnych dla Gminy Sadowne inwestycjach, kt\u00f3re s\u0105 w trakcie realizacji, a mianowicie: boisko i parking w Sadownem oraz \u015bwietlica i chodnik w Sok\u00f3\u0142ce. S\u0105 to zam\u00f3wienia, kt\u00f3rych koszty w znacznej cz\u0119\u015bci pokrywane s\u0105 z dotacji. \u0141\u0105czny koszt prac w Sadownem wynosi 635\u00a0364 z\u0142., z czego dotacja Urz\u0119du Marsza\u0142kowskiego Wojew\u00f3dztwa Mazowieckiego to kwota 337\u00a0439 z\u0142. Natomiast inwestycja w Sok\u00f3\u0142ce opiewa na sum\u0119 206\u00a0925 z\u0142., z czego 140\u00a0000 z\u0142. jest dofinansowaniem w ramach LSR LGD \u201eR\u00f3wniny Wo\u0142omi\u0144skiej\u201d.<\/p>\n<p style=\"text-align: justify;\">Ale nie o finansach chcia\u0142bym powiedzie\u0107. Istotnym jest dla naszej Gminy, a zw\u0142aszcza dla mieszka\u0144c\u00f3w, \u017ce np. w Sok\u00f3\u0142ce lokalna spo\u0142eczno\u015b\u0107 b\u0119dzie mog\u0142a korzysta\u0107 z wyremontowanej \u015bwietlicy wiejskiej, w kt\u00f3rej uzupe\u0142nione zostanie r\u00f3wnie\u017c jej wyposa\u017cenie, ale te\u017c, \u017ce mieszka\u0144cy tej wsi b\u0119d\u0105 mogli bezpiecznie pokonywa\u0107 pieszo tras\u0119 od Sok\u00f3\u0142ki do stacji kolejowej w Sadownem. Wkr\u00f3tce firma BRUKARSTWO ROBOTY BUDOWLANE z W\u0119growa zako\u0144czy prace przy budowie chodnika z kostki, po jednej stronie tej drogi i na odcinku 532 metr\u00f3w.<\/p>\n<p style=\"text-align: justify;\">W Sadownem natomiast do wykonania zam\u00f3wienia przyst\u0105pi\u0142a te\u017c w ostatnich dniach firma KORTBUD z Okuniewa. Obecnie jej pracownicy zdejmuj\u0105 nawierzchni\u0119 boiska pi\u0142karskiego i przyst\u0119puj\u0105 do jego przebudowy. Zgodnie z planem modernizacji boiska, b\u0119dzie ono mia\u0142o wymiary 90X52 m., a na utwardzonym pod\u0142o\u017cu u\u0142o\u017cona zostanie nawierzchnia trawiasta, kt\u00f3ra b\u0119dzie odpowiada\u0142a wymogom tego typu obiekt\u00f3w. Z jednej strony p\u0142yty boiska nowa bie\u017cnia b\u0119dzie posiada\u0142a 2, natomiast z drugiej \u2013 3 tory. Przewidziane jest te\u017c miejsce dla bieg\u00f3w na dystansie 100 m. oraz rozbiegu skoku w dal wraz z piaskownic\u0105, a tak\u017ce po\u0142o\u017cenie instalacji pod przysz\u0142e o\u015bwietlenie i automatyczne nawadnianie murawy oraz nowe trybuny dla kibic\u00f3w. Wreszcie nasz Klub Sportowy \u201eWicher\u201d b\u0119dzie m\u00f3g\u0142 w dogodnych warunkach rozgrywa\u0107 swoje mecze, ale te\u017c m\u0142odzie\u017c z przyleg\u0142ych szk\u00f3\u0142 b\u0119dzie mog\u0142a w pe\u0142ni korzysta\u0107 z dogodno\u015bci takiego obiektu sportowego podczas zaj\u0119\u0107 z wychowania fizycznego.<\/p>\n<p style=\"text-align: justify;\">Zadania inwestycyjne maj\u0105 by\u0107 zrealizowane do ko\u0144ca marca br. Podobnie jest z parkingiem przy ul. Stefanowicza w Sadownem, do kt\u00f3rego budowy przyst\u0105pi wkr\u00f3tce firma SZUGER-BUD z Zielonki. Przy tej ulicy powstanie parking dla 44 pojazd\u00f3w, kt\u00f3ry b\u0119dzie mia\u0142 nawierzchni\u0119 z kostki brukowej. Przy okazji ulica ta zyska now\u0105, asfaltow\u0105 nawierzchni\u0119. Plan zak\u0142ada u\u0142o\u017cenie nawierzchni ulicy na odcinku do ulicy Polnej, ale staramy si\u0119 o przed\u0142u\u017cenie jej do ulicy Stra\u017cackiej. Inwestycja ta usprawni ruch ko\u0142owy na terenie miejscowo\u015bci Sadowne poprzez w\u0142\u0105czenie do niego objazdu ulic\u0105 Stefanowicza i udro\u017cnienie ulicy Ko\u015bciuszki \u2013 po przesuni\u0119ciu parkuj\u0105cych przy szkole pojazd\u00f3w na nowy parking przy ul. Stefanowicza.<\/p>\n<p style=\"text-align: justify;\">To tyle na pocz\u0105tek. O kolejnych inwestycjach i dzia\u0142aniach Urz\u0119du ju\u017c wkr\u00f3tce. Jeszcze raz zach\u0119cam do \u015bledzenia moich informacji. Przypominam: \u201e5 minut o\u2026\u201d. Dzi\u0119kuj\u0119 i pozdrawiam.<\/p>\n<p style=\"text-align: justify;\"><strong>Waldemar Cyran \u2013 W\u00f3jt Gminy Sadowne<\/strong><\/p>\n","protected":false},"excerpt":{"rendered":"<p>Witam serdecznie mieszka\u0144c\u00f3w Gminy Sadowne!<\/p>\n","protected":false},"author":1,"featured_media":0,"comment_status":"open","ping_status":"open","sticky":false,"template":"","format":"standard","meta":{"footnotes":""},"categories":[1204,5,41],"tags":[1205,1033,614],"class_list":["post-7834","post","type-post","status-publish","format-standard","hentry","category-5-minut-o","category-newsy","category-wiesci-gminne","tag-5-minut-o","tag-waldemar-cyran","tag-wojt-gminy-sadowne"],"views":3675,"_links":{"self":[{"href":"https:\/\/info.sadowne.pl\/index.php?rest_route=\/wp\/v2\/posts\/7834","targetHints":{"allow":["GET"]}}],"collection":[{"href":"https:\/\/info.sadowne.pl\/index.php?rest_route=\/wp\/v2\/posts"}],"about":[{"href":"https:\/\/info.sadowne.pl\/index.php?rest_route=\/wp\/v2\/types\/post"}],"author":[{"embeddable":true,"href":"https:\/\/info.sadowne.pl\/index.php?rest_route=\/wp\/v2\/users\/1"}],"replies":[{"embeddable":true,"href":"https:\/\/info.sadowne.pl\/index.php?rest_route=%2Fwp%2Fv2%2Fcomments&post=7834"}],"version-history":[{"count":1,"href":"https:\/\/info.sadowne.pl\/index.php?rest_route=\/wp\/v2\/posts\/7834\/revisions"}],"predecessor-version":[{"id":7836,"href":"https:\/\/info.sadowne.pl\/index.php?rest_route=\/wp\/v2\/posts\/7834\/revisions\/7836"}],"wp:attachment":[{"href":"https:\/\/info.sadowne.pl\/index.php?rest_route=%2Fwp%2Fv2%2Fmedia&parent=7834"}],"wp:term":[{"taxonomy":"category","embeddable":true,"href":"https:\/\/info.sadowne.pl\/index.php?rest_route=%2Fwp%2Fv2%2Fcategories&post=7834"},{"taxonomy":"post_tag","embeddable":true,"href":"https:\/\/info.sadowne.pl\/index.php?rest_route=%2Fwp%2Fv2%2Ftags&post=7834"}],"curies":[{"name":"wp","href":"https:\/\/api.w.org\/{rel}","templated":true}]}}