{"id":7941,"date":"2015-03-05T08:35:07","date_gmt":"2015-03-05T07:35:07","guid":{"rendered":"http:\/\/www.infosadowne.boo.pl\/?p=7941"},"modified":"2015-03-05T08:35:07","modified_gmt":"2015-03-05T07:35:07","slug":"sadowianki-a-teraz","status":"publish","type":"post","link":"https:\/\/info.sadowne.pl\/?p=7941","title":{"rendered":"SADOWIANKI &#8211; A teraz&#8230;"},"content":{"rendered":"<p style=\"text-align: justify;\"><strong><img loading=\"lazy\" decoding=\"async\" class=\"alignleft size-thumbnail wp-image-7886\" src=\"http:\/\/www.info.sadowne.pl\/wp-content\/uploads\/2015\/02\/sad13-180x130.jpg\" alt=\"sad13\" width=\"180\" height=\"130\" \/>A teraz troch\u0119 migawek z dzia\u0142alno\u015bci zespo\u0142u. <\/strong><!--more--><\/p>\n<p style=\"text-align: justify;\">Oczywi\u015bcie nie wszystko zostanie tu umieszczone, poniewa\u017c pami\u0119\u0107 ludzka jest ulotna i niekt\u00f3re imprezy posz\u0142y w zapomnienie.<\/p>\n<p style=\"text-align: justify;\"><strong>SADOWNE<\/strong><\/p>\n<p style=\"text-align: justify;\">Aby chroni\u0107 od zapomnienia ludowe piosenki i wyzwala\u0107 w m\u0142odym pokoleniu zdolno\u015bci muzyczne, pracuj\u0105c w szkole podstawowej w Sadownem organizowa\u0142am tzw. ,,Przegl\u0105dy Piosenki Ludowej\u201d, na kt\u00f3re zaprasza\u0142am mi\u0119dzy innymi zesp\u00f3\u0142 Sadowianki. \u00a0Pierwszy wyst\u0119p zespo\u0142u w szkole \u00a0odby\u0142 si\u0119 w czerwcu 2002 roku.<\/p>\n<div id=\"attachment_7942\" style=\"width: 564px\" class=\"wp-caption aligncenter\"><img loading=\"lazy\" decoding=\"async\" aria-describedby=\"caption-attachment-7942\" class=\"wp-image-7942 size-full\" src=\"http:\/\/www.info.sadowne.pl\/wp-content\/uploads\/2015\/03\/sad14.jpg\" alt=\"sad14\" width=\"554\" height=\"308\" srcset=\"https:\/\/info.sadowne.pl\/wp-content\/uploads\/2015\/03\/sad14.jpg 554w, https:\/\/info.sadowne.pl\/wp-content\/uploads\/2015\/03\/sad14-300x167.jpg 300w\" sizes=\"auto, (max-width: 554px) 100vw, 554px\" \/><p id=\"caption-attachment-7942\" class=\"wp-caption-text\">Wtedy do zespo\u0142u nale\u017ca\u0142o kilka wnuczek \u015bpiewaj\u0105cych Pa\u0144<\/p><\/div>\n<p style=\"text-align: justify;\"><img loading=\"lazy\" decoding=\"async\" class=\"aligncenter size-full wp-image-7943\" src=\"http:\/\/www.info.sadowne.pl\/wp-content\/uploads\/2015\/03\/sad15.jpg\" alt=\"sad15\" width=\"428\" height=\"303\" srcset=\"https:\/\/info.sadowne.pl\/wp-content\/uploads\/2015\/03\/sad15.jpg 428w, https:\/\/info.sadowne.pl\/wp-content\/uploads\/2015\/03\/sad15-300x212.jpg 300w\" sizes=\"auto, (max-width: 428px) 100vw, 428px\" \/><\/p>\n<p style=\"text-align: justify;\">Wszyscy zar\u00f3wno Grono Pedagogiczne jak i uczniowie zachwyceni byli\u015bmy pi\u0119knymi strojami Sadowianek oraz repertuarem. Dziatwa szkolna wykaza\u0142a si\u0119 dobr\u0105 znajomo\u015bci\u0105\u00a0 ludowych piosenek, bacznie obserwowa\u0142a stroje ludowe i ws\u0142uchiwa\u0142a si\u0119 w gwar\u0119. Ch\u0119tnie te\u017c przyj\u0119\u0142a propozycj\u0119 p. Krystyny Wetoszka , aby \u015bpiewa\u0107 razem z zespo\u0142em.<\/p>\n<p style=\"text-align: justify;\">Dodam jeszcze, i\u017c w kolejnych przegl\u0105dach szkolnej piosenki\u00a0w ubraniach uczni\u00f3w\u00a0 mo\u017cna by\u0142o dostrzec charakterystyczne\u00a0 elementy stroju ludowego, ta\u0144ca i ludowej gwary.<\/p>\n<p style=\"text-align: justify;\">Oby\u015bmy mieli nast\u0119pc\u00f3w!<\/p>\n<div id=\"attachment_7944\" style=\"width: 566px\" class=\"wp-caption aligncenter\"><img loading=\"lazy\" decoding=\"async\" aria-describedby=\"caption-attachment-7944\" class=\"wp-image-7944 size-full\" src=\"http:\/\/www.info.sadowne.pl\/wp-content\/uploads\/2015\/03\/sad16.jpg\" alt=\"sad16\" width=\"556\" height=\"291\" srcset=\"https:\/\/info.sadowne.pl\/wp-content\/uploads\/2015\/03\/sad16.jpg 556w, https:\/\/info.sadowne.pl\/wp-content\/uploads\/2015\/03\/sad16-300x157.jpg 300w\" sizes=\"auto, (max-width: 556px) 100vw, 556px\" \/><p id=\"caption-attachment-7944\" class=\"wp-caption-text\">Po wspania\u0142ym widowisku Sadowianki zosta\u0142y zaproszone do pokoju nauczycielskiego na wsp\u00f3lny pocz\u0119stunek<\/p><\/div>\n<p style=\"text-align: justify;\">\n<p style=\"text-align: justify;\">Kolejne zdj\u0119cia zosta\u0142y wykonane w 2005 roku w szkole podstawowej, gdzie w ramach wychowania regionalnego cz\u0142onkowie zespo\u0142u dali koncert muzyczny.<\/p>\n<div id=\"attachment_7945\" style=\"width: 539px\" class=\"wp-caption aligncenter\"><img loading=\"lazy\" decoding=\"async\" aria-describedby=\"caption-attachment-7945\" class=\"wp-image-7945 size-full\" src=\"http:\/\/www.info.sadowne.pl\/wp-content\/uploads\/2015\/03\/sad17.jpg\" alt=\"sad17\" width=\"529\" height=\"328\" srcset=\"https:\/\/info.sadowne.pl\/wp-content\/uploads\/2015\/03\/sad17.jpg 529w, https:\/\/info.sadowne.pl\/wp-content\/uploads\/2015\/03\/sad17-300x186.jpg 300w\" sizes=\"auto, (max-width: 529px) 100vw, 529px\" \/><p id=\"caption-attachment-7945\" class=\"wp-caption-text\">SADOWIANKI w Szkole Podstawowej w Sadownem (2005 r.)<\/p><\/div>\n<p style=\"text-align: justify;\">\n<div id=\"attachment_7946\" style=\"width: 555px\" class=\"wp-caption aligncenter\"><img loading=\"lazy\" decoding=\"async\" aria-describedby=\"caption-attachment-7946\" class=\"wp-image-7946 size-full\" src=\"http:\/\/www.info.sadowne.pl\/wp-content\/uploads\/2015\/03\/sad18.jpg\" alt=\"sad18\" width=\"545\" height=\"356\" srcset=\"https:\/\/info.sadowne.pl\/wp-content\/uploads\/2015\/03\/sad18.jpg 545w, https:\/\/info.sadowne.pl\/wp-content\/uploads\/2015\/03\/sad18-300x196.jpg 300w\" sizes=\"auto, (max-width: 545px) 100vw, 545px\" \/><p id=\"caption-attachment-7946\" class=\"wp-caption-text\">Bogusia i Zbyszek Danajowie w piosence: ,,Poczkaj, poczkaj\u2026\u201d<\/p><\/div>\n<p><img loading=\"lazy\" decoding=\"async\" class=\"aligncenter size-full wp-image-7947\" src=\"http:\/\/www.info.sadowne.pl\/wp-content\/uploads\/2015\/03\/sad19.jpg\" alt=\"sad19\" width=\"556\" height=\"357\" srcset=\"https:\/\/info.sadowne.pl\/wp-content\/uploads\/2015\/03\/sad19.jpg 556w, https:\/\/info.sadowne.pl\/wp-content\/uploads\/2015\/03\/sad19-300x193.jpg 300w\" sizes=\"auto, (max-width: 556px) 100vw, 556px\" \/><\/p>\n<p style=\"text-align: justify;\">Na zdj\u0119ciu widzimy ma\u0142\u0105 Ul\u0119 Nowakowsk\u0105, kt\u00f3ra stoi przed babci\u0105 p.\u00a0Geni\u0105 Sych. Babcia nauczy\u0142a j\u0105 kilku piosenek i ma\u0142a Ula wykonywa\u0142a je podczas wyst\u0119pu zespo\u0142u.<\/p>\n<p style=\"text-align: justify;\"><strong>MA\u0141KINIA\u00a0 G\u00d3RNA<\/strong><\/p>\n<p style=\"text-align: justify;\">Prawdopodobnie od tego momentu rozpocz\u0119\u0142a si\u0119 moja przygoda\u00a0z zespo\u0142em SADOWIANKI.<\/p>\n<div id=\"attachment_7948\" style=\"width: 567px\" class=\"wp-caption aligncenter\"><img loading=\"lazy\" decoding=\"async\" aria-describedby=\"caption-attachment-7948\" class=\"wp-image-7948 size-full\" src=\"http:\/\/www.info.sadowne.pl\/wp-content\/uploads\/2015\/03\/sad20.jpg\" alt=\"sad20\" width=\"557\" height=\"284\" srcset=\"https:\/\/info.sadowne.pl\/wp-content\/uploads\/2015\/03\/sad20.jpg 557w, https:\/\/info.sadowne.pl\/wp-content\/uploads\/2015\/03\/sad20-300x153.jpg 300w\" sizes=\"auto, (max-width: 557px) 100vw, 557px\" \/><p id=\"caption-attachment-7948\" class=\"wp-caption-text\">Drugi Festiwal Ludowy Kurpi i Podlasia \u2013 Ma\u0142kinia G\u00f3rna &#8211; 22 \u2013 24 VII 2005 rok<\/p><\/div>\n<div id=\"attachment_7949\" style=\"width: 550px\" class=\"wp-caption aligncenter\"><img loading=\"lazy\" decoding=\"async\" aria-describedby=\"caption-attachment-7949\" class=\"wp-image-7949 size-full\" src=\"http:\/\/www.info.sadowne.pl\/wp-content\/uploads\/2015\/03\/sad21.jpg\" alt=\"sad21\" width=\"540\" height=\"397\" srcset=\"https:\/\/info.sadowne.pl\/wp-content\/uploads\/2015\/03\/sad21.jpg 540w, https:\/\/info.sadowne.pl\/wp-content\/uploads\/2015\/03\/sad21-300x221.jpg 300w\" sizes=\"auto, (max-width: 540px) 100vw, 540px\" \/><p id=\"caption-attachment-7949\" class=\"wp-caption-text\">SADOWIANKI \u2013 Szko\u0142a Podstawowa 2006 rok<\/p><\/div>\n<div id=\"attachment_7950\" style=\"width: 557px\" class=\"wp-caption aligncenter\"><img loading=\"lazy\" decoding=\"async\" aria-describedby=\"caption-attachment-7950\" class=\"wp-image-7950 size-full\" src=\"http:\/\/www.info.sadowne.pl\/wp-content\/uploads\/2015\/03\/sad22.jpg\" alt=\"sad22\" width=\"547\" height=\"418\" srcset=\"https:\/\/info.sadowne.pl\/wp-content\/uploads\/2015\/03\/sad22.jpg 547w, https:\/\/info.sadowne.pl\/wp-content\/uploads\/2015\/03\/sad22-300x229.jpg 300w\" sizes=\"auto, (max-width: 547px) 100vw, 547px\" \/><p id=\"caption-attachment-7950\" class=\"wp-caption-text\">Ula Nowakowska w piosence: ,,Oj dana, oj dana, nie wyjd\u0119 za pana\u2026\u201d<\/p><\/div>\n<p style=\"text-align: justify;\"><strong><img loading=\"lazy\" decoding=\"async\" class=\"aligncenter size-full wp-image-7951\" src=\"http:\/\/www.info.sadowne.pl\/wp-content\/uploads\/2015\/03\/sad23.jpg\" alt=\"sad23\" width=\"479\" height=\"123\" srcset=\"https:\/\/info.sadowne.pl\/wp-content\/uploads\/2015\/03\/sad23.jpg 479w, https:\/\/info.sadowne.pl\/wp-content\/uploads\/2015\/03\/sad23-300x77.jpg 300w\" sizes=\"auto, (max-width: 479px) 100vw, 479px\" \/>SADOWNE<\/strong><\/p>\n<p style=\"text-align: justify;\"><strong>17 wrze\u015bnia 2006 r. SADOWIANKI<\/strong> zosta\u0142y zaproszone do Urz\u0119du Gminy w Sadownem na zebranie <strong>kombatant\u00f3w.<\/strong> Zaprezentowa\u0142y program o tematyce wojskowej. Wi\u0119kszo\u015b\u0107 zebranych wsp\u00f3lnie z zespo\u0142em \u015bpiewa\u0142a wojskowe piosenki.<\/p>\n<p style=\"text-align: justify;\"><span style=\"color: #ff0000;\"><strong>,,W\u00a0 przesz\u0142o\u015bci\u00a0 tkwi\u00a0 klucz\u00a0 do\u00a0 zrozumienia\u00a0 tera\u017aniejszo\u015bci.\u00a0<\/strong><strong>Nar\u00f3d,\u00a0 kt\u00f3ry\u00a0 nie\u00a0 szanuje\u00a0 swojej\u00a0 historii, zapomina\u00a0 o\u00a0 przesz\u0142o\u015bci \u2013\u00a0<\/strong><strong>traci\u00a0 swoj\u0105\u00a0 to\u017csamo\u015b\u0107\u201d<\/strong><\/span><\/p>\n<p style=\"text-align: justify;\"><strong>W\u0118GR\u00d3W &#8211; ,,BARWY\u00a0 JESIENI\u201d<\/strong><\/p>\n<p style=\"text-align: justify;\"><strong>21.10.2006 roku SADOWIANKI bra\u0142y udzia\u0142 w W\u0119growskich Barwach Jesieni<\/strong>, gdzie zosta\u0142y uhonorowane:\u00a0<span style=\"color: #ff0000;\">,, Nagrod\u0105 Starosty Powiatu W\u0119growskiego\u201d<\/span>.<\/p>\n<div id=\"attachment_7952\" style=\"width: 534px\" class=\"wp-caption aligncenter\"><img loading=\"lazy\" decoding=\"async\" aria-describedby=\"caption-attachment-7952\" class=\"wp-image-7952 size-full\" src=\"http:\/\/www.info.sadowne.pl\/wp-content\/uploads\/2015\/03\/sad24.jpg\" alt=\"sad24\" width=\"524\" height=\"328\" srcset=\"https:\/\/info.sadowne.pl\/wp-content\/uploads\/2015\/03\/sad24.jpg 524w, https:\/\/info.sadowne.pl\/wp-content\/uploads\/2015\/03\/sad24-300x188.jpg 300w\" sizes=\"auto, (max-width: 524px) 100vw, 524px\" \/><p id=\"caption-attachment-7952\" class=\"wp-caption-text\">Krysia Wetoszka, Basia Wr\u00f3bel, p. Genia Sych, p. Wac\u0142awa Macioch, Tereska Piwek<\/p><\/div>\n<div id=\"attachment_7953\" style=\"width: 430px\" class=\"wp-caption aligncenter\"><img loading=\"lazy\" decoding=\"async\" aria-describedby=\"caption-attachment-7953\" class=\"wp-image-7953 size-full\" src=\"http:\/\/www.info.sadowne.pl\/wp-content\/uploads\/2015\/03\/sad25.jpg\" alt=\"sad25\" width=\"420\" height=\"287\" srcset=\"https:\/\/info.sadowne.pl\/wp-content\/uploads\/2015\/03\/sad25.jpg 420w, https:\/\/info.sadowne.pl\/wp-content\/uploads\/2015\/03\/sad25-300x205.jpg 300w\" sizes=\"auto, (max-width: 420px) 100vw, 420px\" \/><p id=\"caption-attachment-7953\" class=\"wp-caption-text\">Andrzej Olton, Krysia Wetoszka, Basia Wr\u00f3bel, p. Genia Sych, p. Wac\u0142awa Macioch, Tereska Piwek, Monika Nozderka, Kazia Krzak i Ala Bahniuk<\/p><\/div>\n<p style=\"text-align: justify;\">\u00a0<strong>SADOWNE<\/strong><\/p>\n<p style=\"text-align: justify;\"><strong>9.02.2007 \u2013<\/strong>Olimpiada Rolnicza w Urz\u0119dzie Gminy w Sadownem.<\/p>\n<p style=\"text-align: justify;\"><strong>SADOWNE<\/strong><\/p>\n<p style=\"text-align: justify;\"><strong>18.04. 2007 rok \u2013 <\/strong>Szko\u0142a Podstawowa w Sadownem. Komisja powo\u0142ana do oceny uczni\u00f3w wyst\u0119puj\u0105cych w ,,Przegl\u0105dzie Piosenki Ludowej\u201d. W sk\u0142adzie jury zasiad\u0142a r\u00f3wnie\u017c nasza kole\u017canka Krysia Wetoszka. Druga od prawej.<\/p>\n<p style=\"text-align: justify;\">\u00a0<img loading=\"lazy\" decoding=\"async\" class=\"aligncenter size-full wp-image-7954\" src=\"http:\/\/www.info.sadowne.pl\/wp-content\/uploads\/2015\/03\/sad26.jpg\" alt=\"sad26\" width=\"443\" height=\"187\" srcset=\"https:\/\/info.sadowne.pl\/wp-content\/uploads\/2015\/03\/sad26.jpg 443w, https:\/\/info.sadowne.pl\/wp-content\/uploads\/2015\/03\/sad26-300x127.jpg 300w\" sizes=\"auto, (max-width: 443px) 100vw, 443px\" \/><\/p>\n<p style=\"text-align: justify;\">\u00a0<strong>SADOWNE<\/strong><\/p>\n<p style=\"text-align: justify;\"><strong>W niedziel\u0119, 26 sierpnia 2007<\/strong> roku w Sadownem odby\u0142 si\u0119 festyn pod has\u0142em: ,,Zako\u0144czenie lata\u201d. Atrakcji nie zabrak\u0142o. Wyst\u0105pi\u0142 nasz miejscowy zesp\u00f3\u0142 SADOWIANKI. W programie \u00a0wykona\u0142 piosenki ludowe, tre\u015bci\u0105 zwi\u0105zane z\u00a0 regionem Mazowsza.<\/p>\n<div id=\"attachment_7955\" style=\"width: 471px\" class=\"wp-caption aligncenter\"><img loading=\"lazy\" decoding=\"async\" aria-describedby=\"caption-attachment-7955\" class=\"wp-image-7955 size-full\" src=\"http:\/\/www.info.sadowne.pl\/wp-content\/uploads\/2015\/03\/sad27.jpg\" alt=\"sad27\" width=\"461\" height=\"453\" srcset=\"https:\/\/info.sadowne.pl\/wp-content\/uploads\/2015\/03\/sad27.jpg 461w, https:\/\/info.sadowne.pl\/wp-content\/uploads\/2015\/03\/sad27-300x295.jpg 300w\" sizes=\"auto, (max-width: 461px) 100vw, 461px\" \/><p id=\"caption-attachment-7955\" class=\"wp-caption-text\">Duet: Krysia Wetoszka i Basia Wr\u00f3bel.<\/p><\/div>\n<p style=\"text-align: justify;\"><strong>MA\u0141KINIA<\/strong><\/p>\n<div id=\"attachment_7956\" style=\"width: 379px\" class=\"wp-caption aligncenter\"><img loading=\"lazy\" decoding=\"async\" aria-describedby=\"caption-attachment-7956\" class=\"wp-image-7956 size-full\" src=\"http:\/\/www.info.sadowne.pl\/wp-content\/uploads\/2015\/03\/sad28.jpg\" alt=\"sad28\" width=\"369\" height=\"278\" srcset=\"https:\/\/info.sadowne.pl\/wp-content\/uploads\/2015\/03\/sad28.jpg 369w, https:\/\/info.sadowne.pl\/wp-content\/uploads\/2015\/03\/sad28-300x226.jpg 300w\" sizes=\"auto, (max-width: 369px) 100vw, 369px\" \/><p id=\"caption-attachment-7956\" class=\"wp-caption-text\">Ma\u0142kinia 2007 rok \u2013 Nadbu\u017ca\u0144ska Noc \u015awi\u0119toja\u0144ska<\/p><\/div>\n<p style=\"text-align: justify;\">\n<p style=\"text-align: justify;\"><strong>SADOWNE<\/strong><\/p>\n<p style=\"text-align: justify;\"><strong>16 wrze\u015bnia 2007 roku\u00a0<\/strong>&#8211; odby\u0142o si\u0119 kolejne spotkanie w Urz\u0119dzie Gminy z kombatantami. Zaraz po spotkaniu Sadowianki wyjecha\u0142y do W\u0119growa\u00a0i \u015bpiewa\u0142y na<strong> \u015awi\u0119cie Chleba<\/strong>. Ca\u0142a uroczysto\u015b\u0107 odbywa\u0142a si\u0119 na Rynku Mariackim.<\/p>\n<p style=\"text-align: justify;\"><strong>\u0179r\u00f3d\u0142o:<\/strong> SADOWIANKI, Barbara Wr\u00f3bel, Sadowne 2014 (kronika dostepna w zbiorach GOK Sadowne)<\/p>\n<div id=\"wrapper\">\n<div id=\"bigcolumn\">\n<div class=\"page-all\">\n<div class=\"page-top\">\n<div class=\"containerI\">\n<div class=\"bigdiv\">\n<div id=\"post-7881\" class=\"post\"><\/div>\n<\/div>\n<\/div>\n<\/div>\n<\/div>\n<\/div>\n<\/div>\n","protected":false},"excerpt":{"rendered":"<p>A teraz troch\u0119 migawek z dzia\u0142alno\u015bci zespo\u0142u.<\/p>\n","protected":false},"author":1,"featured_media":0,"comment_status":"open","ping_status":"open","sticky":false,"template":"","format":"standard","meta":{"footnotes":""},"categories":[5,31,1202],"tags":[1218,101,960],"class_list":["post-7941","post","type-post","status-publish","format-standard","hentry","category-newsy","category-historia-gminy","category-zespol-spiewaczy-sadowianki","tag-barbara-wrobel","tag-historia-gminy-sadowne","tag-zespol-spiewaczy-sadowianki"],"views":3555,"_links":{"self":[{"href":"https:\/\/info.sadowne.pl\/index.php?rest_route=\/wp\/v2\/posts\/7941","targetHints":{"allow":["GET"]}}],"collection":[{"href":"https:\/\/info.sadowne.pl\/index.php?rest_route=\/wp\/v2\/posts"}],"about":[{"href":"https:\/\/info.sadowne.pl\/index.php?rest_route=\/wp\/v2\/types\/post"}],"author":[{"embeddable":true,"href":"https:\/\/info.sadowne.pl\/index.php?rest_route=\/wp\/v2\/users\/1"}],"replies":[{"embeddable":true,"href":"https:\/\/info.sadowne.pl\/index.php?rest_route=%2Fwp%2Fv2%2Fcomments&post=7941"}],"version-history":[{"count":3,"href":"https:\/\/info.sadowne.pl\/index.php?rest_route=\/wp\/v2\/posts\/7941\/revisions"}],"predecessor-version":[{"id":7959,"href":"https:\/\/info.sadowne.pl\/index.php?rest_route=\/wp\/v2\/posts\/7941\/revisions\/7959"}],"wp:attachment":[{"href":"https:\/\/info.sadowne.pl\/index.php?rest_route=%2Fwp%2Fv2%2Fmedia&parent=7941"}],"wp:term":[{"taxonomy":"category","embeddable":true,"href":"https:\/\/info.sadowne.pl\/index.php?rest_route=%2Fwp%2Fv2%2Fcategories&post=7941"},{"taxonomy":"post_tag","embeddable":true,"href":"https:\/\/info.sadowne.pl\/index.php?rest_route=%2Fwp%2Fv2%2Ftags&post=7941"}],"curies":[{"name":"wp","href":"https:\/\/api.w.org\/{rel}","templated":true}]}}