{"id":8004,"date":"2015-03-13T08:18:04","date_gmt":"2015-03-13T07:18:04","guid":{"rendered":"http:\/\/www.infosadowne.boo.pl\/?p=8004"},"modified":"2015-03-13T08:23:30","modified_gmt":"2015-03-13T07:23:30","slug":"sadowianki-pracowite-lata","status":"publish","type":"post","link":"https:\/\/info.sadowne.pl\/?p=8004","title":{"rendered":"SADOWIANKI &#8211; Pracowite lata&#8230;"},"content":{"rendered":"<p style=\"text-align: justify;\"><strong><img loading=\"lazy\" decoding=\"async\" class=\"alignleft size-thumbnail wp-image-7956\" src=\"http:\/\/www.info.sadowne.pl\/wp-content\/uploads\/2015\/03\/sad28-180x130.jpg\" alt=\"sad28\" width=\"180\" height=\"130\" \/>SADOWNE \u2013 OLIMPIADA ROLNICZA.\u00a0<\/strong><!--more--><\/p>\n<p style=\"text-align: justify;\"><img loading=\"lazy\" decoding=\"async\" class=\"alignleft size-full wp-image-8005\" src=\"http:\/\/www.info.sadowne.pl\/wp-content\/uploads\/2015\/03\/sad29.jpg\" alt=\"sad29\" width=\"124\" height=\"119\" \/>9 lutego 2008 roku w Urz\u0119dzie Gminy w Sadownem odby\u0142a si\u0119 OLIMPIADA WIEDZY\u00a0I UMIEJ\u0118TNO\u015aCI ROLNICZYCH &#8211;\u00a0BLOK: \u017bYWIENIE CZ\u0141OWIEKA I GOSPODARSTWO DOMOWE.<\/p>\n<p style=\"text-align: justify;\">Olimpiad\u0119 zorganizowa\u0142\u00a0Mazowiecki O\u015brodek Doradztwa Rolniczego w Warszawie Oddzia\u0142 w Siedlcach. W trakcie podliczania punktacji w celu wy\u0142onienia zwyci\u0119zcy \u015bpiewa\u0142y SADOWIANKI.<\/p>\n<p style=\"text-align: justify;\"><strong>ROK 2008 &#8211; SADOWIANKI<\/strong><\/p>\n<p style=\"text-align: justify;\"><strong>Rok 2008 <\/strong>by\u0142 bardzo pracowity dla <strong>SADOWIANEK<\/strong>. Odby\u0142o si\u0119 wiele spotka\u0144 czyli pr\u00f3b, na kt\u00f3rych zesp\u00f3\u0142 uczy\u0142 si\u0119 nowych piosenek, tekst\u00f3w i melodii a tak\u017ce inscenizacji. Opr\u00f3cz tego wyje\u017cd\u017ca\u0142 na wyst\u0119py. Mi\u0119dzy innymi:<\/p>\n<ol style=\"text-align: justify;\">\n<li>Barwy Jesieni &#8211;<strong>\u00a0 WOK<\/strong> <strong>W\u0119gr\u00f3w<\/strong><\/li>\n<li>Noc \u015awi\u0119toja\u0144ska &#8211;\u00a0 <strong>Ma\u0142kinia n\/Bugiem<\/strong><\/li>\n<li>\u015awi\u0119to Chleba (21.09.2008) \u2013<strong> W\u0119gr\u00f3w<\/strong><\/li>\n<\/ol>\n<p style=\"text-align: justify;\"><strong>Nadbu\u017ca\u0144ska Noc \u015awi\u0119toja\u0144ska<\/strong> to wyj\u0105tkowa impreza plenerowa ciesz\u0105ca si\u0119 ogromn\u0105 popularno\u015bci\u0105. Jak ka\u017cdego roku ch\u0119tnych do zabawy nie zabrak\u0142o, czego najlepszym dowodem by\u0142y t\u0142umy ludzi na nadbu\u017ca\u0144skich b\u0142oniach. W ci\u0105gu dw\u00f3ch dni festynu odby\u0142y si\u0119 koncerty zespo\u0142\u00f3w takich jak: Kasyno, Mega Stars, Renata D\u0105bkowska \u2013 Dystans oraz zespo\u0142\u00f3w ludowych: Jarz\u0119bina, Ma\u0142kinianka, <strong>Sadowianki<\/strong>.<\/p>\n<div id=\"attachment_8006\" style=\"width: 303px\" class=\"wp-caption aligncenter\"><img loading=\"lazy\" decoding=\"async\" aria-describedby=\"caption-attachment-8006\" class=\"wp-image-8006 size-full\" src=\"http:\/\/www.info.sadowne.pl\/wp-content\/uploads\/2015\/03\/sad30.jpg\" alt=\"sad30\" width=\"293\" height=\"210\" srcset=\"https:\/\/info.sadowne.pl\/wp-content\/uploads\/2015\/03\/sad30.jpg 293w, https:\/\/info.sadowne.pl\/wp-content\/uploads\/2015\/03\/sad30-180x130.jpg 180w\" sizes=\"auto, (max-width: 293px) 100vw, 293px\" \/><p id=\"caption-attachment-8006\" class=\"wp-caption-text\">Ma\u0142kinia 2008 rok<\/p><\/div>\n<p style=\"text-align: justify;\"><strong>SADOWNE<\/strong><\/p>\n<p style=\"text-align: justify;\"><strong><img loading=\"lazy\" decoding=\"async\" class=\"alignleft size-full wp-image-8007\" src=\"http:\/\/www.info.sadowne.pl\/wp-content\/uploads\/2015\/03\/sad31.jpg\" alt=\"sad31\" width=\"180\" height=\"121\" \/>2009 rok, <\/strong>to kolejny rok intensywnej pracy ca\u0142ego zespo\u0142u. Przygotowania, wyst\u0119py i wyjazdy:<\/p>\n<ol style=\"text-align: justify;\">\n<li>4 stycznia 2009 r. \u2013\u00a0 Kol\u0119dy <strong>Sadowne<\/strong><\/li>\n<li>14 lutego \u2013 Jubileusz Ma\u0142\u017ce\u0144stw <strong>Sadowne <\/strong><\/li>\n<li>22 lutego \u2013 Zapusty <strong>Sadowne<\/strong><\/li>\n<li>19 kwietnia \u2013 Wystawa Maszyn Rolniczych <strong>Siedlce<\/strong><\/li>\n<li>1 maja \u2013 Maj\u00f3wka<strong> Roskosz<\/strong><\/li>\n<li>maj \u2013 SGGW <strong>Warszawa<\/strong><\/li>\n<li>21 czerwca \u2013 Noc \u015awi\u0119toja\u0144ska <strong>Ma\u0142kinia<\/strong><\/li>\n<li>5 lipca \u2013 Dni <strong>Broku <\/strong><\/li>\n<li>26 lipca \u2013 Jubileusz OSP <strong>Sadowne <\/strong><\/li>\n<li>15 sierpnia <strong>\u2013 Glina<\/strong><\/li>\n<li>16 sierpnia \u2013 Do\u017cynki<strong> D\u0142ugosiod\u0142o <\/strong><\/li>\n<li>30 sierpnia \u2013\u00a0 Do\u017cynki w <strong>Ma\u0142kini<\/strong><\/li>\n<li>20 wrze\u015bnia \u2013 \u015awi\u0119to Chleba <strong>W\u0119gr\u00f3w<\/strong><\/li>\n<li>17 pa\u017adziernika \u2013 Barwy Jesieni <strong>W\u0119gr\u00f3w<\/strong><\/li>\n<\/ol>\n<p style=\"text-align: justify;\"><strong>Kilka migawek z 2009 roku.<\/strong><\/p>\n<p style=\"text-align: justify;\"><strong>SADOWNE \u2013 KOL\u0118DY<\/strong><\/p>\n<p style=\"text-align: justify;\"><strong><img loading=\"lazy\" decoding=\"async\" class=\"alignleft size-full wp-image-8008\" src=\"http:\/\/www.info.sadowne.pl\/wp-content\/uploads\/2015\/03\/sad32.jpg\" alt=\"sad32\" width=\"279\" height=\"156\" \/>4 stycznia 2009r.<\/strong> odby\u0142o si\u0119 spotkanie z mieszka\u0144cami Sadownego i okolicznych miejscowo\u015bci. Podczas tego spotkania, kt\u00f3re mia\u0142o miejsce w remizie stra\u017cackiej, zesp\u00f3\u0142 zaprezentowa\u0142 poetycki program wieczoru wigilijnego, <strong>pt: ,,Male\u0144ka Mi\u0142o\u015b\u0107\u201d.<\/strong> Publiczno\u015b\u0107 wsp\u00f3lnie \u015bpiewa\u0142a pi\u0119kne kol\u0119dy i pastora\u0142ki.<strong>\u00a0\u00a0 <\/strong><\/p>\n<p style=\"text-align: justify;\"><strong><img loading=\"lazy\" decoding=\"async\" class=\"alignright size-full wp-image-8009\" src=\"http:\/\/www.info.sadowne.pl\/wp-content\/uploads\/2015\/03\/sad33.jpg\" alt=\"sad33\" width=\"270\" height=\"202\" \/>SADOWNE \u2013 ZAPUSTY<\/strong><\/p>\n<p style=\"text-align: justify;\"><strong>W lutym tego samego roku <\/strong>podczas kolejnego spotkania z mieszka\u0144cami naszej gminy zesp\u00f3\u0142 przypomnia\u0142 jedn\u0105 ze wspania\u0142ych tradycji, jak\u0105 s\u0105 <strong>Zapusty,<\/strong> czyli polski karnawa\u0142. W\u0142a\u015bnie podczas tych dni starano si\u0119 naje\u015b\u0107 do syta dobrych potraw, wyta\u0144czy\u0107, wybawi\u0107, wy\u015bmia\u0107 i wykrzycze\u0107 przed Wielkim Postem. Dziwad\u0142a i przebiera\u0144cy wspaniale bawili publiczno\u015b\u0107.<\/p>\n<p style=\"text-align: justify;\"><strong>ROSKOSZ \u2013 gmina Bia\u0142a Podlaska\u00a0 <\/strong><\/p>\n<p style=\"text-align: justify;\"><strong>1 maja 2009 r.<\/strong> odby\u0142 si\u0119 zorganizowany przez Europejskie Centrum Kszta\u0142cenia i Wychowania\u00a0 OHP w Roskoszy piknik rodzinny: ,,Maj\u00f3wka w Roskoszy\u201d. W programie artystycznym pikniku zaprezentowa\u0142y si\u0119 amatorskie i zawodowe zespo\u0142y rozrywkowe. Na zaproszenie dyrektora ECKiW pana Stanis\u0142awa Podymskiego go\u015bci\u0142 tam r\u00f3wnie\u017c zesp\u00f3\u0142 <strong>SADOWIANKI<\/strong>.<\/p>\n<p style=\"text-align: justify;\"><img loading=\"lazy\" decoding=\"async\" class=\"aligncenter size-full wp-image-8010\" src=\"http:\/\/www.info.sadowne.pl\/wp-content\/uploads\/2015\/03\/sad34.jpg\" alt=\"sad34\" width=\"538\" height=\"354\" srcset=\"https:\/\/info.sadowne.pl\/wp-content\/uploads\/2015\/03\/sad34.jpg 538w, https:\/\/info.sadowne.pl\/wp-content\/uploads\/2015\/03\/sad34-300x197.jpg 300w\" sizes=\"auto, (max-width: 538px) 100vw, 538px\" \/><\/p>\n<p style=\"text-align: justify;\">Wraz z naszym zespo\u0142em wyst\u0105pi\u0142 z harmonijk\u0105 ustn\u0105 uhonorowany na wielu festiwalach pan <strong>Mieczys\u0142aw Borkowski<\/strong>, cz\u0142onek Mi\u0119dzynarodowego Stowarzyszenia Harmonijek Ustnych. Kilka melodii zagra\u0142 r\u00f3wnie\u017c pan dyrektor <strong>Podymski.<\/strong><\/p>\n<p style=\"text-align: justify;\"><img loading=\"lazy\" decoding=\"async\" class=\"aligncenter size-full wp-image-8011\" src=\"http:\/\/www.info.sadowne.pl\/wp-content\/uploads\/2015\/03\/sad35.jpg\" alt=\"sad35\" width=\"431\" height=\"286\" srcset=\"https:\/\/info.sadowne.pl\/wp-content\/uploads\/2015\/03\/sad35.jpg 431w, https:\/\/info.sadowne.pl\/wp-content\/uploads\/2015\/03\/sad35-300x199.jpg 300w\" sizes=\"auto, (max-width: 431px) 100vw, 431px\" \/><\/p>\n<p style=\"text-align: justify;\">W tym dniu <strong>SADOWIANKI &#8211; <\/strong>\u015bpiewa\u0142y kameralnie dla artyst\u00f3w polskiej operetki, wspania\u0142ego <strong>tenora pana Witolda Matulki i sopranistki pani Joanny Bia\u0142ek (w \u015brodku p. dyr. St. Podymski).<\/strong><\/p>\n<p style=\"text-align: justify;\"><strong>WARSZAWA\u00a0\u00a0 SGGW <\/strong><\/p>\n<p style=\"text-align: justify;\"><strong>W maju 2009 r. w Warszawie na SGGW<\/strong> przy ul. Nowoursynowskiej odbywa\u0142y si\u0119 Mazowieckie Targi Agroturystyczne, podczas, kt\u00f3rych r\u00f3wnie\u017c \u015bpiewa\u0142y <strong>SADOWIANKI<\/strong>.<\/p>\n<div id=\"attachment_8012\" style=\"width: 488px\" class=\"wp-caption aligncenter\"><img loading=\"lazy\" decoding=\"async\" aria-describedby=\"caption-attachment-8012\" class=\"wp-image-8012 size-full\" src=\"http:\/\/www.info.sadowne.pl\/wp-content\/uploads\/2015\/03\/sad36.jpg\" alt=\"sad36\" width=\"478\" height=\"359\" srcset=\"https:\/\/info.sadowne.pl\/wp-content\/uploads\/2015\/03\/sad36.jpg 478w, https:\/\/info.sadowne.pl\/wp-content\/uploads\/2015\/03\/sad36-300x225.jpg 300w\" sizes=\"auto, (max-width: 478px) 100vw, 478px\" \/><p id=\"caption-attachment-8012\" class=\"wp-caption-text\">Ala Bahniuk, Zbyszek Danaj, Kazia Krzak, Monika Nozderka, Tereska Piwek<\/p><\/div>\n<div id=\"attachment_8013\" style=\"width: 488px\" class=\"wp-caption aligncenter\"><img loading=\"lazy\" decoding=\"async\" aria-describedby=\"caption-attachment-8013\" class=\"wp-image-8013 size-full\" src=\"http:\/\/www.info.sadowne.pl\/wp-content\/uploads\/2015\/03\/sad37.jpg\" alt=\"sad37\" width=\"478\" height=\"336\" srcset=\"https:\/\/info.sadowne.pl\/wp-content\/uploads\/2015\/03\/sad37.jpg 478w, https:\/\/info.sadowne.pl\/wp-content\/uploads\/2015\/03\/sad37-300x211.jpg 300w\" sizes=\"auto, (max-width: 478px) 100vw, 478px\" \/><p id=\"caption-attachment-8013\" class=\"wp-caption-text\">W drugim rz\u0119dzie widoczna Jadzia Borowa, Tereska Piwek, Wandzia Stryjek, Tereska \u017bach, Basia Decyk, Basia Wr\u00f3bel, Ania Chojecka i Krysia Wetoszka<\/p><\/div>\n<p style=\"text-align: justify;\">Komentarz zamieszczony w Internecie na temat wyst\u0119p\u00f3w brzmia\u0142: &#8211;<strong>,,<em>Ale\u017c si\u0119 dzia\u0142o- Publiczno\u015b\u0107 szala\u0142a. Wreszcie wszystkich do ta\u0144ca zach\u0119ci\u0142y Sadowianki z Sadownego w powiecie w\u0119growskim. I rzeczywi\u015bcie podczas ich wyst\u0119pu publiczno\u015b\u0107 \u015bpiewa\u0142a, ta\u0144czy\u0142a i wspaniale bawi\u0142a si\u0119.\u201d<\/em><\/strong><\/p>\n<div id=\"attachment_8014\" style=\"width: 524px\" class=\"wp-caption aligncenter\"><img loading=\"lazy\" decoding=\"async\" aria-describedby=\"caption-attachment-8014\" class=\"wp-image-8014 size-full\" src=\"http:\/\/www.info.sadowne.pl\/wp-content\/uploads\/2015\/03\/sad38.jpg\" alt=\"sad38\" width=\"514\" height=\"386\" srcset=\"https:\/\/info.sadowne.pl\/wp-content\/uploads\/2015\/03\/sad38.jpg 514w, https:\/\/info.sadowne.pl\/wp-content\/uploads\/2015\/03\/sad38-300x225.jpg 300w\" sizes=\"auto, (max-width: 514px) 100vw, 514px\" \/><p id=\"caption-attachment-8014\" class=\"wp-caption-text\">Zabawa podczas wyst\u0119pu SADOWIANEK<\/p><\/div>\n<div id=\"attachment_8015\" style=\"width: 406px\" class=\"wp-caption aligncenter\"><img loading=\"lazy\" decoding=\"async\" aria-describedby=\"caption-attachment-8015\" class=\"wp-image-8015 size-full\" src=\"http:\/\/www.info.sadowne.pl\/wp-content\/uploads\/2015\/03\/sad39.jpg\" alt=\"sad39\" width=\"396\" height=\"298\" srcset=\"https:\/\/info.sadowne.pl\/wp-content\/uploads\/2015\/03\/sad39.jpg 396w, https:\/\/info.sadowne.pl\/wp-content\/uploads\/2015\/03\/sad39-300x226.jpg 300w\" sizes=\"auto, (max-width: 396px) 100vw, 396px\" \/><p id=\"caption-attachment-8015\" class=\"wp-caption-text\">SADOWIANKI ta\u0144cz\u0105 podczas wyst\u0119pu zespo\u0142u Ma\u0142kinianka<\/p><\/div>\n<p style=\"text-align: justify;\"><strong>MA\u0141KINIA G\u00d3RNA<\/strong><\/p>\n<p style=\"text-align: justify;\"><strong><img loading=\"lazy\" decoding=\"async\" class=\"alignleft size-full wp-image-8016\" src=\"http:\/\/www.info.sadowne.pl\/wp-content\/uploads\/2015\/03\/sad40.jpg\" alt=\"sad40\" width=\"158\" height=\"105\" \/>Noc \u015awi\u0119toja\u0144ska &#8211; czerwiec 2009 \u2013 <\/strong>kolejna huczna impreza w Ma\u0142kini.<\/p>\n<div id=\"attachment_8017\" style=\"width: 532px\" class=\"wp-caption aligncenter\"><img loading=\"lazy\" decoding=\"async\" aria-describedby=\"caption-attachment-8017\" class=\"wp-image-8017 size-full\" src=\"http:\/\/www.info.sadowne.pl\/wp-content\/uploads\/2015\/03\/sad41.jpg\" alt=\"sad41\" width=\"522\" height=\"392\" srcset=\"https:\/\/info.sadowne.pl\/wp-content\/uploads\/2015\/03\/sad41.jpg 522w, https:\/\/info.sadowne.pl\/wp-content\/uploads\/2015\/03\/sad41-300x225.jpg 300w\" sizes=\"auto, (max-width: 522px) 100vw, 522px\" \/><p id=\"caption-attachment-8017\" class=\"wp-caption-text\">SADOWIANKI \u2013 Ma\u0142kinia G\u00f3rna 2009 rok<\/p><\/div>\n<div id=\"attachment_8018\" style=\"width: 375px\" class=\"wp-caption aligncenter\"><img loading=\"lazy\" decoding=\"async\" aria-describedby=\"caption-attachment-8018\" class=\"wp-image-8018 size-full\" src=\"http:\/\/www.info.sadowne.pl\/wp-content\/uploads\/2015\/03\/sad42.jpg\" alt=\"sad42\" width=\"365\" height=\"274\" srcset=\"https:\/\/info.sadowne.pl\/wp-content\/uploads\/2015\/03\/sad42.jpg 365w, https:\/\/info.sadowne.pl\/wp-content\/uploads\/2015\/03\/sad42-300x225.jpg 300w\" sizes=\"auto, (max-width: 365px) 100vw, 365px\" \/><p id=\"caption-attachment-8018\" class=\"wp-caption-text\">Solista &#8211; Zbyszek Danaj<\/p><\/div>\n<div id=\"attachment_8019\" style=\"width: 583px\" class=\"wp-caption aligncenter\"><img loading=\"lazy\" decoding=\"async\" aria-describedby=\"caption-attachment-8019\" class=\"wp-image-8019 size-full\" src=\"http:\/\/www.info.sadowne.pl\/wp-content\/uploads\/2015\/03\/sad43.jpg\" alt=\"sad43\" width=\"573\" height=\"461\" srcset=\"https:\/\/info.sadowne.pl\/wp-content\/uploads\/2015\/03\/sad43.jpg 573w, https:\/\/info.sadowne.pl\/wp-content\/uploads\/2015\/03\/sad43-300x241.jpg 300w\" sizes=\"auto, (max-width: 573px) 100vw, 573px\" \/><p id=\"caption-attachment-8019\" class=\"wp-caption-text\">Widownia: Zespo\u0142y SADOWIANKI i MA\u0141KINIANKA<\/p><\/div>\n<p><strong>\u0179r\u00f3d\u0142o:<\/strong>\u00a0SADOWIANKI, Barbara Wr\u00f3bel, Sadowne 2014 (kronika dost\u0119pna w zbiorach GOK Sadowne)<\/p>\n","protected":false},"excerpt":{"rendered":"<p>SADOWNE \u2013 OLIMPIADA ROLNICZA.\u00a0<\/p>\n","protected":false},"author":1,"featured_media":0,"comment_status":"open","ping_status":"open","sticky":false,"template":"","format":"standard","meta":{"footnotes":""},"categories":[5,31,1202],"tags":[101,960],"class_list":["post-8004","post","type-post","status-publish","format-standard","hentry","category-newsy","category-historia-gminy","category-zespol-spiewaczy-sadowianki","tag-historia-gminy-sadowne","tag-zespol-spiewaczy-sadowianki"],"views":3415,"_links":{"self":[{"href":"https:\/\/info.sadowne.pl\/index.php?rest_route=\/wp\/v2\/posts\/8004","targetHints":{"allow":["GET"]}}],"collection":[{"href":"https:\/\/info.sadowne.pl\/index.php?rest_route=\/wp\/v2\/posts"}],"about":[{"href":"https:\/\/info.sadowne.pl\/index.php?rest_route=\/wp\/v2\/types\/post"}],"author":[{"embeddable":true,"href":"https:\/\/info.sadowne.pl\/index.php?rest_route=\/wp\/v2\/users\/1"}],"replies":[{"embeddable":true,"href":"https:\/\/info.sadowne.pl\/index.php?rest_route=%2Fwp%2Fv2%2Fcomments&post=8004"}],"version-history":[{"count":5,"href":"https:\/\/info.sadowne.pl\/index.php?rest_route=\/wp\/v2\/posts\/8004\/revisions"}],"predecessor-version":[{"id":8024,"href":"https:\/\/info.sadowne.pl\/index.php?rest_route=\/wp\/v2\/posts\/8004\/revisions\/8024"}],"wp:attachment":[{"href":"https:\/\/info.sadowne.pl\/index.php?rest_route=%2Fwp%2Fv2%2Fmedia&parent=8004"}],"wp:term":[{"taxonomy":"category","embeddable":true,"href":"https:\/\/info.sadowne.pl\/index.php?rest_route=%2Fwp%2Fv2%2Fcategories&post=8004"},{"taxonomy":"post_tag","embeddable":true,"href":"https:\/\/info.sadowne.pl\/index.php?rest_route=%2Fwp%2Fv2%2Ftags&post=8004"}],"curies":[{"name":"wp","href":"https:\/\/api.w.org\/{rel}","templated":true}]}}