{"id":8028,"date":"2015-03-13T18:56:57","date_gmt":"2015-03-13T17:56:57","guid":{"rendered":"http:\/\/www.infosadowne.boo.pl\/?p=8028"},"modified":"2015-03-14T07:08:07","modified_gmt":"2015-03-14T06:08:07","slug":"5-minut-o-drodze-krajowej-nr-50","status":"publish","type":"post","link":"https:\/\/info.sadowne.pl\/?p=8028","title":{"rendered":"5 minut o\u2026 drodze krajowej nr 50"},"content":{"rendered":"<p style=\"text-align: justify;\"><strong><img loading=\"lazy\" decoding=\"async\" class=\"alignleft size-thumbnail wp-image-7835\" src=\"http:\/\/www.info.sadowne.pl\/wp-content\/uploads\/2015\/02\/wojtcyran-180x130.jpg\" alt=\"wojtcyran\" width=\"180\" height=\"130\" srcset=\"https:\/\/info.sadowne.pl\/wp-content\/uploads\/2015\/02\/wojtcyran-180x130.jpg 180w, https:\/\/info.sadowne.pl\/wp-content\/uploads\/2015\/02\/wojtcyran-300x215.jpg 300w, https:\/\/info.sadowne.pl\/wp-content\/uploads\/2015\/02\/wojtcyran.jpg 784w\" sizes=\"auto, (max-width: 180px) 100vw, 180px\" \/>Witam Pa\u0144stwa! <\/strong><!--more--><\/p>\n<p style=\"text-align: justify;\"><strong>Zgodnie z moimi zapowiedziami informowania na bie\u017c\u0105co o wa\u017cnych dla Naszej Gminy sprawach, postanowi\u0142em tym razem zapozna\u0107 Pa\u0144stwa z aktualnymi ustaleniami zwi\u0105zanymi z planowanym remontem drogi krajowej nr 50, kt\u00f3ra przecina teren Gminy Sadowne.<\/strong><\/p>\n<p style=\"text-align: justify;\">Ot\u00f3\u017c, jak poinformowa\u0142a nas Generalna Dyrekcja Dr\u00f3g Krajowych i Autostrad, nie uwzgl\u0119dniono naszego wniosku o uj\u0119cie w projekcie Programu Budowy Dr\u00f3g Krajowych na lata 2014-2023 zadania \u201ePrzebudowa dk 50 Mi\u0144sk Mazowiecki \u2013 \u0141och\u00f3w \u2013 Ostr\u00f3w Mazowiecka\u201d. Wed\u0142ug GDDKiA g\u0142\u00f3wnym priorytetem na lata 2014-2023 jest doko\u0144czenie budowy w Polsce sp\u00f3jnej sieci autostrad i dr\u00f3g ekspresowych tj. budowanie nowych odcink\u00f3w dr\u00f3g klasy A i S &#8211; o podj\u0119tych decyzjach w sprawie remontu dr\u00f3g krajowych, w tym dk 50, mo\u017cna przeczyta\u0107 na stronie <span style=\"color: #0000ff;\"><strong><a style=\"color: #0000ff;\" href=\"http:\/\/www.mir.gov.pl\/transport\/infrastruktura_drogowa\/program_budowy_drog_krajowych\/program20142023\/strony\/program_2014_2023.aspx\" target=\"_blank\">Ministerstwa Infrastruktury i Rozwoju<\/a>.<\/strong><\/span> Ze swojej strony, zapewniam Pa\u0144stwa, \u017ce problematyka generalnego remontu dk 50 pozostanie w moim sta\u0142ym zainteresowaniu i wsp\u00f3lnie z \u201ew\u0142odarzami\u201d innych gmin b\u0119dziemy j\u0105 monitorowa\u0107 na bie\u017c\u0105co.<\/p>\n<p style=\"text-align: justify;\"><a href=\"http:\/\/www.info.sadowne.pl\/wp-content\/uploads\/2015\/03\/2015.03.13.4.jpg\" target=\"_blank\"><img loading=\"lazy\" decoding=\"async\" class=\"alignright wp-image-8029 size-thumbnail\" src=\"http:\/\/www.info.sadowne.pl\/wp-content\/uploads\/2015\/03\/2015.03.13.4-180x130.jpg\" alt=\"2015.03.13.4\" width=\"180\" height=\"130\" \/><\/a>Nie mniej jednak, mniejsze remonty dk 50 b\u0119d\u0105 wykonywane w miar\u0119 posiadanych \u015brodk\u00f3w finansowych \u2013 gwarantuje GDDKiA, co potwierdza pismem skierowanym do Starosty W\u0119growskiego (pismo dost\u0119pne na stronie internetowej <span style=\"color: #0000ff;\"><strong><a style=\"color: #0000ff;\" href=\"http:\/\/www.powiatwegrowski.pl\/Event.aspx?EventId=8940b389-cdf6-4708-b1a6-2ef66c91b98c\" target=\"_blank\">Starostwa Powiatowego<\/a><\/strong><\/span>). Przyk\u0142adem tego mo\u017ce by\u0107 realizacja apelu mieszka\u0144c\u00f3w Sadownego i samorz\u0105du dotycz\u0105cego bezpiecze\u0144stwa pieszych przy przej\u015bciu przez wspomnian\u0105 drog\u0119 krajow\u0105 nr 50 \u2013 ulic\u0105 Wiejsk\u0105 w kierunku ulicy Ko\u015bciuszki. Jak Pa\u0144stwo ju\u017c zapewne zauwa\u017cyli, zmodernizowano tam przej\u015bcie dla pieszych poprzez zamontowanie \u015bwiate\u0142 ostrzegawczych oraz widocznego znaku \u201eprzej\u015bcie dla pieszych\u201d. Dzia\u0142ania te niew\u0105tpliwie przyczyni\u0105 si\u0119 do poprawy bezpiecze\u0144stwa mieszka\u0144c\u00f3w Sadownego, kt\u00f3rzy codziennie musz\u0105 przekracza\u0107 t\u0119 do\u015b\u0107 ruchliw\u0105 drog\u0119.<\/p>\n<p style=\"text-align: justify;\"><strong><a href=\"http:\/\/www.info.sadowne.pl\/wp-content\/uploads\/2015\/03\/2015.03.13.2.jpg\" target=\"_blank\"><img loading=\"lazy\" decoding=\"async\" class=\"alignleft wp-image-8030 size-thumbnail\" src=\"http:\/\/www.info.sadowne.pl\/wp-content\/uploads\/2015\/03\/2015.03.13.2-180x130.jpg\" alt=\"2015.03.13.2\" width=\"180\" height=\"130\" \/><\/a>A przy okazji &#8211; mo\u017ce nie przekrocz\u0119 limitu \u201e5 minut\u201d &#8211; inny temat, ale do\u015b\u0107 istotny dla w\u0142a\u015bciwego funkcjonowania struktury administracyjnej Naszej Gminy.<\/strong><\/p>\n<p style=\"text-align: justify;\"><a href=\"http:\/\/www.info.sadowne.pl\/wp-content\/uploads\/2015\/03\/2015.03.13.3.jpg\" target=\"_blank\"><img loading=\"lazy\" decoding=\"async\" class=\"alignright wp-image-8031 size-thumbnail\" src=\"http:\/\/www.info.sadowne.pl\/wp-content\/uploads\/2015\/03\/2015.03.13.3-180x130.jpg\" alt=\"2015.03.13.3\" width=\"180\" height=\"130\" \/><\/a>Na terenie gminy Sadowne zako\u0144czy\u0142y si\u0119 wybory so\u0142tys\u00f3w. W 23. so\u0142ectwach og\u00f3lna frekwencja wynios\u0142a 20%. So\u0142tysi, co jest nowo\u015bci\u0105, z\u0142o\u017cyli uroczyste \u015blubowanie i ju\u017c rozpocz\u0119li prac\u0119. Poni\u017cej przedstawiam statystyki g\u0142osowania:<\/p>\n<p style=\"text-align: justify;\">Dzi\u0119kuj\u0119 i pozdrawiam.<\/p>\n<p style=\"text-align: justify;\"><strong>Waldemar Cyran \u2013 W\u00f3jt Gminy Sadowne<\/strong><\/p>\n<p style=\"text-align: justify;\"><a href=\"http:\/\/www.info.sadowne.pl\/wp-content\/uploads\/2015\/03\/2015.03.13.1.jpg\" target=\"_blank\"><img loading=\"lazy\" decoding=\"async\" class=\"aligncenter wp-image-8032 size-medium\" src=\"http:\/\/www.info.sadowne.pl\/wp-content\/uploads\/2015\/03\/2015.03.13.1-300x250.jpg\" alt=\"2015.03.13.1\" width=\"300\" height=\"250\" srcset=\"https:\/\/info.sadowne.pl\/wp-content\/uploads\/2015\/03\/2015.03.13.1-300x250.jpg 300w, https:\/\/info.sadowne.pl\/wp-content\/uploads\/2015\/03\/2015.03.13.1.jpg 741w\" sizes=\"auto, (max-width: 300px) 100vw, 300px\" \/><\/a><\/p>\n","protected":false},"excerpt":{"rendered":"<p>Witam Pa\u0144stwa!<\/p>\n","protected":false},"author":1,"featured_media":0,"comment_status":"open","ping_status":"open","sticky":false,"template":"","format":"standard","meta":{"footnotes":""},"categories":[1204,5,41],"tags":[1205,1238,1033,614],"class_list":["post-8028","post","type-post","status-publish","format-standard","hentry","category-5-minut-o","category-newsy","category-wiesci-gminne","tag-5-minut-o","tag-droga-krajowa-nr-50","tag-waldemar-cyran","tag-wojt-gminy-sadowne"],"views":5168,"_links":{"self":[{"href":"https:\/\/info.sadowne.pl\/index.php?rest_route=\/wp\/v2\/posts\/8028","targetHints":{"allow":["GET"]}}],"collection":[{"href":"https:\/\/info.sadowne.pl\/index.php?rest_route=\/wp\/v2\/posts"}],"about":[{"href":"https:\/\/info.sadowne.pl\/index.php?rest_route=\/wp\/v2\/types\/post"}],"author":[{"embeddable":true,"href":"https:\/\/info.sadowne.pl\/index.php?rest_route=\/wp\/v2\/users\/1"}],"replies":[{"embeddable":true,"href":"https:\/\/info.sadowne.pl\/index.php?rest_route=%2Fwp%2Fv2%2Fcomments&post=8028"}],"version-history":[{"count":6,"href":"https:\/\/info.sadowne.pl\/index.php?rest_route=\/wp\/v2\/posts\/8028\/revisions"}],"predecessor-version":[{"id":8039,"href":"https:\/\/info.sadowne.pl\/index.php?rest_route=\/wp\/v2\/posts\/8028\/revisions\/8039"}],"wp:attachment":[{"href":"https:\/\/info.sadowne.pl\/index.php?rest_route=%2Fwp%2Fv2%2Fmedia&parent=8028"}],"wp:term":[{"taxonomy":"category","embeddable":true,"href":"https:\/\/info.sadowne.pl\/index.php?rest_route=%2Fwp%2Fv2%2Fcategories&post=8028"},{"taxonomy":"post_tag","embeddable":true,"href":"https:\/\/info.sadowne.pl\/index.php?rest_route=%2Fwp%2Fv2%2Ftags&post=8028"}],"curies":[{"name":"wp","href":"https:\/\/api.w.org\/{rel}","templated":true}]}}