{"id":8061,"date":"2015-03-20T14:43:53","date_gmt":"2015-03-20T13:43:53","guid":{"rendered":"http:\/\/www.infosadowne.boo.pl\/?p=8061"},"modified":"2020-04-24T18:08:25","modified_gmt":"2020-04-24T16:08:25","slug":"spojrzelismy-w-niebo-i","status":"publish","type":"post","link":"https:\/\/info.sadowne.pl\/?p=8061","title":{"rendered":"Spojrzeli\u015bmy w niebo i\u2026"},"content":{"rendered":"<p style=\"text-align: justify;\"><strong><img loading=\"lazy\" decoding=\"async\" class=\"alignleft size-thumbnail wp-image-8062\" src=\"http:\/\/www.info.sadowne.pl\/wp-content\/uploads\/2015\/03\/2015.03.20.1-180x130.jpg\" alt=\"2015.03.20.1\" width=\"180\" height=\"130\" srcset=\"https:\/\/info.sadowne.pl\/wp-content\/uploads\/2015\/03\/2015.03.20.1-180x130.jpg 180w, https:\/\/info.sadowne.pl\/wp-content\/uploads\/2015\/03\/2015.03.20.1-300x216.jpg 300w, https:\/\/info.sadowne.pl\/wp-content\/uploads\/2015\/03\/2015.03.20.1.jpg 781w\" sizes=\"auto, (max-width: 180px) 100vw, 180px\" \/>Od wielu wiek\u00f3w zjawisko na niebie zaskakiwa\u0142o ludzi na ca\u0142ym globie.<\/strong><!--more--><\/p>\n<p style=\"text-align: justify;\">By\u0142o niespodziewane, wzbudza\u0142o groz\u0119, strach i odbierane by\u0142o jako z\u0142y omen. Teraz ju\u017c wiemy, \u017ce do za\u0107mienia S\u0142o\u0144ca, bo o nim m\u00f3wimy, dochodzi tylko i wy\u0142\u0105cznie, gdy Ksi\u0119\u017cyc znajdzie si\u0119 pomi\u0119dzy S\u0142o\u0144cem a Ziemi\u0105, przys\u0142aniaj\u0105c ca\u0142kowicie lub cz\u0119\u015bciowo \u015bwiat\u0142o s\u0142oneczne dochodz\u0105ce do nas.<\/p>\n<p style=\"text-align: justify;\">I my mogli\u015bmy 20 marca podziwia\u0107 to zjawisko, cho\u0107 na naszym terenie by\u0142o znacznie mniejsze ni\u017c w p\u00f3\u0142nocnej cz\u0119\u015bci Polski. Ca\u0142kowite za\u0107mienie S\u0142o\u0144ca mogli obserwowa\u0107 tylko szcz\u0119\u015bliwcy na Wyspach Owczych i Spitsbergenie.<\/p>\n<p style=\"text-align: justify;\">Dobra pogoda umo\u017cliwi\u0142a obserwacj\u0119 i w ruch posz\u0142y osmolone szkie\u0142ka, klisze fotograficzne, okulary spawalnicze itp., itd. Centrum obserwacji astronom\u00f3w sadowie\u0144skich stanowi\u0142 plac przed Gimnazjum, gdzie zainstalowa\u0142o si\u0119 r\u00f3wnie\u017c Ko\u0142o Astronomiczne GOK Sadowne, dzi\u0119ki kt\u00f3remu mo\u017cemy ogl\u0105da\u0107 wyj\u0105tkowe zdj\u0119cia tego zjawiska.<\/p>\n<p style=\"text-align: justify;\">Ka\u017cdy w pi\u0105tkowe przedpo\u0142udnie wczuwa\u0142 si\u0119 w rol\u0119 zawodowego astronoma, ale nic dziwnego\u2026 dopiero za 6 lat zobaczymy kolejne, niewielkie za\u0107mienie, a tych samych rozmiar\u00f3w \u2013 za 11 lat. Do pe\u0142nego doczekaj\u0105??? nieliczni \u2013 to tylko 120 lat.<\/p>\n<p style=\"text-align: justify;\">Pami\u0119tajmy te\u017c, \u017ce 20 marca, kwadrans przed p\u00f3\u0142noc\u0105, witamy astronomiczn\u0105 wiosn\u0119!<\/p>\n<p><a href=\"https:\/\/photos.app.goo.gl\/YxdCr9zi914Ky6yH7\" target=\"_blank\" rel=\"noopener noreferrer\"><strong>Zdj\u0119cia w galerii Google&gt;&gt;&gt;<\/strong><\/a><\/p>\n<p style=\"text-align: justify;\"><strong>Tekst:<\/strong> S\u0142awek Chyli\u0144ski<\/p>\n<p style=\"text-align: justify;\"><strong>Foto:<\/strong> sch\/GOK<\/p>\n<p>&nbsp;<\/p>\n","protected":false},"excerpt":{"rendered":"<p>Od wielu wiek\u00f3w zjawisko na niebie zaskakiwa\u0142o ludzi na ca\u0142ym globie.<\/p>\n","protected":false},"author":1,"featured_media":0,"comment_status":"open","ping_status":"open","sticky":false,"template":"","format":"standard","meta":{"footnotes":""},"categories":[5,1],"tags":[25,1244],"class_list":["post-8061","post","type-post","status-publish","format-standard","hentry","category-newsy","category-inne","tag-sadowne","tag-zacmienie-slonca-w-sadownem"],"views":2876,"_links":{"self":[{"href":"https:\/\/info.sadowne.pl\/index.php?rest_route=\/wp\/v2\/posts\/8061","targetHints":{"allow":["GET"]}}],"collection":[{"href":"https:\/\/info.sadowne.pl\/index.php?rest_route=\/wp\/v2\/posts"}],"about":[{"href":"https:\/\/info.sadowne.pl\/index.php?rest_route=\/wp\/v2\/types\/post"}],"author":[{"embeddable":true,"href":"https:\/\/info.sadowne.pl\/index.php?rest_route=\/wp\/v2\/users\/1"}],"replies":[{"embeddable":true,"href":"https:\/\/info.sadowne.pl\/index.php?rest_route=%2Fwp%2Fv2%2Fcomments&post=8061"}],"version-history":[{"count":3,"href":"https:\/\/info.sadowne.pl\/index.php?rest_route=\/wp\/v2\/posts\/8061\/revisions"}],"predecessor-version":[{"id":23284,"href":"https:\/\/info.sadowne.pl\/index.php?rest_route=\/wp\/v2\/posts\/8061\/revisions\/23284"}],"wp:attachment":[{"href":"https:\/\/info.sadowne.pl\/index.php?rest_route=%2Fwp%2Fv2%2Fmedia&parent=8061"}],"wp:term":[{"taxonomy":"category","embeddable":true,"href":"https:\/\/info.sadowne.pl\/index.php?rest_route=%2Fwp%2Fv2%2Fcategories&post=8061"},{"taxonomy":"post_tag","embeddable":true,"href":"https:\/\/info.sadowne.pl\/index.php?rest_route=%2Fwp%2Fv2%2Ftags&post=8061"}],"curies":[{"name":"wp","href":"https:\/\/api.w.org\/{rel}","templated":true}]}}