{"id":8100,"date":"2015-03-21T17:18:03","date_gmt":"2015-03-21T16:18:03","guid":{"rendered":"http:\/\/www.infosadowne.boo.pl\/?p=8100"},"modified":"2015-03-21T17:18:03","modified_gmt":"2015-03-21T16:18:03","slug":"dom-opieki-w-sadolesiu","status":"publish","type":"post","link":"https:\/\/info.sadowne.pl\/?p=8100","title":{"rendered":"Dom Opieki w Sadolesiu"},"content":{"rendered":"<p style=\"text-align: justify;\"><strong>O<a href=\"http:\/\/www.info.sadowne.pl\/wp-content\/uploads\/2015\/03\/2015.03.21.11.jpg\" target=\"_blank\"><img loading=\"lazy\" decoding=\"async\" class=\"alignleft wp-image-8101 size-thumbnail\" src=\"http:\/\/www.info.sadowne.pl\/wp-content\/uploads\/2015\/03\/2015.03.21.11-180x130.jpg\" alt=\"2015.03.21.1\" width=\"180\" height=\"130\" \/><\/a>d marca tego roku w budynku po dawnej szkole podstawowej w Sadolesiu rozpocz\u0119\u0142o dzia\u0142alno\u015b\u0107 Centrum Opieku\u0144czo-Rehabilitacyjne ITAMED.<\/strong><!--more--><\/p>\n<p style=\"text-align: justify;\">Korzystaj\u0105c z uprzejmo\u015bci w\u0142a\u015bciciela przekazujemy Pa\u0144stwu og\u00f3lne informacje na temat funkcjonowania tego Domu Opieki.<\/p>\n<p style=\"text-align: justify;\"><em><strong><a href=\"http:\/\/www.info.sadowne.pl\/wp-content\/uploads\/2015\/03\/2015.03.21.2.jpg\" target=\"_blank\"><img loading=\"lazy\" decoding=\"async\" class=\"alignright wp-image-8102 size-thumbnail\" src=\"http:\/\/www.info.sadowne.pl\/wp-content\/uploads\/2015\/03\/2015.03.21.2-180x130.jpg\" alt=\"2015.03.21.2\" width=\"180\" height=\"130\" \/><\/a>ITAMED<\/strong>\u00a0to Centrum Opieku\u0144czo-Rehabilitacyjne, kt\u00f3re z\u00a0pe\u0142n\u0105 \u015bwiadomo\u015bci\u0105 nazywamy domem. Naszym celem jest, aby jesie\u0144 \u017cycia naszych Mieszka\u0144c\u00f3w nosi\u0142a miano z\u0142otej i\u00a0pi\u0119knej, czyli tej prawdziwej.<\/em><\/p>\n<p style=\"text-align: justify;\"><em><strong>Centrum Opieku\u0144czo-Rehabilitacyjne ITAMED<\/strong>\u00a0znajduje si\u0119 w Nadbu\u017ca\u0144skim Parku Krajobrazowym, 75 km od Warszawy w urokliwej wsi Sadole\u015b. Obiekt po\u0142o\u017cony jest na malowniczym terenie, otoczony 2h dzia\u0142k\u0105, umo\u017cliwiaj\u0105c\u0105 pensjonariuszom aktywne sp\u0119dzanie czasu na wolnym powietrzu. Korzystanie z urok\u00f3w \u017cycia zapewni profesjonalna rehabilitacja. Centrum dysponuje bogatym zapleczem sprz\u0119towym obejmuj\u0105cym pe\u0142n\u0105 gam\u0119 aparat\u00f3w do fizykoterapii (m.in. najnowocze\u015bniejsza laseroterapia i neurorehabilitacja) oraz kinezyterapia.<\/em><\/p>\n<p style=\"text-align: justify;\"><em><a href=\"http:\/\/www.info.sadowne.pl\/wp-content\/uploads\/2015\/03\/2015.03.21.5.jpg\" target=\"_blank\"><img loading=\"lazy\" decoding=\"async\" class=\"alignleft wp-image-8103 size-thumbnail\" src=\"http:\/\/www.info.sadowne.pl\/wp-content\/uploads\/2015\/03\/2015.03.21.5-180x130.jpg\" alt=\"2015.03.21.5\" width=\"180\" height=\"130\" \/><\/a>&#8222;W ITAMED zmieniamy nasz spos\u00f3b my\u015blenia o staro\u015bci i chorobach przewlek\u0142ych. Tutaj nie oznacza ona biernego wyczekiwania ko\u0144ca naszych dni, wr\u0119cz przeciwnie uwa\u017camy j\u0105 za kolejny etap naszego \u017cycia. W naszym domu ka\u017cdy dzie\u0144 jest dla nas tym najwa\u017cniejszym, dlatego dok\u0142adamy wszelkich stara\u0144 by prze\u017cy\u0107 go jak najlepiej.&#8221;<\/em><\/p>\n<p style=\"text-align: justify;\"><strong>\u00a0 \u00a0 \u00a0 \u00a0 \u00a0 \u00a0 \u00a0 \u00a0 \u00a0 \u00a0 \u00a0 \u00a0 \u00a0 \u00a0\u00a0<\/strong><em><strong>Edyta D\u0105browska<\/strong>\u00a0Za\u0142o\u017cyciel i w\u0142a\u015bciciel ITAMED<\/em><\/p>\n<p style=\"text-align: justify;\"><em><strong><a href=\"http:\/\/www.info.sadowne.pl\/wp-content\/uploads\/2015\/03\/2015.03.21.3.jpg\" target=\"_blank\"><img loading=\"lazy\" decoding=\"async\" class=\"alignright wp-image-8104 size-thumbnail\" src=\"http:\/\/www.info.sadowne.pl\/wp-content\/uploads\/2015\/03\/2015.03.21.3-180x130.jpg\" alt=\"2015.03.21.3\" width=\"180\" height=\"130\" \/><\/a>ITAMED\u00a0oferuje swoim pensjonariuszom opiek\u0119 dopasowan\u0105 do ich indywidualnych potrzeb w ramach:<\/strong><\/em><\/p>\n<ul style=\"text-align: justify;\">\n<li><em>pobyt\u00f3w d\u0142ugoterminowych dla os\u00f3b starszych,<\/em><\/li>\n<li><em>pobyt\u00f3w kr\u00f3tkoterminowych dla os\u00f3b starszych,<\/em><\/li>\n<li><em>opieki wytchnieniowej,<\/em><\/li>\n<li><em>specjalistycznych turnus\u00f3w ze specjalistyczn\u0105 opiek\u0105 i rehabilitacj\u0105 dla os\u00f3b chorych na stwardnienie rozsiane, Parkinsona, udary.<\/em><\/li>\n<\/ul>\n<p style=\"text-align: justify;\"><em>Ca\u0142a infrastruktura ITAMED pozbawiona jest barier architektonicznych.<\/em><\/p>\n<p style=\"text-align: justify;\"><em><strong><a href=\"http:\/\/www.info.sadowne.pl\/wp-content\/uploads\/2015\/03\/2015.03.21.4.jpg\" target=\"_blank\"><img loading=\"lazy\" decoding=\"async\" class=\"alignright wp-image-8105 size-thumbnail\" src=\"http:\/\/www.info.sadowne.pl\/wp-content\/uploads\/2015\/03\/2015.03.21.4-180x130.jpg\" alt=\"2015.03.21.4\" width=\"180\" height=\"130\" \/><\/a>Najwy\u017cszy standard naszego Centrum zapewniaj\u0105:<\/strong><\/em><\/p>\n<ul style=\"text-align: justify;\">\n<li><em>pokoje 1-2-3 osobowe z \u0142azienkami dla os\u00f3b niepe\u0142nosprawnych,<\/em><\/li>\n<li><em>najnowocze\u015bniejsza rehabilitacja,<\/em><\/li>\n<li><em>wykwalifikowany personel,<\/em><\/li>\n<li><em>wy\u017cywienie pi\u0119cioposi\u0142kowe,<\/em><\/li>\n<li><em>opieka duszpasterska (kaplica w obiekcie),<\/em><\/li>\n<li><em>winda, mo\u017cliwo\u015b\u0107 transportu os\u00f3b w pozycji le\u017c\u0105cej,<\/em><\/li>\n<li><em>\u015bwietlica,<\/em><\/li>\n<li><em>jadalnia,<\/em><\/li>\n<li><em><a href=\"http:\/\/www.info.sadowne.pl\/wp-content\/uploads\/2015\/03\/2015.03.21.6.jpg\" target=\"_blank\"><img loading=\"lazy\" decoding=\"async\" class=\"alignright wp-image-8106 size-thumbnail\" src=\"http:\/\/www.info.sadowne.pl\/wp-content\/uploads\/2015\/03\/2015.03.21.6-180x130.jpg\" alt=\"2015.03.21.6\" width=\"180\" height=\"130\" \/><\/a>pok\u00f3j zabiegowy,<\/em><\/li>\n<li><em>nowoczesna kuchnia odpowiadaj\u0105ca wymogom HACCP,<\/em><\/li>\n<li><em>pralnia gdzie ka\u017cdy mo\u017ce zadba\u0107 o swoje rzeczy osobiste,<\/em><\/li>\n<li><em>na \u017cyczenie ka\u017cdy pok\u00f3j mo\u017ce by\u0107 wyposa\u017cony w TV,<\/em><\/li>\n<li><em>sala komputerowa z dost\u0119pem do internetu,<\/em><\/li>\n<li><em>biblioteka.<\/em><\/li>\n<\/ul>\n<p style=\"text-align: center;\"><span style=\"text-decoration: underline;\"><span style=\"color: #ff0000;\"><strong>Kontakt:<\/strong><\/span><\/span><\/p>\n<p style=\"text-align: center;\"><span style=\"color: #ff0000;\"><strong>Sadole\u015b 71, 07-140 Sadowne<\/strong><\/span><\/p>\n<p style=\"text-align: center;\"><span style=\"color: #ff0000;\"><strong>tel. 504 07 00 27<\/strong><\/span><\/p>\n<p style=\"text-align: center;\"><span style=\"color: #ff0000;\"><strong>e-mail: itamed@itamed.pl<\/strong><\/span><\/p>\n<p style=\"text-align: center;\"><span style=\"color: #ff0000;\"><strong>www.itamed.pl<\/strong><\/span><\/p>\n<p style=\"text-align: left;\"><strong>Wi\u0119cej na stronie <span style=\"color: #0000ff;\"><a style=\"color: #0000ff;\" href=\"http:\/\/www.itamed.pl\" target=\"_blank\">ITAMED<\/a><\/span><\/strong><\/p>\n<p><strong>\u0179r\u00f3d\u0142a:<\/strong><\/p>\n<p style=\"text-align: justify;\"><a href=\"http:\/\/www.itamed.pl\" target=\"_blank\">www.itamed.pl<\/a><\/p>\n<p style=\"text-align: justify;\"><a href=\"http:\/\/www.domyopieki.pl\" target=\"_blank\">www.domyopieki.pl<\/a><\/p>\n","protected":false},"excerpt":{"rendered":"<p>Od marca tego roku w budynku po dawnej szkole podstawowej w Sadolesiu rozpocz\u0119\u0142o dzia\u0142alno\u015b\u0107 Centrum Opieku\u0144czo-Rehabilitacyjne ITAMED.<\/p>\n","protected":false},"author":1,"featured_media":0,"comment_status":"open","ping_status":"open","sticky":false,"template":"","format":"standard","meta":{"footnotes":""},"categories":[5,1],"tags":[1247,1246,99],"class_list":["post-8100","post","type-post","status-publish","format-standard","hentry","category-newsy","category-inne","tag-centrum-opiekunczo-rehabilitacyjne-itamed","tag-itamed","tag-sadoles"],"views":8100,"_links":{"self":[{"href":"https:\/\/info.sadowne.pl\/index.php?rest_route=\/wp\/v2\/posts\/8100","targetHints":{"allow":["GET"]}}],"collection":[{"href":"https:\/\/info.sadowne.pl\/index.php?rest_route=\/wp\/v2\/posts"}],"about":[{"href":"https:\/\/info.sadowne.pl\/index.php?rest_route=\/wp\/v2\/types\/post"}],"author":[{"embeddable":true,"href":"https:\/\/info.sadowne.pl\/index.php?rest_route=\/wp\/v2\/users\/1"}],"replies":[{"embeddable":true,"href":"https:\/\/info.sadowne.pl\/index.php?rest_route=%2Fwp%2Fv2%2Fcomments&post=8100"}],"version-history":[{"count":3,"href":"https:\/\/info.sadowne.pl\/index.php?rest_route=\/wp\/v2\/posts\/8100\/revisions"}],"predecessor-version":[{"id":8109,"href":"https:\/\/info.sadowne.pl\/index.php?rest_route=\/wp\/v2\/posts\/8100\/revisions\/8109"}],"wp:attachment":[{"href":"https:\/\/info.sadowne.pl\/index.php?rest_route=%2Fwp%2Fv2%2Fmedia&parent=8100"}],"wp:term":[{"taxonomy":"category","embeddable":true,"href":"https:\/\/info.sadowne.pl\/index.php?rest_route=%2Fwp%2Fv2%2Fcategories&post=8100"},{"taxonomy":"post_tag","embeddable":true,"href":"https:\/\/info.sadowne.pl\/index.php?rest_route=%2Fwp%2Fv2%2Ftags&post=8100"}],"curies":[{"name":"wp","href":"https:\/\/api.w.org\/{rel}","templated":true}]}}