{"id":8148,"date":"2015-03-28T12:16:27","date_gmt":"2015-03-28T11:16:27","guid":{"rendered":"http:\/\/www.infosadowne.boo.pl\/?p=8148"},"modified":"2015-03-28T12:16:27","modified_gmt":"2015-03-28T11:16:27","slug":"sadowianki-brok","status":"publish","type":"post","link":"https:\/\/info.sadowne.pl\/?p=8148","title":{"rendered":"SADOWIANKI &#8211; Brok"},"content":{"rendered":"<p style=\"text-align: justify;\"><a href=\"http:\/\/www.info.sadowne.pl\/wp-content\/uploads\/2015\/03\/sad65.jpg\" target=\"_blank\"><img loading=\"lazy\" decoding=\"async\" class=\"alignleft wp-image-8149 size-thumbnail\" src=\"http:\/\/www.info.sadowne.pl\/wp-content\/uploads\/2015\/03\/sad65-180x130.jpg\" alt=\"sad65\" width=\"180\" height=\"130\" \/><\/a><strong>R\u00f3wnie\u017c w lipcu 2010 r. \u00a0niespe\u0142na kilka dni p\u00f3\u017aniej SADOWIANKI \u00a0\u015bpiewa\u0142y w Broku.<\/strong><!--more--><\/p>\n<p style=\"text-align: justify;\"><strong>SADOWIANKI <\/strong>\u2013 Andrzej Olton, Krysia Wetoszka, Basia Wr\u00f3bel, Bogusia Danaj, Basia Decyk, Jadzia Borowa, p. burmistrz Broku, Tereska Piwek, Monika Nozderka, Wandzia Stryjek, Ala Bahniuk, Kazia Krzak i Zbyszek Danaj. (pierwsza Pani od lewej jest z innego zespo\u0142u).<\/p>\n<div id=\"attachment_8151\" style=\"width: 597px\" class=\"wp-caption aligncenter\"><img loading=\"lazy\" decoding=\"async\" aria-describedby=\"caption-attachment-8151\" class=\"wp-image-8151 size-full\" src=\"http:\/\/www.info.sadowne.pl\/wp-content\/uploads\/2015\/03\/sad66.jpg\" alt=\"sad66\" width=\"587\" height=\"397\" srcset=\"https:\/\/info.sadowne.pl\/wp-content\/uploads\/2015\/03\/sad66.jpg 587w, https:\/\/info.sadowne.pl\/wp-content\/uploads\/2015\/03\/sad66-300x203.jpg 300w\" sizes=\"auto, (max-width: 587px) 100vw, 587px\" \/><p id=\"caption-attachment-8151\" class=\"wp-caption-text\">Basia Wr\u00f3bel i Monika Nozderka \u2013 Brok n\/ Bugiem<\/p><\/div>\n<div id=\"attachment_8152\" style=\"width: 501px\" class=\"wp-caption aligncenter\"><img loading=\"lazy\" decoding=\"async\" aria-describedby=\"caption-attachment-8152\" class=\"wp-image-8152 size-full\" src=\"http:\/\/www.info.sadowne.pl\/wp-content\/uploads\/2015\/03\/sad67.jpg\" alt=\"sad67\" width=\"491\" height=\"369\" srcset=\"https:\/\/info.sadowne.pl\/wp-content\/uploads\/2015\/03\/sad67.jpg 491w, https:\/\/info.sadowne.pl\/wp-content\/uploads\/2015\/03\/sad67-300x225.jpg 300w\" sizes=\"auto, (max-width: 491px) 100vw, 491px\" \/><p id=\"caption-attachment-8152\" class=\"wp-caption-text\">SADOWIANKI \u2013 Brok 2010<\/p><\/div>\n<p style=\"text-align: justify;\"><strong>URLE<\/strong><strong> \u2013 niedziela 15 sierpnia 2010 rok<\/strong><\/p>\n<div id=\"attachment_8153\" style=\"width: 414px\" class=\"wp-caption aligncenter\"><img loading=\"lazy\" decoding=\"async\" aria-describedby=\"caption-attachment-8153\" class=\"wp-image-8153 size-full\" src=\"http:\/\/www.info.sadowne.pl\/wp-content\/uploads\/2015\/03\/sad68.jpg\" alt=\"sad68\" width=\"404\" height=\"304\" srcset=\"https:\/\/info.sadowne.pl\/wp-content\/uploads\/2015\/03\/sad68.jpg 404w, https:\/\/info.sadowne.pl\/wp-content\/uploads\/2015\/03\/sad68-300x226.jpg 300w\" sizes=\"auto, (max-width: 404px) 100vw, 404px\" \/><p id=\"caption-attachment-8153\" class=\"wp-caption-text\">SADOWIANKI w Urlach \u2013 Do\u017cynki gminno-dekanalne<\/p><\/div>\n<p style=\"text-align: justify;\">W Urlach odby\u0142y si\u0119 <strong>do\u017cynki \u00a0gminno &#8211; dekanalne<\/strong>, wsp\u00f3\u0142finansowane przez Lokaln\u0105 Grup\u0119 Dzia\u0142ania R\u00f3wniny Wo\u0142omi\u0144skiej w ramach programu LEADER . Po mszy \u015bw. dzi\u0119kczynnej celebrowanej przez miejscowego proboszcza wszyscy uczestnicy do\u017cynek uczestniczyli we wsp\u00f3lnie przygotowanym pocz\u0119stunku po kt\u00f3rym Jury pod przewodnictwem Stanis\u0142awa \u017baka, w\u00f3jta Jadowa dokona\u0142o wyboru najpi\u0119kniejszego wie\u0144ca tegorocznych do\u017cynek.<\/p>\n<p style=\"text-align: justify;\">Na zako\u0144czenie ju\u017c o godzinie 19<span style=\"font-size: 13.3333330154419px; line-height: 18.1818180084229px;\">.00<\/span>\u00a0organizatorzy zaprosili na pogodny wiecz\u00f3r, podczas kt\u00f3rego wyst\u0105pi\u0142y dwa zespo\u0142y:\u00a0<strong>\u0141OCHOWIANIE I SADOWIANKI. <\/strong>\u00a0\u0141ochowianie bawili dziel\u0105c si\u0119 swoistym poczuciem humoru poprzez w\u0142asne skecze i utwory, za\u015b <strong>SADOWIANKI <\/strong>zaprezentowa\u0142y pi\u0119kny program poetycko-muzyczny o typowej tematyce do\u017cynkowej. Przypomnia\u0142y stare ludowe melodie, \u015bpiewne przez ludzi pracuj\u0105cych na polach w podzi\u0119kowaniu za obfite plony\u00a0<strong>(koncert dost\u0119pny na YouTube).<\/strong><strong>\u00a0\u00a0\u00a0\u00a0 \u00a0\u00a0\u00a0\u00a0<\/strong><\/p>\n<p style=\"text-align: justify;\"><strong><img loading=\"lazy\" decoding=\"async\" class=\"alignleft size-full wp-image-8154\" src=\"http:\/\/www.info.sadowne.pl\/wp-content\/uploads\/2015\/03\/sad69.jpg\" alt=\"sad69\" width=\"104\" height=\"95\" \/>SADOWNE \u2013 ZJAZD ABSOLWENT\u00d3W\u00a0 LO<\/strong><\/p>\n<p style=\"text-align: justify;\"><strong>\u015apiewamy r\u00f3wnie\u017c na Zjazdach Absolwent\u00f3w liceum w Sadownem<\/strong>, kt\u00f3re organizowane s\u0105 z okazji okr\u0105g\u0142ych rocznic utworzenia LO w Sadownem.<\/p>\n<p style=\"text-align: justify;\">Pierwszy raz zesp\u00f3\u0142 wyst\u0105pi\u0142 w 2005 roku, drugi raz 19.09.2010 roku.<\/p>\n<div id=\"attachment_8155\" style=\"width: 528px\" class=\"wp-caption aligncenter\"><img loading=\"lazy\" decoding=\"async\" aria-describedby=\"caption-attachment-8155\" class=\"wp-image-8155 size-full\" src=\"http:\/\/www.info.sadowne.pl\/wp-content\/uploads\/2015\/03\/sad70.jpg\" alt=\"sad70\" width=\"518\" height=\"389\" srcset=\"https:\/\/info.sadowne.pl\/wp-content\/uploads\/2015\/03\/sad70.jpg 518w, https:\/\/info.sadowne.pl\/wp-content\/uploads\/2015\/03\/sad70-300x225.jpg 300w\" sizes=\"auto, (max-width: 518px) 100vw, 518px\" \/><p id=\"caption-attachment-8155\" class=\"wp-caption-text\">Nasz akordeonista \u2013 Andrzej Olton &#8211; zdj\u0119cia ze zjazdu w 2005roku<\/p><\/div>\n<p style=\"text-align: justify;\">\u00a0<img loading=\"lazy\" decoding=\"async\" class=\"aligncenter size-full wp-image-8156\" src=\"http:\/\/www.info.sadowne.pl\/wp-content\/uploads\/2015\/03\/sad71.jpg\" alt=\"sad71\" width=\"476\" height=\"425\" srcset=\"https:\/\/info.sadowne.pl\/wp-content\/uploads\/2015\/03\/sad71.jpg 476w, https:\/\/info.sadowne.pl\/wp-content\/uploads\/2015\/03\/sad71-300x268.jpg 300w\" sizes=\"auto, (max-width: 476px) 100vw, 476px\" \/><\/p>\n<div id=\"attachment_8157\" style=\"width: 587px\" class=\"wp-caption aligncenter\"><img loading=\"lazy\" decoding=\"async\" aria-describedby=\"caption-attachment-8157\" class=\"wp-image-8157 size-full\" src=\"http:\/\/www.info.sadowne.pl\/wp-content\/uploads\/2015\/03\/sad72.jpg\" alt=\"sad72\" width=\"577\" height=\"434\" srcset=\"https:\/\/info.sadowne.pl\/wp-content\/uploads\/2015\/03\/sad72.jpg 577w, https:\/\/info.sadowne.pl\/wp-content\/uploads\/2015\/03\/sad72-300x226.jpg 300w\" sizes=\"auto, (max-width: 577px) 100vw, 577px\" \/><p id=\"caption-attachment-8157\" class=\"wp-caption-text\">60 \u2013 lecie LO w Sadownem. Zjazd Absolwent\u00f3w 2005 rok.<\/p><\/div>\n<p style=\"text-align: justify;\">\n<p style=\"text-align: justify;\"><strong>ZJAZD ABSOLWENT\u00d3W &#8211; SADOWNE<\/strong><\/p>\n<p style=\"text-align: justify;\"><strong>65 \u2013lecie Liceum Og\u00f3lnokszta\u0142c\u0105cego im. W\u0142adys\u0142awa Orkana 1945 \u2013 2010<\/strong><\/p>\n<p style=\"text-align: justify;\"><strong>SADOWIANKI<\/strong> \u015bpiewa\u0142y drugiego dnia zjazdu <strong>(20.09.2010 r.). <\/strong>Zosta\u0142y przyj\u0119te gor\u0105cymi brawami \u2013 bisowa\u0142y, a publiczno\u015b\u0107 ch\u0119tnie razem \u015bpiewa\u0142a znane piosenki.<\/p>\n<div id=\"attachment_8158\" style=\"width: 599px\" class=\"wp-caption aligncenter\"><img loading=\"lazy\" decoding=\"async\" aria-describedby=\"caption-attachment-8158\" class=\"wp-image-8158 size-full\" src=\"http:\/\/www.info.sadowne.pl\/wp-content\/uploads\/2015\/03\/sad73.jpg\" alt=\"sad73\" width=\"589\" height=\"379\" srcset=\"https:\/\/info.sadowne.pl\/wp-content\/uploads\/2015\/03\/sad73.jpg 589w, https:\/\/info.sadowne.pl\/wp-content\/uploads\/2015\/03\/sad73-300x193.jpg 300w\" sizes=\"auto, (max-width: 589px) 100vw, 589px\" \/><p id=\"caption-attachment-8158\" class=\"wp-caption-text\">W oczekiwaniu na wyst\u0119p Ala Bahniuk, Jadzia Borowa, Marysia Szymanik i nasza szefowa Krysia Wetoszka<\/p><\/div>\n<div id=\"attachment_8159\" style=\"width: 599px\" class=\"wp-caption aligncenter\"><img loading=\"lazy\" decoding=\"async\" aria-describedby=\"caption-attachment-8159\" class=\"wp-image-8159 size-full\" src=\"http:\/\/www.info.sadowne.pl\/wp-content\/uploads\/2015\/03\/sad74.jpg\" alt=\"sad74\" width=\"589\" height=\"393\" srcset=\"https:\/\/info.sadowne.pl\/wp-content\/uploads\/2015\/03\/sad74.jpg 589w, https:\/\/info.sadowne.pl\/wp-content\/uploads\/2015\/03\/sad74-300x200.jpg 300w\" sizes=\"auto, (max-width: 589px) 100vw, 589px\" \/><p id=\"caption-attachment-8159\" class=\"wp-caption-text\">20.09.2010 r. Zjazd Absolwent\u00f3w \u2013 Zesp\u00f3\u0142 SADOWIANKI<\/p><\/div>\n<div id=\"attachment_8160\" style=\"width: 285px\" class=\"wp-caption aligncenter\"><img loading=\"lazy\" decoding=\"async\" aria-describedby=\"caption-attachment-8160\" class=\"wp-image-8160 size-full\" src=\"http:\/\/www.info.sadowne.pl\/wp-content\/uploads\/2015\/03\/sad75.jpg\" alt=\"sad75\" width=\"275\" height=\"438\" srcset=\"https:\/\/info.sadowne.pl\/wp-content\/uploads\/2015\/03\/sad75.jpg 275w, https:\/\/info.sadowne.pl\/wp-content\/uploads\/2015\/03\/sad75-188x300.jpg 188w\" sizes=\"auto, (max-width: 275px) 100vw, 275px\" \/><p id=\"caption-attachment-8160\" class=\"wp-caption-text\">Zbyszek Danaj<\/p><\/div>\n<div id=\"attachment_8161\" style=\"width: 285px\" class=\"wp-caption aligncenter\"><img loading=\"lazy\" decoding=\"async\" aria-describedby=\"caption-attachment-8161\" class=\"wp-image-8161 size-full\" src=\"http:\/\/www.info.sadowne.pl\/wp-content\/uploads\/2015\/03\/sad76.jpg\" alt=\"sad76\" width=\"275\" height=\"438\" srcset=\"https:\/\/info.sadowne.pl\/wp-content\/uploads\/2015\/03\/sad76.jpg 275w, https:\/\/info.sadowne.pl\/wp-content\/uploads\/2015\/03\/sad76-188x300.jpg 188w\" sizes=\"auto, (max-width: 275px) 100vw, 275px\" \/><p id=\"caption-attachment-8161\" class=\"wp-caption-text\">Ania Chojecka, Basia Wr\u00f3bel<\/p><\/div>\n<div id=\"attachment_8162\" style=\"width: 598px\" class=\"wp-caption aligncenter\"><img loading=\"lazy\" decoding=\"async\" aria-describedby=\"caption-attachment-8162\" class=\"wp-image-8162 size-full\" src=\"http:\/\/www.info.sadowne.pl\/wp-content\/uploads\/2015\/03\/sad77.jpg\" alt=\"sad77\" width=\"588\" height=\"398\" srcset=\"https:\/\/info.sadowne.pl\/wp-content\/uploads\/2015\/03\/sad77.jpg 588w, https:\/\/info.sadowne.pl\/wp-content\/uploads\/2015\/03\/sad77-300x203.jpg 300w\" sizes=\"auto, (max-width: 588px) 100vw, 588px\" \/><p id=\"caption-attachment-8162\" class=\"wp-caption-text\">SADOWIANKI<\/p><\/div>\n<div id=\"attachment_8163\" style=\"width: 597px\" class=\"wp-caption aligncenter\"><img loading=\"lazy\" decoding=\"async\" aria-describedby=\"caption-attachment-8163\" class=\"wp-image-8163 size-full\" src=\"http:\/\/www.info.sadowne.pl\/wp-content\/uploads\/2015\/03\/sad78.jpg\" alt=\"sad78\" width=\"587\" height=\"405\" srcset=\"https:\/\/info.sadowne.pl\/wp-content\/uploads\/2015\/03\/sad78.jpg 587w, https:\/\/info.sadowne.pl\/wp-content\/uploads\/2015\/03\/sad78-300x207.jpg 300w\" sizes=\"auto, (max-width: 587px) 100vw, 587px\" \/><p id=\"caption-attachment-8163\" class=\"wp-caption-text\">Upominki dla cz\u0142onk\u00f3w zespo\u0142u<\/p><\/div>\n<p style=\"text-align: justify;\">P\u00f3\u017aniej wszyscy absolwenci wraz z naszym zespo\u0142em zaproszeni zostali na plac obok szko\u0142y na pieczon\u0105 kie\u0142bask\u0119. Tam nadal bawili\u015bmy uczestnik\u00f3w zjazdu. Nie oby\u0142o si\u0119 bez ta\u0144c\u00f3w na trawie!<\/p>\n<div id=\"attachment_8164\" style=\"width: 542px\" class=\"wp-caption aligncenter\"><img loading=\"lazy\" decoding=\"async\" aria-describedby=\"caption-attachment-8164\" class=\"wp-image-8164 size-full\" src=\"http:\/\/www.info.sadowne.pl\/wp-content\/uploads\/2015\/03\/sad79.jpg\" alt=\"sad79\" width=\"532\" height=\"372\" srcset=\"https:\/\/info.sadowne.pl\/wp-content\/uploads\/2015\/03\/sad79.jpg 532w, https:\/\/info.sadowne.pl\/wp-content\/uploads\/2015\/03\/sad79-300x210.jpg 300w\" sizes=\"auto, (max-width: 532px) 100vw, 532px\" \/><p id=\"caption-attachment-8164\" class=\"wp-caption-text\">Ta\u0144ce na trawie<\/p><\/div>\n<p style=\"text-align: justify;\">\u00a0<img loading=\"lazy\" decoding=\"async\" class=\"aligncenter size-full wp-image-8165\" src=\"http:\/\/www.info.sadowne.pl\/wp-content\/uploads\/2015\/03\/sad80.jpg\" alt=\"sad80\" width=\"286\" height=\"464\" srcset=\"https:\/\/info.sadowne.pl\/wp-content\/uploads\/2015\/03\/sad80.jpg 286w, https:\/\/info.sadowne.pl\/wp-content\/uploads\/2015\/03\/sad80-185x300.jpg 185w\" sizes=\"auto, (max-width: 286px) 100vw, 286px\" \/><img loading=\"lazy\" decoding=\"async\" class=\"aligncenter size-full wp-image-8166\" src=\"http:\/\/www.info.sadowne.pl\/wp-content\/uploads\/2015\/03\/sad81.jpg\" alt=\"sad81\" width=\"290\" height=\"464\" srcset=\"https:\/\/info.sadowne.pl\/wp-content\/uploads\/2015\/03\/sad81.jpg 290w, https:\/\/info.sadowne.pl\/wp-content\/uploads\/2015\/03\/sad81-188x300.jpg 188w\" sizes=\"auto, (max-width: 290px) 100vw, 290px\" \/><img loading=\"lazy\" decoding=\"async\" class=\"aligncenter size-full wp-image-8167\" src=\"http:\/\/www.info.sadowne.pl\/wp-content\/uploads\/2015\/03\/sad82.jpg\" alt=\"sad82\" width=\"511\" height=\"341\" srcset=\"https:\/\/info.sadowne.pl\/wp-content\/uploads\/2015\/03\/sad82.jpg 511w, https:\/\/info.sadowne.pl\/wp-content\/uploads\/2015\/03\/sad82-300x200.jpg 300w\" sizes=\"auto, (max-width: 511px) 100vw, 511px\" \/>Piosenka pt.: ,,Canzona\u201d jako dedykacja dla prof. <strong>Edwarda Hermana <\/strong>od nas,\u00a0Jego uczennic: Krysia Wetoszka, Ania Chojecka i Basia Wr\u00f3bel.\u00a0Akompaniowa\u0142 r\u00f3wnie\u017c ucze\u0144 profesora \u2013 Andrzej Olton.<\/p>\n<div id=\"attachment_8168\" style=\"width: 582px\" class=\"wp-caption aligncenter\"><img loading=\"lazy\" decoding=\"async\" aria-describedby=\"caption-attachment-8168\" class=\"wp-image-8168 size-full\" src=\"http:\/\/www.info.sadowne.pl\/wp-content\/uploads\/2015\/03\/sad83.jpg\" alt=\"sad83\" width=\"572\" height=\"376\" srcset=\"https:\/\/info.sadowne.pl\/wp-content\/uploads\/2015\/03\/sad83.jpg 572w, https:\/\/info.sadowne.pl\/wp-content\/uploads\/2015\/03\/sad83-300x197.jpg 300w\" sizes=\"auto, (max-width: 572px) 100vw, 572px\" \/><p id=\"caption-attachment-8168\" class=\"wp-caption-text\">Zdj\u0119cie z uczestnikami Zjazdu<\/p><\/div>\n<p style=\"text-align: justify;\"><img loading=\"lazy\" decoding=\"async\" class=\"aligncenter size-full wp-image-8169\" src=\"http:\/\/www.info.sadowne.pl\/wp-content\/uploads\/2015\/03\/sad84.jpg\" alt=\"sad84\" width=\"582\" height=\"388\" srcset=\"https:\/\/info.sadowne.pl\/wp-content\/uploads\/2015\/03\/sad84.jpg 582w, https:\/\/info.sadowne.pl\/wp-content\/uploads\/2015\/03\/sad84-300x200.jpg 300w\" sizes=\"auto, (max-width: 582px) 100vw, 582px\" \/><\/p>\n<p style=\"text-align: justify;\"><strong>\u0179r\u00f3d\u0142o:<\/strong>\u00a0SADOWIANKI, Barbara Wr\u00f3bel, Sadowne 2014 (kronika dost\u0119pna w zbiorach GOK Sadowne)<\/p>\n","protected":false},"excerpt":{"rendered":"<p>R\u00f3wnie\u017c w lipcu 2010 r. \u00a0niespe\u0142na kilka dni p\u00f3\u017aniej SADOWIANKI \u00a0\u015bpiewa\u0142y w Broku.<\/p>\n","protected":false},"author":1,"featured_media":0,"comment_status":"open","ping_status":"open","sticky":false,"template":"","format":"standard","meta":{"footnotes":""},"categories":[5,31,1202],"tags":[101,960],"class_list":["post-8148","post","type-post","status-publish","format-standard","hentry","category-newsy","category-historia-gminy","category-zespol-spiewaczy-sadowianki","tag-historia-gminy-sadowne","tag-zespol-spiewaczy-sadowianki"],"views":4039,"_links":{"self":[{"href":"https:\/\/info.sadowne.pl\/index.php?rest_route=\/wp\/v2\/posts\/8148","targetHints":{"allow":["GET"]}}],"collection":[{"href":"https:\/\/info.sadowne.pl\/index.php?rest_route=\/wp\/v2\/posts"}],"about":[{"href":"https:\/\/info.sadowne.pl\/index.php?rest_route=\/wp\/v2\/types\/post"}],"author":[{"embeddable":true,"href":"https:\/\/info.sadowne.pl\/index.php?rest_route=\/wp\/v2\/users\/1"}],"replies":[{"embeddable":true,"href":"https:\/\/info.sadowne.pl\/index.php?rest_route=%2Fwp%2Fv2%2Fcomments&post=8148"}],"version-history":[{"count":2,"href":"https:\/\/info.sadowne.pl\/index.php?rest_route=\/wp\/v2\/posts\/8148\/revisions"}],"predecessor-version":[{"id":8170,"href":"https:\/\/info.sadowne.pl\/index.php?rest_route=\/wp\/v2\/posts\/8148\/revisions\/8170"}],"wp:attachment":[{"href":"https:\/\/info.sadowne.pl\/index.php?rest_route=%2Fwp%2Fv2%2Fmedia&parent=8148"}],"wp:term":[{"taxonomy":"category","embeddable":true,"href":"https:\/\/info.sadowne.pl\/index.php?rest_route=%2Fwp%2Fv2%2Fcategories&post=8148"},{"taxonomy":"post_tag","embeddable":true,"href":"https:\/\/info.sadowne.pl\/index.php?rest_route=%2Fwp%2Fv2%2Ftags&post=8148"}],"curies":[{"name":"wp","href":"https:\/\/api.w.org\/{rel}","templated":true}]}}