{"id":8171,"date":"2015-03-28T16:59:01","date_gmt":"2015-03-28T15:59:01","guid":{"rendered":"http:\/\/www.infosadowne.boo.pl\/?p=8171"},"modified":"2015-03-28T16:59:01","modified_gmt":"2015-03-28T15:59:01","slug":"czas-na-porzadki","status":"publish","type":"post","link":"https:\/\/info.sadowne.pl\/?p=8171","title":{"rendered":"Czas na porz\u0105dki!"},"content":{"rendered":"<p style=\"text-align: justify;\"><strong><a href=\"http:\/\/www.info.sadowne.pl\/wp-content\/uploads\/2015\/03\/2015.03.28.2.jpg\" target=\"_blank\"><img loading=\"lazy\" decoding=\"async\" class=\"alignleft wp-image-8172 size-thumbnail\" src=\"http:\/\/www.info.sadowne.pl\/wp-content\/uploads\/2015\/03\/2015.03.28.2-180x130.jpg\" alt=\"2015.03.28.2\" width=\"180\" height=\"130\" \/><\/a>Czy czujecie, \u017ce powinni\u015bcie troch\u0119 posprz\u0105ta\u0107?<\/strong><!--more--><\/p>\n<p style=\"text-align: justify;\"><a href=\"http:\/\/www.info.sadowne.pl\/wp-content\/uploads\/2015\/03\/2015.03.28.3.jpg\" target=\"_blank\"><img loading=\"lazy\" decoding=\"async\" class=\"alignright wp-image-8173 size-thumbnail\" src=\"http:\/\/www.info.sadowne.pl\/wp-content\/uploads\/2015\/03\/2015.03.28.3-180x130.jpg\" alt=\"2015.03.28.3\" width=\"180\" height=\"130\" \/><\/a>Wiosna ju\u017c chyba na dobre zawita\u0142a do naszych ogrod\u00f3w i dom\u00f3w. Pierwsze jej oznaki pojawiaj\u0105 si\u0119 na jeszcze poszarza\u0142ych \u0142odygach krzew\u00f3w, a wiosenne kwiatki nie\u015bmia\u0142o przebijaj\u0105 si\u0119 przez do\u015b\u0107 tward\u0105 muraw\u0119. Zima z pewno\u015bci\u0105 ju\u017c nie wr\u00f3ci, a i zbli\u017caj\u0105 si\u0119 \u015bwi\u0119ta. Czas odpoczynku si\u0119 sko\u0144czy\u0142, bo przyroda nie b\u0119dzie na nas czeka\u0107.<\/p>\n<p style=\"text-align: justify;\"><strong>Zbli\u017caj\u0105ce si\u0119 \u015bwi\u0119ta, to kolejny przyczynek do \u201epodwini\u0119cia r\u0119kaw\u00f3w\u201d i przyst\u0105pienia do niezb\u0119dnych prac porz\u0105dkowych.<\/strong> W ogrodzie musimy wygrabi\u0107 ostatnie, uchowane li\u015bcie, kt\u00f3re b\u0119d\u0105 blokowa\u0107 przyspieszenie wzrostu trawy po deszczach. Musimy te\u017c dokona\u0107 niezb\u0119dnego przyci\u0119cia konar\u00f3w drzew owocowych i usun\u0105\u0107 nadszarpni\u0119te przez mrozy nasze nasadzenia. A w domach\u2026 generalne porz\u0105dki \u2013 jak to bywa przed ka\u017cdymi \u015bwi\u0119tami.<\/p>\n<p style=\"text-align: justify;\"><a href=\"http:\/\/www.info.sadowne.pl\/wp-content\/uploads\/2015\/03\/2015.03.28.4.jpg\" target=\"_blank\"><img loading=\"lazy\" decoding=\"async\" class=\"alignleft wp-image-8174 size-thumbnail\" src=\"http:\/\/www.info.sadowne.pl\/wp-content\/uploads\/2015\/03\/2015.03.28.4-180x130.jpg\" alt=\"2015.03.28.4\" width=\"180\" height=\"130\" \/><\/a><strong>Nie zapominajmy te\u017c o otoczeniu naszej posesji. Nie ogl\u0105dajmy si\u0119 na innych, nie le\u017cmy i nie czekajmy na samoistne znikni\u0119cie problemu, a zw\u0142aszcza uprz\u0105tni\u0119cie naszego otoczenia przez w\u0142a\u015bcicieli zapomnianych dzia\u0142ek, teren\u00f3w le\u015bnych, ulic, miejscowo\u015bci\u2026<\/strong> Zapewniam, \u017ce nie doczekamy si\u0119, a jest nad czym popracowa\u0107. Widzimy pozosta\u0142o\u015bci po \u201esmakoszach\u201d napoj\u00f3w, s\u0142odyczy itp., itd., kt\u00f3re ods\u0142oni\u0142 ust\u0119puj\u0105cy \u015bnieg, a kt\u00f3rych te\u017c przybywa na bie\u017c\u0105co. Mijamy je codziennie i powoli przyzwyczajamy si\u0119 do tego widoku, ale wkr\u00f3tce przyb\u0119d\u0105 do nas inni, znajomi, tury\u015bci\u2026 oj, b\u0119d\u0105 mieli o czym m\u00f3wi\u0107 i podziwia\u0107 uroki Naszej Gminy.<\/p>\n<p style=\"text-align: justify;\"><strong><a href=\"http:\/\/www.info.sadowne.pl\/wp-content\/uploads\/2015\/03\/2015.03.28.5.jpg\" target=\"_blank\"><img loading=\"lazy\" decoding=\"async\" class=\"alignright wp-image-8175 size-thumbnail\" src=\"http:\/\/www.info.sadowne.pl\/wp-content\/uploads\/2015\/03\/2015.03.28.5-180x130.jpg\" alt=\"2015.03.28.5\" width=\"180\" height=\"130\" \/><\/a>Moi drodzy, wizyt\u00f3wk\u0105 Gminy jest jej g\u0142\u00f3wna miejscowo\u015b\u0107<\/strong> \u2013 rozejrzyjmy si\u0119, ile jest tu jeszcze do zrobienia pod wzgl\u0119dem porz\u0105dk\u00f3w, czysto\u015bci \u2013 r\u00f3wnie\u017c przy g\u0142\u00f3wnej ulicy. Co z tym zrobi\u0107? Nie my\u015blmy d\u0142u\u017cej, we\u017amy si\u0119 do roboty, zmobilizujmy innych. A jak nie, to s\u0105 chyba ku temu odpowiednie \u201eargumenty\u201d, bo tak dalej by\u0107 nie mo\u017ce.<\/p>\n<p style=\"text-align: justify;\"><strong><a href=\"http:\/\/www.info.sadowne.pl\/wp-content\/uploads\/2015\/03\/2015.03.28.6.jpg\" target=\"_blank\"><img loading=\"lazy\" decoding=\"async\" class=\"alignleft wp-image-8176 size-thumbnail\" src=\"http:\/\/www.info.sadowne.pl\/wp-content\/uploads\/2015\/03\/2015.03.28.6-180x130.jpg\" alt=\"2015.03.28.6\" width=\"180\" height=\"130\" \/><\/a>P.S. Mia\u0142o by\u0107 o ogrodach, ale temat rozwin\u0105\u0142 si\u0119 sam. Przepraszamy za zbytni\u0105 natarczywo\u015b\u0107, ale temat jest dra\u017cliwy, a czas nagli. <\/strong><\/p>\n<p style=\"text-align: justify;\"><strong>A tak przy okazji, w\u0142a\u015bciciele teren\u00f3w, zw\u0142aszcza le\u015bnych, przez kt\u00f3re przebiegaj\u0105 drogi, dr\u00f3\u017cki \u2013 tzw. \u201eskr\u00f3ty\u201d \u2013 mogliby od czasu do czasu zajrze\u0107 na nie i \u201erzuci\u0107 gospodarskim okiem\u201d na porz\u0105dek, a czasami i troch\u0119 tam posprz\u0105ta\u0107.<\/strong><\/p>\n<p style=\"text-align: justify;\"><strong>Tekst\/foto: <\/strong>sch<\/p>\n","protected":false},"excerpt":{"rendered":"<p>Czy czujecie, \u017ce powinni\u015bcie troch\u0119 posprz\u0105ta\u0107?<\/p>\n","protected":false},"author":1,"featured_media":0,"comment_status":"open","ping_status":"open","sticky":false,"template":"","format":"standard","meta":{"footnotes":""},"categories":[5,414],"tags":[25,479,1259],"class_list":["post-8171","post","type-post","status-publish","format-standard","hentry","category-newsy","category-w-ogrodzie","tag-sadowne","tag-w-ogrodzie-2","tag-wiosenne-porzadki"],"views":2829,"_links":{"self":[{"href":"https:\/\/info.sadowne.pl\/index.php?rest_route=\/wp\/v2\/posts\/8171","targetHints":{"allow":["GET"]}}],"collection":[{"href":"https:\/\/info.sadowne.pl\/index.php?rest_route=\/wp\/v2\/posts"}],"about":[{"href":"https:\/\/info.sadowne.pl\/index.php?rest_route=\/wp\/v2\/types\/post"}],"author":[{"embeddable":true,"href":"https:\/\/info.sadowne.pl\/index.php?rest_route=\/wp\/v2\/users\/1"}],"replies":[{"embeddable":true,"href":"https:\/\/info.sadowne.pl\/index.php?rest_route=%2Fwp%2Fv2%2Fcomments&post=8171"}],"version-history":[{"count":1,"href":"https:\/\/info.sadowne.pl\/index.php?rest_route=\/wp\/v2\/posts\/8171\/revisions"}],"predecessor-version":[{"id":8177,"href":"https:\/\/info.sadowne.pl\/index.php?rest_route=\/wp\/v2\/posts\/8171\/revisions\/8177"}],"wp:attachment":[{"href":"https:\/\/info.sadowne.pl\/index.php?rest_route=%2Fwp%2Fv2%2Fmedia&parent=8171"}],"wp:term":[{"taxonomy":"category","embeddable":true,"href":"https:\/\/info.sadowne.pl\/index.php?rest_route=%2Fwp%2Fv2%2Fcategories&post=8171"},{"taxonomy":"post_tag","embeddable":true,"href":"https:\/\/info.sadowne.pl\/index.php?rest_route=%2Fwp%2Fv2%2Ftags&post=8171"}],"curies":[{"name":"wp","href":"https:\/\/api.w.org\/{rel}","templated":true}]}}