{"id":8270,"date":"2015-04-08T18:24:46","date_gmt":"2015-04-08T16:24:46","guid":{"rendered":"http:\/\/www.infosadowne.boo.pl\/?p=8270"},"modified":"2015-04-08T18:24:46","modified_gmt":"2015-04-08T16:24:46","slug":"sadowianki-sadowne","status":"publish","type":"post","link":"https:\/\/info.sadowne.pl\/?p=8270","title":{"rendered":"SADOWIANKI &#8211; Sadowne"},"content":{"rendered":"<p style=\"text-align: justify;\"><strong><img loading=\"lazy\" decoding=\"async\" class=\"alignleft size-thumbnail wp-image-8169\" src=\"http:\/\/www.info.sadowne.pl\/wp-content\/uploads\/2015\/03\/sad84-180x130.jpg\" alt=\"sad84\" width=\"180\" height=\"130\" \/>Sadowne.<\/strong><!--more--><\/p>\n<p style=\"text-align: justify;\">W sobot\u0119 25 wrze\u015bnia 2010 roku SADOWIANKI u\u015bwietni\u0142y zorganizowan\u0105 przez kierownik Urz\u0119du Stanu Cywilnego w Sadownem pani\u0105 Aniel\u0119 Go\u0142\u0119biowsk\u0105 uroczysto\u015b\u0107 Jubileuszu Ma\u0142\u017ce\u0144stw z ponad 50-letnim sta\u017cem po\u017cycia ma\u0142\u017ce\u0144skiego.<\/p>\n<div id=\"attachment_8271\" style=\"width: 535px\" class=\"wp-caption aligncenter\"><img loading=\"lazy\" decoding=\"async\" aria-describedby=\"caption-attachment-8271\" class=\"wp-image-8271 size-full\" src=\"http:\/\/www.info.sadowne.pl\/wp-content\/uploads\/2015\/04\/sad85.jpg\" alt=\"sad85\" width=\"525\" height=\"351\" srcset=\"https:\/\/info.sadowne.pl\/wp-content\/uploads\/2015\/04\/sad85.jpg 525w, https:\/\/info.sadowne.pl\/wp-content\/uploads\/2015\/04\/sad85-300x201.jpg 300w\" sizes=\"auto, (max-width: 525px) 100vw, 525px\" \/><p id=\"caption-attachment-8271\" class=\"wp-caption-text\">Zdj\u0119cie z Jubileuszu Ma\u0142\u017ce\u0144stw 2009 r.<\/p><\/div>\n<p style=\"text-align: justify;\">\n<div id=\"attachment_8272\" style=\"width: 548px\" class=\"wp-caption aligncenter\"><img loading=\"lazy\" decoding=\"async\" aria-describedby=\"caption-attachment-8272\" class=\"wp-image-8272 size-full\" src=\"http:\/\/www.info.sadowne.pl\/wp-content\/uploads\/2015\/04\/sad86.jpg\" alt=\"sad86\" width=\"538\" height=\"324\" srcset=\"https:\/\/info.sadowne.pl\/wp-content\/uploads\/2015\/04\/sad86.jpg 538w, https:\/\/info.sadowne.pl\/wp-content\/uploads\/2015\/04\/sad86-300x181.jpg 300w\" sizes=\"auto, (max-width: 538px) 100vw, 538px\" \/><p id=\"caption-attachment-8272\" class=\"wp-caption-text\">2010 rok \u2013 Basia Wr\u00f3bel, Ania Chojecka, Ala Bahniuk, Kazia Krzak i p. Wac\u0142awa Macioch<\/p><\/div>\n<p style=\"text-align: justify;\">\n<div id=\"attachment_8273\" style=\"width: 571px\" class=\"wp-caption aligncenter\"><img loading=\"lazy\" decoding=\"async\" aria-describedby=\"caption-attachment-8273\" class=\"wp-image-8273 size-full\" src=\"http:\/\/www.info.sadowne.pl\/wp-content\/uploads\/2015\/04\/sad87.jpg\" alt=\"sad87\" width=\"561\" height=\"375\" srcset=\"https:\/\/info.sadowne.pl\/wp-content\/uploads\/2015\/04\/sad87.jpg 561w, https:\/\/info.sadowne.pl\/wp-content\/uploads\/2015\/04\/sad87-300x201.jpg 300w\" sizes=\"auto, (max-width: 561px) 100vw, 561px\" \/><p id=\"caption-attachment-8273\" class=\"wp-caption-text\">Jubileusz Ma\u0142\u017ce\u0144stw 2010 rok<\/p><\/div>\n<p style=\"text-align: justify;\">\n<p style=\"text-align: justify;\"><strong>W\u0118GR\u00d3W<\/strong><\/p>\n<p style=\"text-align: justify;\">Jesieni\u0105, 24. 10. 2010 roku \u00a0SADOWIANKI bra\u0142y udzia\u0142 w W\u0119growskich Barwach Jesieni w kategorii zespo\u0142y \u015bpiewacze. Zdoby\u0142y III miejsce.<\/p>\n<div id=\"attachment_8274\" style=\"width: 547px\" class=\"wp-caption aligncenter\"><img loading=\"lazy\" decoding=\"async\" aria-describedby=\"caption-attachment-8274\" class=\"wp-image-8274 size-full\" src=\"http:\/\/www.info.sadowne.pl\/wp-content\/uploads\/2015\/04\/sad88.jpg\" alt=\"sad88\" width=\"537\" height=\"333\" srcset=\"https:\/\/info.sadowne.pl\/wp-content\/uploads\/2015\/04\/sad88.jpg 537w, https:\/\/info.sadowne.pl\/wp-content\/uploads\/2015\/04\/sad88-300x186.jpg 300w\" sizes=\"auto, (max-width: 537px) 100vw, 537px\" \/><p id=\"caption-attachment-8274\" class=\"wp-caption-text\">Barwy Jesieni &#8211; W\u0119gr\u00f3w<\/p><\/div>\n<p style=\"text-align: justify;\"><img loading=\"lazy\" decoding=\"async\" class=\"alignleft size-thumbnail wp-image-8275\" src=\"http:\/\/www.info.sadowne.pl\/wp-content\/uploads\/2015\/04\/sad89-180x123.jpg\" alt=\"sad89\" width=\"180\" height=\"123\" \/><strong>SADOWNE<\/strong><\/p>\n<p style=\"text-align: justify;\">W listopadzie 2010 roku byli\u015bmy wsp\u00f3\u0142organizatorami i uczestnikami\u00a0uroczysto\u015bci z okazji kolejnej rocznicy Odzyskania Niepodleg\u0142o\u015bci przez\u00a0Polsk\u0119. Impreza mia\u0142a miejsce w sali gimnastycznej szko\u0142y podstawowej.\u00a0Program sk\u0142ada\u0142 si\u0119 z wyst\u0119p\u00f3w m\u0142odzie\u017cy licealnej pod kierownictwem\u00a0pa\u0144stwa Renik\u00f3w oraz piosenek o tematyce wojskowej, \u015bpiewanych\u00a0przez SADOWIANKI.<\/p>\n<p style=\"text-align: justify;\"><img loading=\"lazy\" decoding=\"async\" class=\"alignright size-full wp-image-8276\" src=\"http:\/\/www.info.sadowne.pl\/wp-content\/uploads\/2015\/04\/sad90.jpg\" alt=\"sad90\" width=\"178\" height=\"188\" \/><strong>PROSTY\u0143<\/strong><\/p>\n<p style=\"text-align: justify;\">W styczniu\u00a0 2011 odby\u0142o si\u0119 spotkanie wigilijne w Prostyni. Wprowadzeniem do najwa\u017cniejszego punktu uroczysto\u015bci by\u0142a inscenizacja naszego zespo\u0142u\u00a0 SADOWIANKI, gdzie ukazali\u015bmy dawne zwyczaje zwi\u0105zane z dniem Wigilii, gwar\u0105 ludow\u0105 i nastrojem panuj\u0105cym w dawnych wielopokoleniowych rodzinach.<\/p>\n<p style=\"text-align: justify;\"><img loading=\"lazy\" decoding=\"async\" class=\"alignleft size-full wp-image-8277\" src=\"http:\/\/www.info.sadowne.pl\/wp-content\/uploads\/2015\/04\/sad91.jpg\" alt=\"sad91\" width=\"183\" height=\"219\" \/><strong>KO\u0141ODZI\u0104\u017b<\/strong><\/p>\n<p style=\"text-align: justify;\">T\u0119 sam\u0105 inscenizacj\u0119 zesp\u00f3\u0142 przedstawi\u0142 12 lutego 2011 w Szkole Podstawowej w Ko\u0142odzi\u0105\u017cu.\u00a0W podzi\u0119kowaniu otrzymali\u015bmy list gratulacyjny o tre\u015bci:<\/p>\n<p style=\"text-align: center;\"><span style=\"color: #0000ff;\"><strong><em>,,Dyrektor szko\u0142y, Rada Pedagogiczna<\/em><\/strong><\/span><\/p>\n<p style=\"text-align: center;\"><span style=\"color: #0000ff;\"><strong><em>oraz <\/em><\/strong><\/span><\/p>\n<p style=\"text-align: center;\"><span style=\"color: #0000ff;\"><strong><em>\u00a0Rodzice i Mieszka\u0144cy okolicznych miejscowo\u015bci pragn\u0105 \u00a0\u00a0z\u0142o\u017cy\u0107 <\/em><\/strong><\/span><\/p>\n<p style=\"text-align: center;\"><span style=\"color: #ff0000;\"><strong><em>Zespo\u0142owi Regionalnemu <\/em><\/strong><\/span><\/p>\n<p style=\"text-align: center;\"><span style=\"color: #ff0000;\"><strong><em>Sadowianki <\/em><\/strong><\/span><\/p>\n<p style=\"text-align: center;\"><span style=\"color: #0000ff;\"><strong><em>wyrazy szacunku i uznania dla dzia\u0142alno\u015bci, <\/em><\/strong><\/span><\/p>\n<p style=\"text-align: center;\"><span style=\"color: #0000ff;\"><strong><em>kt\u00f3r\u0105 zesp\u00f3\u0142 prowadzi. <\/em><\/strong><\/span><\/p>\n<p style=\"text-align: center;\"><span style=\"color: #0000ff;\"><strong><em>Wiemy, \u017ce Wasz dzisiejszy sukces<\/em><\/strong><\/span><\/p>\n<p style=\"text-align: center;\"><span style=\"color: #0000ff;\"><strong><em>zawdzi\u0119czacie pracowito\u015bci, <\/em><\/strong><\/span><\/p>\n<p style=\"text-align: center;\"><span style=\"color: #0000ff;\"><strong><em>systematyczno\u015bci, odpowiedzialno\u015bci <\/em><\/strong><\/span><\/p>\n<p style=\"text-align: center;\"><span style=\"color: #0000ff;\"><strong><em>i powadze traktowania obowi\u0105zk\u00f3w.<\/em><\/strong><\/span><\/p>\n<p style=\"text-align: center;\"><span style=\"color: #0000ff;\"><strong><em>\u00a0Jeste\u015bmy pe\u0142ni szacunku i uznania dla Waszej pracy i wysi\u0142k\u00f3w zwi\u0105zanych z piel\u0119gnowaniem kultury regionalnej.\u201d<\/em><\/strong><\/span><\/p>\n<p style=\"text-align: justify;\"><strong>\u00a0\u00a0\u00a0\u00a0\u00a0\u00a0\u00a0\u00a0\u00a0\u00a0\u00a0 <\/strong><\/p>\n<p style=\"text-align: justify;\"><strong>JUBILACI\u00a0 P. SZYMANIKOWIE \u2013 SADOWNE<\/strong><\/p>\n<p style=\"text-align: justify;\">W czerwcu 2011 nasza kole\u017canka Marysia Szymanik wraz z m\u0119\u017cem Mieczys\u0142awem obchodzili 45-lecie wsp\u00f3lnego po\u017cycia ma\u0142\u017ce\u0144skiego. SADOWIANKI tam by\u0142y, mi\u00f3d i wino pi\u0142y i oczywi\u015bcie wsp\u00f3lnie z go\u015b\u0107mi \u015bwietnie si\u0119 bawi\u0142y.<\/p>\n<div id=\"attachment_8278\" style=\"width: 598px\" class=\"wp-caption aligncenter\"><img loading=\"lazy\" decoding=\"async\" aria-describedby=\"caption-attachment-8278\" class=\"wp-image-8278 size-full\" src=\"http:\/\/www.info.sadowne.pl\/wp-content\/uploads\/2015\/04\/sad92.jpg\" alt=\"sad92\" width=\"588\" height=\"380\" srcset=\"https:\/\/info.sadowne.pl\/wp-content\/uploads\/2015\/04\/sad92.jpg 588w, https:\/\/info.sadowne.pl\/wp-content\/uploads\/2015\/04\/sad92-300x194.jpg 300w\" sizes=\"auto, (max-width: 588px) 100vw, 588px\" \/><p id=\"caption-attachment-8278\" class=\"wp-caption-text\">Wsp\u00f3lne zdj\u0119cie z Jubilatami<\/p><\/div>\n<p style=\"text-align: justify;\"><strong>KIE\u0141CZEW<\/strong><\/p>\n<p style=\"text-align: justify;\">29 czerwca 2011 rok \u2013 Dzie\u0144 Rado\u015bci wakacyjnej.<\/p>\n<p style=\"text-align: justify;\">Ju\u017c po raz dwunasty na placu szkolnym Szko\u0142y Podstawowej im. Stefana Kardyna\u0142a Wyszy\u0144skiego w Kie\u0142czewie odby\u0142 si\u0119 piknik rodzinny pod nazw\u0105 Dzie\u0144 Rado\u015bci Wakacyjnej. Celem imprezy by\u0142o wype\u0142nienie dzieciom i m\u0142odzie\u017cy pierwszego wakacyjnego dnia zabawami, konkursami, dyskotek\u0105 i przyjazn\u0105 atmosfer\u0105. Dzi\u0119ki hojno\u015bci wielu dobrych ludzi i przyjaznych instytucji, ponad 1000 uczestnik\u00f3w skorzysta\u0142o z ca\u0142ej gamy atrakcji. Urozmaiceniem dnia by\u0142y tak\u017ce zabawy z wodzirejem p. Markiem Makuchem z Pu\u0142aw (ex basist\u0105 zespo\u0142u Bajm), kt\u00f3ry niezwykle \u017cywio\u0142owo prowadzi\u0142 zabawy sprawno\u015bciowo-zr\u0119czno\u015bciowe. Beztroskie hasanie dzieci trwa\u0142o do godz. 18<span style=\"font-size: 13.3333330154419px; line-height: 18.1818180084229px;\">.00<\/span>, kiedy to SADOWIANKI rozpocz\u0119\u0142y sw\u00f3j wyst\u0119p. Po naszym wyst\u0119pie odby\u0142y si\u0119 zawody stra\u017cackie. Zwie\u0144czeniem ca\u0142odziennej zabawy by\u0142o wys\u0142anie w niebo balon\u00f3w z dobrymi uczynkami. O godz. 21<span style=\"font-size: 13.3333330154419px; line-height: 18.1818180084229px;\">.00<\/span>\u00a0ksi\u0105dz proboszcz poprowadzi\u0142 Apel Jasnog\u00f3rski. Nast\u0119pnie przy naturalnym zaciemnieniu, a\u017c do godz. drugiej trwa\u0142a zabawa plenerowa dla m\u0142odzie\u017cy i doros\u0142ych, przy muzyce zespo\u0142u ,,Omega\u201d.<\/p>\n<p style=\"text-align: justify;\"><strong>MA\u0141KINIA<\/strong><\/p>\n<div id=\"attachment_8279\" style=\"width: 553px\" class=\"wp-caption aligncenter\"><img loading=\"lazy\" decoding=\"async\" aria-describedby=\"caption-attachment-8279\" class=\"wp-image-8279 size-full\" src=\"http:\/\/www.info.sadowne.pl\/wp-content\/uploads\/2015\/04\/sad93.jpg\" alt=\"sad93\" width=\"543\" height=\"257\" srcset=\"https:\/\/info.sadowne.pl\/wp-content\/uploads\/2015\/04\/sad93.jpg 543w, https:\/\/info.sadowne.pl\/wp-content\/uploads\/2015\/04\/sad93-300x142.jpg 300w\" sizes=\"auto, (max-width: 543px) 100vw, 543px\" \/><p id=\"caption-attachment-8279\" class=\"wp-caption-text\">Ma\u0142kinia 2011 rok<\/p><\/div>\n<p style=\"text-align: justify;\">\n<p style=\"text-align: justify;\"><strong>W\u0118GR\u00d3W<\/strong><\/p>\n<p style=\"text-align: justify;\">18 wrze\u015bnia 2011 roku \u00a0kolejny udzia\u0142 w Mazowieckim \u015awi\u0119cie Chleba w W\u0119growie.<strong>\u00a0 \u00a0 \u00a0 \u00a0 \u00a0<\/strong><\/p>\n<p style=\"text-align: justify;\"><strong>SADOWNE<\/strong><\/p>\n<p style=\"text-align: justify;\">JUBILAT \u2013 KOL.\u00a0 ZBYSZEK\u00a0\u00a0 DANAJ<\/p>\n<p style=\"text-align: justify;\">14 pa\u017adziernika 2011roku zesp\u00f3\u0142 SADOWIANKI zosta\u0142 zaproszony na uroczyste spotkanie kole\u017ce\u0144skie w gronie kolejarzy z Warszawy Wile\u0144skiej. Impreza odby\u0142a si\u0119 w Sali OSP w Sadownem.<\/p>\n<p style=\"text-align: justify;\">Zaprosi\u0142 kol. Zbyszek Danaj z okazji odej\u015bcia na emerytur\u0119 i swoich urodzin.<\/p>\n<div id=\"attachment_8280\" style=\"width: 552px\" class=\"wp-caption aligncenter\"><img loading=\"lazy\" decoding=\"async\" aria-describedby=\"caption-attachment-8280\" class=\"wp-image-8280 size-full\" src=\"http:\/\/www.info.sadowne.pl\/wp-content\/uploads\/2015\/04\/sad94.jpg\" alt=\"sad94\" width=\"542\" height=\"424\" srcset=\"https:\/\/info.sadowne.pl\/wp-content\/uploads\/2015\/04\/sad94.jpg 542w, https:\/\/info.sadowne.pl\/wp-content\/uploads\/2015\/04\/sad94-300x235.jpg 300w\" sizes=\"auto, (max-width: 542px) 100vw, 542px\" \/><p id=\"caption-attachment-8280\" class=\"wp-caption-text\">Zesp\u00f3\u0142 wykonuje piosenki przeplatane wierszami uk\u0142adanymi na t\u0119 okoliczno\u015b\u0107<\/p><\/div>\n<p style=\"text-align: justify;\">\n<div id=\"attachment_8281\" style=\"width: 522px\" class=\"wp-caption aligncenter\"><img loading=\"lazy\" decoding=\"async\" aria-describedby=\"caption-attachment-8281\" class=\"wp-image-8281 size-full\" src=\"http:\/\/www.info.sadowne.pl\/wp-content\/uploads\/2015\/04\/sad95.jpg\" alt=\"sad95\" width=\"512\" height=\"384\" srcset=\"https:\/\/info.sadowne.pl\/wp-content\/uploads\/2015\/04\/sad95.jpg 512w, https:\/\/info.sadowne.pl\/wp-content\/uploads\/2015\/04\/sad95-300x225.jpg 300w\" sizes=\"auto, (max-width: 512px) 100vw, 512px\" \/><p id=\"caption-attachment-8281\" class=\"wp-caption-text\">Zbyszek Danaj we w\u0142asnym repertuarze<\/p><\/div>\n<div id=\"attachment_8282\" style=\"width: 513px\" class=\"wp-caption aligncenter\"><img loading=\"lazy\" decoding=\"async\" aria-describedby=\"caption-attachment-8282\" class=\"wp-image-8282 size-full\" src=\"http:\/\/www.info.sadowne.pl\/wp-content\/uploads\/2015\/04\/sad96.jpg\" alt=\"sad96\" width=\"503\" height=\"249\" srcset=\"https:\/\/info.sadowne.pl\/wp-content\/uploads\/2015\/04\/sad96.jpg 503w, https:\/\/info.sadowne.pl\/wp-content\/uploads\/2015\/04\/sad96-300x149.jpg 300w\" sizes=\"auto, (max-width: 503px) 100vw, 503px\" \/><p id=\"caption-attachment-8282\" class=\"wp-caption-text\">Nasz Jubilat rozbawiony zabawnymi tekstami, przygotowanymi specjalnie dla Niego<\/p><\/div>\n<p>&nbsp;<\/p>\n<p style=\"text-align: justify;\"><strong>W\u0118GR\u00d3W &#8211; ,,BARWY\u00a0 JESIENI\u201d<\/strong><\/p>\n<p style=\"text-align: justify;\">13 listopada 2011roku w W\u0119growskim O\u015brodku Kultury w VI Mazowieckim Przegl\u0105dzie Tw\u00f3rczo\u015bci Artystycznej Senior\u00f3w wzi\u0119\u0142o udzia\u0142 11 zespo\u0142\u00f3w \u015bpiewaczych oraz 4 kabarety, w sumie 255 os\u00f3b. Wszystko przebieg\u0142o bardzo pomy\u015blnie, w fantastycznej atmosferze. W kategorii zespo\u0142\u00f3w \u015bpiewaczych i tanecznych pierwsze miejsce zdoby\u0142 zesp\u00f3\u0142 Pie\u015bni i Ta\u0144ca ,,Oberek\u201d z Wyszkowa, drugie miejsce zesp\u00f3\u0142 ,,Wyszkowianie\u201d. Zaznaczy\u0107 nale\u017cy, i\u017c obydwa zespo\u0142y prowadzone s\u0105 przez profesjonalist\u00f3w. Trzeci\u0105 lokat\u0119 uzyska\u0142 nasz zesp\u00f3\u0142 SADOWIANKI \u00a0\u2013 oczywi\u015bcie amatorki.<\/p>\n<p style=\"text-align: justify;\"><strong><img loading=\"lazy\" decoding=\"async\" class=\"alignleft size-full wp-image-8283\" src=\"http:\/\/www.info.sadowne.pl\/wp-content\/uploads\/2015\/04\/sad97.jpg\" alt=\"sad97\" width=\"249\" height=\"169\" \/>SADOWNE<\/strong><\/p>\n<p style=\"text-align: justify;\"><span style=\"color: #008000;\"><strong>OTWARCIE REGIONALNEJ IZBY EDUKACJI ETNOGRAFICZNEJ \u00a0W SADOWNEM.<\/strong><\/span><\/p>\n<p style=\"text-align: justify;\">Wyst\u0119p zespo\u0142u SADOWIANKI \u00a0rozpocz\u0105\u0142 w czwartek 17 listopada 2011 r. uroczysto\u015b\u0107 uruchomienia przy Gminnym O\u015brodku Kultury w Sadownem Muzealnej Izby Edukacji Etnograficznej oddzia\u0142u Muzeum Ziemi Sadowie\u0144skiej.<\/p>\n<div id=\"attachment_8284\" style=\"width: 548px\" class=\"wp-caption aligncenter\"><img loading=\"lazy\" decoding=\"async\" aria-describedby=\"caption-attachment-8284\" class=\"wp-image-8284 size-full\" src=\"http:\/\/www.info.sadowne.pl\/wp-content\/uploads\/2015\/04\/sad98.jpg\" alt=\"sad98\" width=\"538\" height=\"405\" srcset=\"https:\/\/info.sadowne.pl\/wp-content\/uploads\/2015\/04\/sad98.jpg 538w, https:\/\/info.sadowne.pl\/wp-content\/uploads\/2015\/04\/sad98-300x226.jpg 300w\" sizes=\"auto, (max-width: 538px) 100vw, 538px\" \/><p id=\"caption-attachment-8284\" class=\"wp-caption-text\">W Izbie Edukacji Etnograficznej<\/p><\/div>\n<div id=\"attachment_8285\" style=\"width: 525px\" class=\"wp-caption aligncenter\"><img loading=\"lazy\" decoding=\"async\" aria-describedby=\"caption-attachment-8285\" class=\"wp-image-8285 size-full\" src=\"http:\/\/www.info.sadowne.pl\/wp-content\/uploads\/2015\/04\/sad99.jpg\" alt=\"sad99\" width=\"515\" height=\"387\" srcset=\"https:\/\/info.sadowne.pl\/wp-content\/uploads\/2015\/04\/sad99.jpg 515w, https:\/\/info.sadowne.pl\/wp-content\/uploads\/2015\/04\/sad99-300x225.jpg 300w\" sizes=\"auto, (max-width: 515px) 100vw, 515px\" \/><p id=\"caption-attachment-8285\" class=\"wp-caption-text\">W Izbie Edukacji Etnograficznej<\/p><\/div>\n<p style=\"text-align: justify;\">\n<p style=\"text-align: justify;\">Regionalna Izba Edukacji ma sta\u0142e ekspozycje. Jest tam k\u0105cik przyrodniczy ukazuj\u0105cy pi\u0119kno przyrody tego uroczego skrawka ziemi od Narwi po Bug, jego ro\u015blinno\u015b\u0107 i \u017cyj\u0105ce tu zwierz\u0119ta. W drugiej cz\u0119\u015bci znajduj\u0105 si\u0119 instrumenty na kt\u00f3rych grano na wsi kilkadziesi\u0105t a nawet 100 lat temu, a tak\u017ce du\u017ca ilo\u015b\u0107 eksponat\u00f3w sprz\u0119tu graj\u0105cego lat 50-tych do 70-tych. To nowe pomieszczenie ma by\u0107 miejscem, gdzie zwiedzaj\u0105cy b\u0119dzie m\u00f3g\u0142 na chwil\u0119 oderwa\u0107 si\u0119 od codzienno\u015bci i przenie\u015b\u0107 si\u0119 w lata naszych przodk\u00f3w i pami\u0105tek dawnego stylu \u017cycia.<\/p>\n<div id=\"attachment_8286\" style=\"width: 334px\" class=\"wp-caption aligncenter\"><img loading=\"lazy\" decoding=\"async\" aria-describedby=\"caption-attachment-8286\" class=\"wp-image-8286 size-full\" src=\"http:\/\/www.info.sadowne.pl\/wp-content\/uploads\/2015\/04\/sad100.jpg\" alt=\"sad100\" width=\"324\" height=\"244\" srcset=\"https:\/\/info.sadowne.pl\/wp-content\/uploads\/2015\/04\/sad100.jpg 324w, https:\/\/info.sadowne.pl\/wp-content\/uploads\/2015\/04\/sad100-300x226.jpg 300w\" sizes=\"auto, (max-width: 324px) 100vw, 324px\" \/><p id=\"caption-attachment-8286\" class=\"wp-caption-text\">Piosenka: ,,Jakiem si\u0119 zaleca\u0142\u201d<\/p><\/div>\n<div id=\"attachment_8287\" style=\"width: 528px\" class=\"wp-caption aligncenter\"><img loading=\"lazy\" decoding=\"async\" aria-describedby=\"caption-attachment-8287\" class=\"wp-image-8287 size-full\" src=\"http:\/\/www.info.sadowne.pl\/wp-content\/uploads\/2015\/04\/sad101.jpg\" alt=\"sad101\" width=\"518\" height=\"390\" srcset=\"https:\/\/info.sadowne.pl\/wp-content\/uploads\/2015\/04\/sad101.jpg 518w, https:\/\/info.sadowne.pl\/wp-content\/uploads\/2015\/04\/sad101-300x226.jpg 300w\" sizes=\"auto, (max-width: 518px) 100vw, 518px\" \/><p id=\"caption-attachment-8287\" class=\"wp-caption-text\">W Izbie Edukacji Etnograficznej<\/p><\/div>\n<div id=\"attachment_8288\" style=\"width: 477px\" class=\"wp-caption aligncenter\"><img loading=\"lazy\" decoding=\"async\" aria-describedby=\"caption-attachment-8288\" class=\"wp-image-8288 size-full\" src=\"http:\/\/www.info.sadowne.pl\/wp-content\/uploads\/2015\/04\/sad102.jpg\" alt=\"sad102\" width=\"467\" height=\"351\" srcset=\"https:\/\/info.sadowne.pl\/wp-content\/uploads\/2015\/04\/sad102.jpg 467w, https:\/\/info.sadowne.pl\/wp-content\/uploads\/2015\/04\/sad102-300x225.jpg 300w\" sizes=\"auto, (max-width: 467px) 100vw, 467px\" \/><p id=\"caption-attachment-8288\" class=\"wp-caption-text\">Po wyst\u0119pie Sadowianek wszyscy zaproszeni go\u015bcie spotkali si\u0119 na herbatce przy \u015bwiecach w Gminnej Bibliotece<\/p><\/div>\n<p style=\"text-align: justify;\"><strong>SADOWNE<\/strong><\/p>\n<p style=\"text-align: justify;\">Listopad\u00a0 2011 rok \u2013 Dosy\u0107 szczeg\u00f3lny Jubileusz Ma\u0142\u017ce\u0144stw, poniewa\u017c w tym miesi\u0105cu swoj\u0105 rocznic\u0119 wieloletniego po\u017cycia ma\u0142\u017ce\u0144skiego obchodzi\u0142a kole\u017canka z zespo\u0142u Monika Nozderka z m\u0119\u017cem Janem.<\/p>\n<div id=\"attachment_8289\" style=\"width: 483px\" class=\"wp-caption aligncenter\"><img loading=\"lazy\" decoding=\"async\" aria-describedby=\"caption-attachment-8289\" class=\"wp-image-8289 size-full\" src=\"http:\/\/www.info.sadowne.pl\/wp-content\/uploads\/2015\/04\/sad103.jpg\" alt=\"sad103\" width=\"473\" height=\"317\" srcset=\"https:\/\/info.sadowne.pl\/wp-content\/uploads\/2015\/04\/sad103.jpg 473w, https:\/\/info.sadowne.pl\/wp-content\/uploads\/2015\/04\/sad103-300x201.jpg 300w\" sizes=\"auto, (max-width: 473px) 100vw, 473px\" \/><p id=\"caption-attachment-8289\" class=\"wp-caption-text\">W\u00f3jt gminy p.Zdzis\u0142aw Tracz dekoruje medalem kol. Monik\u0119 oraz Jej m\u0119\u017ca<\/p><\/div>\n<p style=\"text-align: justify;\">\n<div id=\"attachment_8290\" style=\"width: 591px\" class=\"wp-caption aligncenter\"><img loading=\"lazy\" decoding=\"async\" aria-describedby=\"caption-attachment-8290\" class=\"wp-image-8290 size-full\" src=\"http:\/\/www.info.sadowne.pl\/wp-content\/uploads\/2015\/04\/sad104.jpg\" alt=\"sad104\" width=\"581\" height=\"266\" srcset=\"https:\/\/info.sadowne.pl\/wp-content\/uploads\/2015\/04\/sad104.jpg 581w, https:\/\/info.sadowne.pl\/wp-content\/uploads\/2015\/04\/sad104-300x137.jpg 300w\" sizes=\"auto, (max-width: 581px) 100vw, 581px\" \/><p id=\"caption-attachment-8290\" class=\"wp-caption-text\">Na uroczysto\u015bci nie mog\u0142o zabrakn\u0105\u0107 SADOWIANEK<\/p><\/div>\n<p style=\"text-align: justify;\"><span style=\"color: #0000ff;\"><em>Aby Wasza droga \u00a0<\/em><em>\u017c<\/em><em>ycia us<\/em><em>\u0142<\/em><em>ana by<\/em><em>\u0142<\/em><em>a kwiatami, na niebie go<\/em><em>\u015b<\/em><em>ci<\/em><em>\u0142<\/em><em>o s<\/em><em>\u0142<\/em><em>o<\/em><em>\u0144<\/em><em>ce, a w serach Waszych mi<\/em><em>\u0142<\/em><em>o<\/em><em>\u015b\u0107<\/em><em> i dobro<\/em><em>\u0107<\/em><em>. Wszystkiego co najlepsze.<\/em><\/span><\/p>\n<p style=\"text-align: justify;\"><strong>\u0179r\u00f3d\u0142o:<\/strong>\u00a0SADOWIANKI, Barbara Wr\u00f3bel, Sadowne 2014 (kronika dost\u0119pna w zbiorach GOK Sadowne)<\/p>\n","protected":false},"excerpt":{"rendered":"<p>Sadowne.<\/p>\n","protected":false},"author":1,"featured_media":0,"comment_status":"open","ping_status":"open","sticky":false,"template":"","format":"standard","meta":{"footnotes":""},"categories":[5,31,1202],"tags":[101,960],"class_list":["post-8270","post","type-post","status-publish","format-standard","hentry","category-newsy","category-historia-gminy","category-zespol-spiewaczy-sadowianki","tag-historia-gminy-sadowne","tag-zespol-spiewaczy-sadowianki"],"views":3248,"_links":{"self":[{"href":"https:\/\/info.sadowne.pl\/index.php?rest_route=\/wp\/v2\/posts\/8270","targetHints":{"allow":["GET"]}}],"collection":[{"href":"https:\/\/info.sadowne.pl\/index.php?rest_route=\/wp\/v2\/posts"}],"about":[{"href":"https:\/\/info.sadowne.pl\/index.php?rest_route=\/wp\/v2\/types\/post"}],"author":[{"embeddable":true,"href":"https:\/\/info.sadowne.pl\/index.php?rest_route=\/wp\/v2\/users\/1"}],"replies":[{"embeddable":true,"href":"https:\/\/info.sadowne.pl\/index.php?rest_route=%2Fwp%2Fv2%2Fcomments&post=8270"}],"version-history":[{"count":1,"href":"https:\/\/info.sadowne.pl\/index.php?rest_route=\/wp\/v2\/posts\/8270\/revisions"}],"predecessor-version":[{"id":8291,"href":"https:\/\/info.sadowne.pl\/index.php?rest_route=\/wp\/v2\/posts\/8270\/revisions\/8291"}],"wp:attachment":[{"href":"https:\/\/info.sadowne.pl\/index.php?rest_route=%2Fwp%2Fv2%2Fmedia&parent=8270"}],"wp:term":[{"taxonomy":"category","embeddable":true,"href":"https:\/\/info.sadowne.pl\/index.php?rest_route=%2Fwp%2Fv2%2Fcategories&post=8270"},{"taxonomy":"post_tag","embeddable":true,"href":"https:\/\/info.sadowne.pl\/index.php?rest_route=%2Fwp%2Fv2%2Ftags&post=8270"}],"curies":[{"name":"wp","href":"https:\/\/api.w.org\/{rel}","templated":true}]}}