{"id":8522,"date":"2021-05-02T12:30:54","date_gmt":"2021-05-02T10:30:54","guid":{"rendered":"http:\/\/www.infosadowne.boo.pl\/?p=8522"},"modified":"2021-05-02T12:31:47","modified_gmt":"2021-05-02T10:31:47","slug":"jest-sporo-pracy","status":"publish","type":"post","link":"https:\/\/info.sadowne.pl\/?p=8522","title":{"rendered":"Zaczyna si\u0119 pracowity sezon&#8230;"},"content":{"rendered":"<p style=\"text-align: justify;\"><strong><a href=\"http:\/\/www.info.sadowne.pl\/wp-content\/uploads\/2015\/04\/2015.04.26.1.jpg\" target=\"_blank\" rel=\"noopener\"><img loading=\"lazy\" decoding=\"async\" class=\"alignleft wp-image-8523 size-thumbnail\" src=\"http:\/\/www.info.sadowne.pl\/wp-content\/uploads\/2015\/04\/2015.04.26.1-180x130.jpg\" alt=\"2015.04.26.1\" width=\"180\" height=\"130\" \/><\/a>Zrobi\u0142o si\u0119 wsz\u0119dzie zielono, a ogrody zaczynaj\u0105 mieni\u0107 si\u0119 r\u00f3\u017cnymi kolorami szybko rozwijaj\u0105cych si\u0119 kwiat\u00f3w.<\/strong><!--more--><\/p>\n<p style=\"text-align: justify;\">Prze\u0142om kwietnia i maja jest naj\u0142adniejszym okresem w roku, w trakcie kt\u00f3rego przyroda szybko budzi si\u0119 do \u017cycia. W naszych ogrodach pojawia si\u0119 \u015bwie\u017ca ziele\u0144, ale jest te\u017c du\u017co pracy.<\/p>\n<p style=\"text-align: justify;\"><strong><a href=\"http:\/\/www.info.sadowne.pl\/wp-content\/uploads\/2015\/04\/2015.04.26.2.jpg\" target=\"_blank\" rel=\"noopener\"><img loading=\"lazy\" decoding=\"async\" class=\"alignright wp-image-8524 size-thumbnail\" src=\"http:\/\/www.info.sadowne.pl\/wp-content\/uploads\/2015\/04\/2015.04.26.2-180x130.jpg\" alt=\"2015.04.26.2\" width=\"180\" height=\"130\" \/><\/a>Nie zapomnijmy przyci\u0105\u0107 po przekwitni\u0119ciu krzew\u00f3w ozdobnych:<\/strong> forsycji, tawu\u0142y czy wierzby. Na wysoko\u015bci 30-40 cm od ziemi tniemy te\u017c r\u00f3\u017ce (zazwyczaj ok. 1 cm nad oczkiem, kt\u00f3re skierowane jest na zewn\u0105trz). Do gruntu wysiewamy wiele gatunk\u00f3w bylin, a kwitn\u0105ce latem rozmna\u017camy przez podzia\u0142 \u2013 dobrze zrobi\u0107 to przy pochmurnej pogodzie i obficie je podla\u0107, gdy\u017c nadal jest bardzo sucho.<\/p>\n<p style=\"text-align: justify;\"><strong><a href=\"http:\/\/www.info.sadowne.pl\/wp-content\/uploads\/2015\/04\/2015.04.26.3.jpg\" target=\"_blank\" rel=\"noopener\"><img loading=\"lazy\" decoding=\"async\" class=\"alignleft wp-image-8525 size-thumbnail\" src=\"http:\/\/www.info.sadowne.pl\/wp-content\/uploads\/2015\/04\/2015.04.26.3-180x130.jpg\" alt=\"2015.04.26.3\" width=\"180\" height=\"130\" \/><\/a>Wi\u0119cej pracy czeka nas przy drzewach owocowych<\/strong> \u2013 podczas p\u0119kania pierwszych p\u0105k\u00f3w dobrze jest opryska\u0107 drzewa preparatami przeciwko chorobom grzybowym i rdzom. Usuwamy te\u017c ich obumar\u0142e cz\u0119\u015bci lub z widocznymi uszkodzeniami, a tak\u017ce pora\u017cone przez choroby. Podobnie podejd\u017amy do naszych iglak\u00f3w, kt\u00f3re wiosn\u0105 na ig\u0142ach i p\u0119dach mog\u0105 ju\u017c posiada\u0107 gniazda szkodnik\u00f3w: prz\u0119dziork\u00f3w czy tarcznik\u00f3w. Nie zwlekajmy i zastosujmy jeden z preparat\u00f3w owadob\u00f3jczych, np. Karate, Provado Plus lub Confidor \u2013 nawet profilaktycznie, a w przypadku \u015bwierk\u00f3w kar\u0142owych jest to nawet wymagane.<\/p>\n<p style=\"text-align: justify;\"><strong><a href=\"http:\/\/www.info.sadowne.pl\/wp-content\/uploads\/2015\/04\/2015.04.26.4.jpg\" target=\"_blank\" rel=\"noopener\"><img loading=\"lazy\" decoding=\"async\" class=\"alignright wp-image-8526 size-thumbnail\" src=\"http:\/\/www.info.sadowne.pl\/wp-content\/uploads\/2015\/04\/2015.04.26.4-180x130.jpg\" alt=\"2015.04.26.4\" width=\"180\" height=\"130\" \/><\/a>Sadzimy te\u017c nowe drzewka i krzewy<\/strong>, ale uwa\u017cajmy z ich zakupem. Cz\u0119sto zdarza si\u0119, i\u017c w du\u017cych sieciach handlowych lub na targowiskach mo\u017cemy kupi\u0107 sadzonk\u0119 o poszukiwanej przez nas nazwie, kt\u00f3ra w efekcie &#8211; po wyro\u015bni\u0119ciu &#8211; zmieni si\u0119 w zupe\u0142nie inne drzewo lub krzew. Zakup\u00f3w dokonujmy w zaprzyja\u017anionych sklepach, w pobli\u017cu miejsca zamieszkania (polecamy dost\u0119pne na miejscu punkty sprzeda\u017cy, wymienione w naszym Katalogu firm: <span style=\"color: #0000ff;\"><a style=\"color: #0000ff;\" href=\"http:\/\/www.info.sadowne.pl\/?page_id=265\" target=\"_blank\" rel=\"noopener\"><strong>\u201eDom i ogr\u00f3d\u201d<\/strong><\/a><\/span>)\u00a0\u2013 s\u0142u\u017c\u0105 one r\u00f3wnie\u017c porad\u0105 na temat sadzenia i piel\u0119gnacji sprzedawanych przez siebie sadzonek.<\/p>\n<p style=\"text-align: justify;\"><strong><a href=\"http:\/\/www.info.sadowne.pl\/wp-content\/uploads\/2015\/04\/2015.04.26.6.jpg\" target=\"_blank\" rel=\"noopener\"><img loading=\"lazy\" decoding=\"async\" class=\"alignleft wp-image-8527 size-thumbnail\" src=\"http:\/\/www.info.sadowne.pl\/wp-content\/uploads\/2015\/04\/2015.04.26.6-180x130.jpg\" alt=\"2015.04.26.6\" width=\"180\" height=\"130\" \/><\/a>Nie zapomnijmy te\u017c zasili\u0107 nawozami ogrodowych drzew i krzew\u00f3w.<\/strong> W sprzeda\u017cy znajdziemy wiele rodzaj\u00f3w nawoz\u00f3w, kt\u00f3re posiadaj\u0105 potrzebne sk\u0142adniki od\u017cywcze dla konkretnych ro\u015blin, a tak\u017ce wielosk\u0142adnikowe &#8211; stosowane do zasilenia wi\u0119kszo\u015bci naszych nasadze\u0144.<\/p>\n<p style=\"text-align: justify;\"><strong>Zasilamy te\u017c trawniki<\/strong> i stosujemy preparaty np. do pozbycia si\u0119 mchu. Trawa szybko ro\u015bnie, a jeszcze szybciej niepo\u017c\u0105dane ziele, dlatego te\u017c przygotujmy ju\u017c sprz\u0119t do koszenia \u2013 kosiarki wymagaj\u0105 naostrzenia no\u017cy i corocznej wymiany oleju.<\/p>\n<p style=\"text-align: justify;\"><strong><a href=\"http:\/\/www.info.sadowne.pl\/wp-content\/uploads\/2015\/04\/2015.04.26.5.jpg\" target=\"_blank\" rel=\"noopener\"><img loading=\"lazy\" decoding=\"async\" class=\"alignright wp-image-8528 size-thumbnail\" src=\"http:\/\/www.info.sadowne.pl\/wp-content\/uploads\/2015\/04\/2015.04.26.5-180x130.jpg\" alt=\"2015.04.26.5\" width=\"180\" height=\"130\" \/><\/a>Pracy b\u0119dzie wiele\u2026 <\/strong>ale chyba wszyscy na to czekali\u015bmy. Nie wspomnimy te\u017c o wysiewaniu w ogrodzie nowych kwiat\u00f3w, przygotowaniu do sezonu stawu czy oczka wodnego \u2013 je\u015bli kto\u015b takowe posiada, a tak\u017ce przygotowaniu ogrodu warzywnego \u2013 sadzonki seler\u00f3w i por\u00f3w ju\u017c si\u0119 pojawi\u0142y na targach, cho\u0107 istnieje jeszcze zagro\u017cenie przymrozkami. Ogr\u00f3d warzywny wymaga r\u00f3wnie\u017c sta\u0142ego odchwaszczania, nawadniania i zasilania sk\u0142adnikami od\u017cywczymi.<\/p>\n<p style=\"text-align: justify;\"><strong>Du\u017co tego i ci\u0119\u017cko wszystko spami\u0119ta\u0107. Sami b\u0119dziemy widzieli konieczno\u015b\u0107 wykonania konkretnych prac w naszym ogrodzie podczas jednej z kolejnych jego lustracji.<\/strong> Ale jak\u017ce b\u0119dzie przyjemnie, gdy wykonamy te wszystkie prace \u2013 rozkoszujemy si\u0119 wtedy prawdziw\u0105 wiosn\u0105 i bez \u017cadnych kompleks\u00f3w mo\u017cemy ju\u017c wtedy przyjmowa\u0107 u siebie go\u015bci, albowiem nadchodzi czas imprez \u2013 zazwyczaj na \u0142onie przyrody.<\/p>\n<p style=\"text-align: justify;\"><strong>Najpierw oczywi\u015bcie musi by\u0107 &#8222;otwarcie sezonu&#8221;!<\/strong><\/p>\n<p style=\"text-align: justify;\"><strong>Powodzenia!<\/strong><\/p>\n<p style=\"text-align: justify;\"><strong>Tekst\/foto:<\/strong>\u00a0S\u0142awek Chyli\u0144ski<\/p>\n","protected":false},"excerpt":{"rendered":"<p>Zrobi\u0142o si\u0119 wsz\u0119dzie zielono, a ogrody zaczynaj\u0105 mieni\u0107 si\u0119 r\u00f3\u017cnymi kolorami szybko rozwijaj\u0105cych si\u0119 kwiat\u00f3w.<\/p>\n","protected":false},"author":1,"featured_media":0,"comment_status":"open","ping_status":"open","sticky":false,"template":"","format":"standard","meta":{"footnotes":""},"categories":[5,414],"tags":[479,1316],"class_list":["post-8522","post","type-post","status-publish","format-standard","hentry","category-newsy","category-w-ogrodzie","tag-w-ogrodzie-2","tag-wiosna-w-ogrodzie"],"views":3977,"_links":{"self":[{"href":"https:\/\/info.sadowne.pl\/index.php?rest_route=\/wp\/v2\/posts\/8522","targetHints":{"allow":["GET"]}}],"collection":[{"href":"https:\/\/info.sadowne.pl\/index.php?rest_route=\/wp\/v2\/posts"}],"about":[{"href":"https:\/\/info.sadowne.pl\/index.php?rest_route=\/wp\/v2\/types\/post"}],"author":[{"embeddable":true,"href":"https:\/\/info.sadowne.pl\/index.php?rest_route=\/wp\/v2\/users\/1"}],"replies":[{"embeddable":true,"href":"https:\/\/info.sadowne.pl\/index.php?rest_route=%2Fwp%2Fv2%2Fcomments&post=8522"}],"version-history":[{"count":5,"href":"https:\/\/info.sadowne.pl\/index.php?rest_route=\/wp\/v2\/posts\/8522\/revisions"}],"predecessor-version":[{"id":24612,"href":"https:\/\/info.sadowne.pl\/index.php?rest_route=\/wp\/v2\/posts\/8522\/revisions\/24612"}],"wp:attachment":[{"href":"https:\/\/info.sadowne.pl\/index.php?rest_route=%2Fwp%2Fv2%2Fmedia&parent=8522"}],"wp:term":[{"taxonomy":"category","embeddable":true,"href":"https:\/\/info.sadowne.pl\/index.php?rest_route=%2Fwp%2Fv2%2Fcategories&post=8522"},{"taxonomy":"post_tag","embeddable":true,"href":"https:\/\/info.sadowne.pl\/index.php?rest_route=%2Fwp%2Fv2%2Ftags&post=8522"}],"curies":[{"name":"wp","href":"https:\/\/api.w.org\/{rel}","templated":true}]}}