{"id":8566,"date":"2015-04-30T17:43:15","date_gmt":"2015-04-30T15:43:15","guid":{"rendered":"http:\/\/www.infosadowne.boo.pl\/?p=8566"},"modified":"2015-04-30T17:43:15","modified_gmt":"2015-04-30T15:43:15","slug":"plac-zabaw-jest-czynny","status":"publish","type":"post","link":"https:\/\/info.sadowne.pl\/?p=8566","title":{"rendered":"Plac zabaw jest czynny"},"content":{"rendered":"<p style=\"text-align: justify;\"><strong><span style=\"text-decoration: underline;\"><a href=\"http:\/\/www.info.sadowne.pl\/wp-content\/uploads\/2015\/04\/2015.04.30.1.jpg\" target=\"_blank\"><img loading=\"lazy\" decoding=\"async\" class=\"alignleft wp-image-8567 size-thumbnail\" src=\"http:\/\/www.info.sadowne.pl\/wp-content\/uploads\/2015\/04\/2015.04.30.1-180x130.jpg\" alt=\"2015.04.30.1\" width=\"180\" height=\"130\" \/><\/a>OG\u0141OSZENIE<\/span><\/strong><!--more--><\/p>\n<p style=\"text-align: justify;\">Dyrekcja Szko\u0142y Podstawowej im. Czes\u0142awa Wycecha w\u00a0Sadownem informuje, i\u017c od poniedzia\u0142ku do niedzieli w godz. 14-19\u00a0mo\u017cna korzysta\u0107 z placu zabaw \u201eMa\u0142gorzatka\u201d.<\/p>\n<p style=\"text-align: justify;\"><strong>Zgodnie z\u00a0regulaminem dzieci na terenie placu zabaw mog\u0105 przebywa\u0107 <span style=\"text-decoration: underline;\">wy\u0142\u0105cznie<\/span> pod opiek\u0105 rodzica lub doros\u0142ego opiekuna. \u00a0<\/strong><\/p>\n<p style=\"text-align: justify;\">Klucz do wej\u015bcia na plac zabaw znajduje si\u0119 w bibliotece publicznej oraz w \u015bwietlicy socjoterapeutycznej dzia\u0142aj\u0105cej w sali przy hali sportowej.<\/p>\n<p style=\"text-align: justify;\">W sobot\u0119 i niedziel\u0119 placem w wyznaczonych godzinach opiekowa\u0107 si\u0119 b\u0119dzie pracownik Urz\u0119du Gminy.<\/p>\n","protected":false},"excerpt":{"rendered":"<p>OG\u0141OSZENIE<\/p>\n","protected":false},"author":1,"featured_media":0,"comment_status":"open","ping_status":"open","sticky":false,"template":"","format":"standard","meta":{"footnotes":""},"categories":[5,84],"tags":[1324,16],"class_list":["post-8566","post","type-post","status-publish","format-standard","hentry","category-newsy","category-szkola-podstawowa-im-cz-wycecha","tag-plac-zabaw-w-sadownem","tag-szkola-podstawowa-w-sadownem"],"views":3285,"_links":{"self":[{"href":"https:\/\/info.sadowne.pl\/index.php?rest_route=\/wp\/v2\/posts\/8566","targetHints":{"allow":["GET"]}}],"collection":[{"href":"https:\/\/info.sadowne.pl\/index.php?rest_route=\/wp\/v2\/posts"}],"about":[{"href":"https:\/\/info.sadowne.pl\/index.php?rest_route=\/wp\/v2\/types\/post"}],"author":[{"embeddable":true,"href":"https:\/\/info.sadowne.pl\/index.php?rest_route=\/wp\/v2\/users\/1"}],"replies":[{"embeddable":true,"href":"https:\/\/info.sadowne.pl\/index.php?rest_route=%2Fwp%2Fv2%2Fcomments&post=8566"}],"version-history":[{"count":1,"href":"https:\/\/info.sadowne.pl\/index.php?rest_route=\/wp\/v2\/posts\/8566\/revisions"}],"predecessor-version":[{"id":8568,"href":"https:\/\/info.sadowne.pl\/index.php?rest_route=\/wp\/v2\/posts\/8566\/revisions\/8568"}],"wp:attachment":[{"href":"https:\/\/info.sadowne.pl\/index.php?rest_route=%2Fwp%2Fv2%2Fmedia&parent=8566"}],"wp:term":[{"taxonomy":"category","embeddable":true,"href":"https:\/\/info.sadowne.pl\/index.php?rest_route=%2Fwp%2Fv2%2Fcategories&post=8566"},{"taxonomy":"post_tag","embeddable":true,"href":"https:\/\/info.sadowne.pl\/index.php?rest_route=%2Fwp%2Fv2%2Ftags&post=8566"}],"curies":[{"name":"wp","href":"https:\/\/api.w.org\/{rel}","templated":true}]}}