{"id":8579,"date":"2015-05-03T18:10:06","date_gmt":"2015-05-03T16:10:06","guid":{"rendered":"http:\/\/www.infosadowne.boo.pl\/?p=8579"},"modified":"2020-04-24T17:59:47","modified_gmt":"2020-04-24T15:59:47","slug":"3-maja-w-sadownem-2","status":"publish","type":"post","link":"https:\/\/info.sadowne.pl\/?p=8579","title":{"rendered":"3 Maja w Sadownem"},"content":{"rendered":"<p style=\"text-align: justify;\"><strong><img loading=\"lazy\" decoding=\"async\" class=\"alignleft size-thumbnail wp-image-8580\" src=\"http:\/\/www.info.sadowne.pl\/wp-content\/uploads\/2015\/05\/2015.05.03.1-180x130.jpg\" alt=\"2015.05.03.1\" width=\"180\" height=\"130\" \/>3 maja w Sadownem uroczy\u015bcie obchodzono rocznic\u0119 uchwalenia Konstytucji 3 Maja i Dzie\u0144 Stra\u017caka.<\/strong><!--more--><\/p>\n<p style=\"text-align: justify;\">Msz\u0105 o godz. 11.00 w ko\u015bciele parafialnym w Sadownem rozpocz\u0119to uroczyste obchody uchwalenia Konstytucji 3 Maja i Dnia Stra\u017caka. Podnios\u0142y ton uroczysto\u015bci nada\u0142a obecno\u015b\u0107 poczt\u00f3w sztandarowych i flagowych szk\u00f3\u0142 oraz gminnych Jednostek OSP, kt\u00f3re przed ko\u015bcio\u0142em powita\u0142 ks. Tomasz Duszkiewicz.<\/p>\n<p style=\"text-align: justify;\">Po procesyjnym wej\u015bciu do \u015awi\u0105tyni, celebruj\u0105cy Msz\u0119 \u015awi\u0119t\u0105 w asy\u015bcie warty honorowej uczni\u00f3w ZSP i strzelc\u00f3w JS 5001 ks. Tomasz przedstawi\u0142 istot\u0119 i wag\u0119 uchwalonego pod koniec XVIII wieku aktu prawnego oraz sylwetk\u0119 \u015aw. Floriana &#8211; Patrona Stra\u017cak\u00f3w, w intencji kt\u00f3rych \u2013 czynnych, zmar\u0142ych i przebywaj\u0105cych na misji w Nepalu \u2013 odprawiana jest Msza.<\/p>\n<p style=\"text-align: justify;\">Msza zako\u0144czy\u0142a si\u0119 uroczyst\u0105 procesj\u0105 wok\u00f3\u0142 ko\u015bcio\u0142a parafialnego i przemarszem do kamienia upami\u0119tniaj\u0105cego 500-lecie powstania osady, gdzie z\u0142o\u017cono kwiaty, a zebrani us\u0142yszeli przem\u00f3wienia: W\u00f3jta Gminy Sadowne p. Waldemara Cyrana i p. Kazimierza Ksi\u0105\u017cka, zaprezentowano obecne poczty sztandarowe, natomiast dzieci ze szk\u00f3\u0142 podstawowych w Grabinach i Sadownem wierszem i piosenk\u0105 uczci\u0142y akt konstytucyjny.<\/p>\n<p style=\"text-align: justify;\">Druga cz\u0119\u015b\u0107 uroczysto\u015bci, wy\u0142\u0105cznie zwi\u0105zana ju\u017c ze \u015awi\u0119tem Stra\u017caka, odby\u0142a si\u0119 na placu parkingowym przy Urz\u0119dzie Gminy Sadowne. Krokiem defiladowym przemaszerowa\u0142y tam poczty sztandarowe i gminne Jednostki OSP.<\/p>\n<p style=\"text-align: justify;\">Po pierwszej od wielu lat tak uroczystej zbi\u00f3rce wszystkich Jednostek OSP, ich Komendant \u2013 p. Henryk Ga\u0142\u0105zka z\u0142o\u017cy\u0142 raport w\u0142odarzowi Gminy, W\u00f3jtowi \u2013 p. Waldemarowi Cyranowi. W swoim przem\u00f3wieniu p. W\u00f3jt podkre\u015bli\u0142 zas\u0142ugi stra\u017cak\u00f3w \u201eochotnik\u00f3w\u201d dla spo\u0142eczno\u015bci gminnej, przekaza\u0142 im i ich rodzinom \u017cyczenia. I tu ciekawostka \u2013 p. W\u00f3jt z okazji tego \u015awi\u0119ta postanowi\u0142 zosta\u0107 cz\u0142onkiem OSP i otrzyma\u0142 legitymacj\u0119 z r\u0105k przyby\u0142ej na uroczysto\u015bci p. Wicemarsza\u0142ek Wojew\u00f3dztwa Mazowieckiego \u2013 El\u017cbiety Lanc oraz Komendant\u00f3w: Gminnej i Sadowie\u0144skiej OSP.<\/p>\n<p style=\"text-align: justify;\">Na uroczysto\u015bci nie mog\u0142o te\u017c zabrakn\u0105\u0107 akcentu ludowego \u2013 Zesp\u00f3\u0142 \u015apiewaczy SADOWIANKI u\u015bwietni\u0142 t\u0119 uroczysto\u015b\u0107 swoim wyst\u0119pem, prezentuj\u0105c kilka wybranych utwor\u00f3w ze swojego bogatego repertuaru. Stra\u017cacy natomiast przygotowali dla publiczno\u015bci pokaz ratownictwa drogowego i medycznego polegaj\u0105cego na uwolnieniu z samochodu poszkodowanego po wypadku drogowym pasa\u017cera i udzieleniu mu pierwszej pomocy medycznej.<\/p>\n<p style=\"text-align: justify;\">Wspania\u0142a uroczysto\u015b\u0107, ale jej bohaterowie na to zas\u0142uguj\u0105. Do\u0142\u0105czamy si\u0119 do \u017cycze\u0144 \u2013 wszystkiego dobrego Drodzy Stra\u017cacy. Powodzenia!<\/p>\n<p><a href=\"https:\/\/photos.app.goo.gl\/4sPoS2JV7ZatXfVK6\" target=\"_blank\" rel=\"noopener noreferrer\"><strong>Zdj\u0119cia w galerii Google&gt;&gt;&gt;<\/strong><\/a><\/p>\n<p style=\"text-align: justify;\"><strong>Tekst\/foto:<\/strong> S\u0142awek Chyli\u0144ski<\/p>\n<p style=\"text-align: justify;\"><strong>Zobacz te\u017c <span style=\"color: #0000ff;\"><a style=\"color: #0000ff;\" href=\"http:\/\/youtu.be\/V4cw3fHP_04\" target=\"_blank\" rel=\"noopener noreferrer\">film&gt;&gt;&gt;<\/a><\/span><\/strong><\/p>\n<p>&nbsp;<\/p>\n","protected":false},"excerpt":{"rendered":"<p>3 maja w Sadownem uroczy\u015bcie obchodzono rocznic\u0119 uchwalenia Konstytucji 3 Maja i Dzie\u0144 Stra\u017caka.<\/p>\n","protected":false},"author":1,"featured_media":0,"comment_status":"open","ping_status":"open","sticky":false,"template":"","format":"standard","meta":{"footnotes":""},"categories":[5,41],"tags":[1327,1326],"class_list":["post-8579","post","type-post","status-publish","format-standard","hentry","category-newsy","category-wiesci-gminne","tag-dzien-strazaka-w-sadownem","tag-swieto-konstytucji-3-maja-w-sadownem"],"views":3813,"_links":{"self":[{"href":"https:\/\/info.sadowne.pl\/index.php?rest_route=\/wp\/v2\/posts\/8579","targetHints":{"allow":["GET"]}}],"collection":[{"href":"https:\/\/info.sadowne.pl\/index.php?rest_route=\/wp\/v2\/posts"}],"about":[{"href":"https:\/\/info.sadowne.pl\/index.php?rest_route=\/wp\/v2\/types\/post"}],"author":[{"embeddable":true,"href":"https:\/\/info.sadowne.pl\/index.php?rest_route=\/wp\/v2\/users\/1"}],"replies":[{"embeddable":true,"href":"https:\/\/info.sadowne.pl\/index.php?rest_route=%2Fwp%2Fv2%2Fcomments&post=8579"}],"version-history":[{"count":2,"href":"https:\/\/info.sadowne.pl\/index.php?rest_route=\/wp\/v2\/posts\/8579\/revisions"}],"predecessor-version":[{"id":23277,"href":"https:\/\/info.sadowne.pl\/index.php?rest_route=\/wp\/v2\/posts\/8579\/revisions\/23277"}],"wp:attachment":[{"href":"https:\/\/info.sadowne.pl\/index.php?rest_route=%2Fwp%2Fv2%2Fmedia&parent=8579"}],"wp:term":[{"taxonomy":"category","embeddable":true,"href":"https:\/\/info.sadowne.pl\/index.php?rest_route=%2Fwp%2Fv2%2Fcategories&post=8579"},{"taxonomy":"post_tag","embeddable":true,"href":"https:\/\/info.sadowne.pl\/index.php?rest_route=%2Fwp%2Fv2%2Ftags&post=8579"}],"curies":[{"name":"wp","href":"https:\/\/api.w.org\/{rel}","templated":true}]}}