{"id":865,"date":"2013-01-10T16:57:01","date_gmt":"2013-01-10T15:57:01","guid":{"rendered":"http:\/\/www.infosadowne.boo.pl\/?p=865"},"modified":"2013-01-10T16:58:26","modified_gmt":"2013-01-10T15:58:26","slug":"okienko-poetyckie-monika-kresa","status":"publish","type":"post","link":"https:\/\/info.sadowne.pl\/?p=865","title":{"rendered":"Okienko poetyckie &#8211; Monika Kresa."},"content":{"rendered":"<p style=\"text-align: justify;\"><b><img loading=\"lazy\" decoding=\"async\" class=\"alignleft size-thumbnail wp-image-867\" alt=\"IWA (2)\" src=\"http:\/\/www.info.sadowne.pl\/wp-content\/uploads\/2013\/01\/IWA-2-124x150.jpg\" width=\"124\" height=\"150\" \/>Monika Maria Kresa<\/b><b>\u00a0 <\/b><strong>&#8211;\u00a0z pochodzenia jest stoczkowiank\u0105 i to w\u0142a\u015bnie w\u00a0Stoczku zacz\u0119\u0142a si\u0119 jej przygoda z poezj\u0105 i s\u0142owem jako medium przekazywania nieprzekazywalnego. Uko\u0144czy\u0142a Liceum Og\u00f3lnokszta\u0142c\u0105cego w Sadownem. Nast\u0119pnie filologi\u0119 polsk\u0105 na UW.\u00a0 Obecnie jest doktorem wymienionego kierunku i wyk\u0142ada ten przedmiot w\u0142a\u015bnie na wspomnianym Uniwersytecie<i>. <\/i>\u00a0Jej wiersze znalaz\u0142y si\u0119 w almanachu <i>\u201ePowierzam Ci m\u00f3j l\u0119k\u201d- \u0141och\u00f3w 2004<\/i>\u00a0 i w antologii poezji regionalnej <i>\u201ePod rodzinnym niebem\u201d \u2013\u00a0 \u0141och\u00f3w 2011, <\/i>\u00a0i\u00a0 \u201e<i>Bilans otwarty\u201d \u2013 BUW\u00a0 Warszawa 2010<\/i>.<!--more-->\u00a0<\/strong><\/p>\n<p style=\"text-align: justify;\">Aby wej\u015b\u0107 g\u0142\u0119biej w \u015bwiat poetycki <b>Moniki<\/b>, nale\u017cy wej\u015b\u0107 na stron\u0119 internetow\u0105\u00a0 Grupy Poetyckiej IWA <i>\u00a0(przekierowanie ze strony infosadowne, w dziale \u201eWsp\u00f3\u0142pracuj\u0105 z nami\u201d).<\/i><i>\u00a0 <\/i><\/p>\n<p><b>\u00a0\u00a0\u00a0\u00a0\u00a0\u00a0\u00a0\u00a0\u00a0\u00a0\u00a0\u00a0\u00a0\u00a0\u00a0\u00a0\u00a0\u00a0\u00a0\u00a0\u00a0\u00a0\u00a0\u00a0\u00a0\u00a0\u00a0\u00a0\u00a0\u00a0\u00a0\u00a0\u00a0\u00a0*** <\/b><\/p>\n<p>Spotka\u0142am wczoraj Gerd\u0119, kt\u00f3ra utraci\u0142a Kaja.<\/p>\n<p>Walczy\u0142a na ulicy z prawem grawitacji<\/p>\n<p>siatki z zakupami na samotny obiad.<\/p>\n<p>\u2013 To chyba lata ci\u0105\u017c\u0105 \u2013<\/p>\n<p>t\u0142umaczy\u0142a pomarszczonym rumie\u0144cem<\/p>\n<p>przy\u0142apana na swej nieporadno\u015bci,<\/p>\n<p>kt\u00f3ra dla kogo\u015b, kto przemierzy\u0142 niegdy\u015b ca\u0142y \u015bwiat,<\/p>\n<p>musi by\u0107 wielkim grzechem.<\/p>\n<p>&nbsp;<\/p>\n<p>Patrzy\u0142a ze smutkiem na oblodzony chodnik \u2013<\/p>\n<p>jej codziennie zdobywany biegun p\u00f3\u0142nocny:<\/p>\n<p>\u201eCzy\u017cby to Kr\u00f3lowa m\u015bci\u0142a si\u0119 po latach?\u201d.<\/p>\n<p>S\u0142ucha\u0142a stukotu w\u0142asnej laski na schodach,<\/p>\n<p>kt\u00f3re zamiast zestarze\u0107 si\u0119 razem z ni\u0105,<\/p>\n<p>co roku przybiera\u0142y na wielko\u015bci.<\/p>\n<p>\u2013 Przyda\u0142by si\u0119 Renifer Ma\u0142ej Rozb\u00f3jniczki<\/p>\n<p>\u2013 wzdycha\u0142a codziennie po takiej w\u0119dr\u00f3wce.<\/p>\n<p>&nbsp;<\/p>\n<p>Kiedy skostnia\u0142ymi od mrozu r\u0119kami<\/p>\n<p>podawa\u0142a mi herbat\u0119 w swoim M1,<\/p>\n<p>zauwa\u017cy\u0142am na oszronia\u0142ych oknach<\/p>\n<p>\u015blady po dw\u00f3ch rozgrzanych pieni\u0105\u017ckach \u2013<\/p>\n<p>jakby czas zatrzyma\u0142 w miejscu t\u0119 dawn\u0105, dzieci\u0119c\u0105 zabaw\u0119.<\/p>\n<p>&nbsp;<\/p>\n<p>Mo\u017ce dostrzega przez nie mro\u017any pa\u0142ac<\/p>\n<p>o \u015bcianach ze \u015bnie\u017cnych zawiei.<\/p>\n<p>A po policzkach sp\u0142ywaj\u0105 dwie gor\u0105ce \u0142zy,<\/p>\n<p>kt\u00f3re nie zdo\u0142a\u0142y kiedy\u015b ogrza\u0107 zamarz\u0142ego serca.<\/p>\n<p>&nbsp;<\/p>\n<p>\u2013 Wiesz, Kajowi zawsze trudno przychodzi\u0142o dopasowywanie element\u00f3w uk\u0142adanek,<\/p>\n<p>chcia\u0142abym pom\u00f3c mu u\u0142o\u017cy\u0107 s\u0142owo \u201eWieczno\u015b\u0107\u201d.<\/p>\n<p>&nbsp;<\/p>\n<p>Opracowa\u0142: W. Maliszewski<\/p>\n","protected":false},"excerpt":{"rendered":"<p>Monika Maria Kresa\u00a0 &#8211;\u00a0z pochodzenia jest stoczkowiank\u0105 i to w\u0142a\u015bnie w\u00a0Stoczku zacz\u0119\u0142a si\u0119 jej przygoda z poezj\u0105 i s\u0142owem jako medium przekazywania nieprzekazywalnego. Uko\u0144czy\u0142a Liceum Og\u00f3lnokszta\u0142c\u0105cego w Sadownem. Nast\u0119pnie filologi\u0119 polsk\u0105 na UW.\u00a0 Obecnie jest doktorem wymienionego kierunku i wyk\u0142ada ten przedmiot w\u0142a\u015bnie na wspomnianym Uniwersytecie. \u00a0Jej wiersze znalaz\u0142y si\u0119 w almanachu \u201ePowierzam Ci m\u00f3j [&hellip;]<\/p>\n","protected":false},"author":1,"featured_media":0,"comment_status":"closed","ping_status":"open","sticky":false,"template":"","format":"standard","meta":{"footnotes":""},"categories":[5,48,108],"tags":[109,110],"class_list":["post-865","post","type-post","status-publish","format-standard","hentry","category-newsy","category-kacik-literacki","category-okienko-poetyckie","tag-grupa-poetycka-iwa","tag-monika-maria-kresa"],"views":3513,"_links":{"self":[{"href":"https:\/\/info.sadowne.pl\/index.php?rest_route=\/wp\/v2\/posts\/865","targetHints":{"allow":["GET"]}}],"collection":[{"href":"https:\/\/info.sadowne.pl\/index.php?rest_route=\/wp\/v2\/posts"}],"about":[{"href":"https:\/\/info.sadowne.pl\/index.php?rest_route=\/wp\/v2\/types\/post"}],"author":[{"embeddable":true,"href":"https:\/\/info.sadowne.pl\/index.php?rest_route=\/wp\/v2\/users\/1"}],"replies":[{"embeddable":true,"href":"https:\/\/info.sadowne.pl\/index.php?rest_route=%2Fwp%2Fv2%2Fcomments&post=865"}],"version-history":[{"count":8,"href":"https:\/\/info.sadowne.pl\/index.php?rest_route=\/wp\/v2\/posts\/865\/revisions"}],"predecessor-version":[{"id":874,"href":"https:\/\/info.sadowne.pl\/index.php?rest_route=\/wp\/v2\/posts\/865\/revisions\/874"}],"wp:attachment":[{"href":"https:\/\/info.sadowne.pl\/index.php?rest_route=%2Fwp%2Fv2%2Fmedia&parent=865"}],"wp:term":[{"taxonomy":"category","embeddable":true,"href":"https:\/\/info.sadowne.pl\/index.php?rest_route=%2Fwp%2Fv2%2Fcategories&post=865"},{"taxonomy":"post_tag","embeddable":true,"href":"https:\/\/info.sadowne.pl\/index.php?rest_route=%2Fwp%2Fv2%2Ftags&post=865"}],"curies":[{"name":"wp","href":"https:\/\/api.w.org\/{rel}","templated":true}]}}