{"id":8760,"date":"2015-05-23T10:28:48","date_gmt":"2015-05-23T08:28:48","guid":{"rendered":"http:\/\/www.infosadowne.boo.pl\/?p=8760"},"modified":"2015-05-23T10:28:48","modified_gmt":"2015-05-23T08:28:48","slug":"5-minut-o-samorzadnosci","status":"publish","type":"post","link":"https:\/\/info.sadowne.pl\/?p=8760","title":{"rendered":"5 minut o&#8230; samorz\u0105dno\u015bci"},"content":{"rendered":"<p style=\"text-align: justify;\"><strong><img loading=\"lazy\" decoding=\"async\" class=\"alignleft size-thumbnail wp-image-7835\" src=\"http:\/\/www.info.sadowne.pl\/wp-content\/uploads\/2015\/02\/wojtcyran-180x130.jpg\" alt=\"wojtcyran\" width=\"180\" height=\"130\" srcset=\"https:\/\/info.sadowne.pl\/wp-content\/uploads\/2015\/02\/wojtcyran-180x130.jpg 180w, https:\/\/info.sadowne.pl\/wp-content\/uploads\/2015\/02\/wojtcyran-300x215.jpg 300w, https:\/\/info.sadowne.pl\/wp-content\/uploads\/2015\/02\/wojtcyran.jpg 784w\" sizes=\"auto, (max-width: 180px) 100vw, 180px\" \/>Witam Pa\u0144stwa!<\/strong><br \/>\n<!--more--><\/p>\n<p style=\"text-align: justify;\">Jest mi niezmiernie mi\u0142o zaprosi\u0107 Pa\u0144stwa w imieniu Rady Gminy Sadowne i swoim na uroczyste obchody 25-lecia samorz\u0105du gminnego.<\/p>\n<p style=\"text-align: justify;\">Przypomn\u0119, i\u017c w 1990 Parlament RP przyj\u0105\u0142 pakiet ustaw, na podstawie kt\u00f3rych w ponad dw\u00f3ch tysi\u0105cach gmin polskich wprowadzono samorz\u0105d, a 27. maja tego samego roku przeprowadzono pierwsze, ca\u0142kowicie wolne, wybory do rad gmin. Nasi przedstawiciele od tego czasu swobodnie mogli realizowa\u0107 zadania w\u0142asne, zmierzaj\u0105ce do zaspokajania podstawowych potrzeb mieszka\u0144c\u00f3w gmin. Zachodz\u0105ce dzi\u0119ki temu zmiany \u0142atwo r\u00f3wnie\u017c zauwa\u017cy\u0107 na terenie gminy Sadowne, kt\u00f3ra zmienia si\u0119 wizualnie i gospodarczo \u2013 to odr\u0119bny temat na d\u0142u\u017csz\u0105 lekcj\u0119 historii.<\/p>\n<p style=\"text-align: justify;\"><strong>W tym miejscu, podsumowuj\u0105c minione \u0107wier\u0107wiecze, chcia\u0142bym z\u0142o\u017cy\u0107 wyrazy uznania i najserdeczniejsze \u017cyczenia wszystkim samorz\u0105dowcom, przedstawicielom naszej spo\u0142eczno\u015bci w radach: gminy, powiatu i wojew\u00f3dztwa, dzi\u0119ki kt\u00f3rym ostatnie 25 lat mo\u017cna uzna\u0107 za pozytywne w rozwoju Naszej Gminy. \u017bycz\u0119 wytrwa\u0142o\u015bci oraz powodzenia w realizacji dalszych, ambitnych plan\u00f3w i wszystkiego dobrego w \u017cyciu osobistym.<\/strong><\/p>\n<p style=\"text-align: justify;\">Aby upami\u0119tni\u0107 tak znacz\u0105c\u0105 rocznic\u0119 i nada\u0107 jej najwy\u017csz\u0105 rang\u0119, wsp\u00f3lnie z Rad\u0105 Gminy proponujemy Pa\u0144stwu udzia\u0142 w uroczysto\u015bciach, kt\u00f3re uhonoruj\u0105 pierwsze lata wolnego samorz\u0105du, a jednocze\u015bnie wska\u017c\u0105 m.in. potencja\u0142 i kierunki dalszego rozwoju Naszej Gminy.<\/p>\n<p style=\"text-align: justify;\">Pierwszego dnia uroczysto\u015bci \u2013 29 maja \u2013 o godz. 11.00 w Gminnej Hali Sportowej przy Gimnazjum odb\u0119dzie si\u0119 uroczysta Sesja Rady Gminy Sadowne, podczas kt\u00f3rej medalami uhonorowane zostan\u0105 osoby zas\u0142u\u017cone dla Gminy Sadowne, a jej uwie\u0144czeniem b\u0119dzie nadanie nazwy i otwarcie wyremontowanego stadionu, a tak\u017ce pierwszy mecz pi\u0142ki no\u017cnej, kt\u00f3rego gospodarzem b\u0119dzie jedna z dru\u017cyn Klubu Sportowego WICHER Sadowne.<\/p>\n<p style=\"text-align: justify;\">Drugi dzie\u0144 upami\u0119tniaj\u0105cy rocznic\u0119 samorz\u0105du \u2013 sobota, to kontynuacja zmaga\u0144 sportowych na nowym boisku, na kt\u00f3rym dru\u017cyny pi\u0142ki no\u017cnej rozegraj\u0105 Turniej. Tego samego dnia w\u0119dkarze z Ko\u0142a nr 27 PZW Sadowne b\u0119d\u0105 te\u017c rywalizowa\u0107 w mistrzostwach sp\u0142awikowo \u2013 gruntowych.<\/p>\n<p style=\"text-align: justify;\">Kolejnego dnia, w niedziel\u0119, b\u0119dziemy mieli okazj\u0119 obserwowa\u0107 lub uczestniczy\u0107 w II Biegu ku czci b\u0142. Edwarda Grzyma\u0142y. Start i meta odb\u0119d\u0105 si\u0119 przy wiacie Ko\u0142a \u0141owieckiego KSZYK, obok le\u015bnicz\u00f3wki w Sadownem. Niedzielny dzie\u0144 zako\u0144czy o godz. 19.00 w Sali OSP Sadowne koncert Zespo\u0142u \u201eMuszkieterzy znad Wis\u0142y\u201d.<\/p>\n<p style=\"text-align: justify;\">Jak Pa\u0144stwo widz\u0105, postawili\u015bmy tym razem na sport i rekreacj\u0119, a tym samym na zdrowie i zacie\u015bnianie wsp\u00f3lnych, lokalnych wi\u0119zi.<\/p>\n<p style=\"text-align: justify;\">Zach\u0119cam jeszcze raz do udzia\u0142u w tych imprezach. Ich szczeg\u00f3\u0142y znajdziecie Pa\u0144stwo na stronach internetowych organizator\u00f3w lub plakatach.<\/p>\n<p style=\"text-align: justify;\"><strong>Pozdrawiam!<\/strong><\/p>\n<p style=\"text-align: justify;\"><strong>Waldemar Cyran \u2013 W\u00f3jt Gminy Sadowne \u00a0\u00a0<\/strong><\/p>\n","protected":false},"excerpt":{"rendered":"<p>Witam Pa\u0144stwa!<\/p>\n","protected":false},"author":1,"featured_media":0,"comment_status":"open","ping_status":"open","sticky":false,"template":"","format":"standard","meta":{"footnotes":""},"categories":[1204,5,41],"tags":[1358,1033,614],"class_list":["post-8760","post","type-post","status-publish","format-standard","hentry","category-5-minut-o","category-newsy","category-wiesci-gminne","tag-5-minut-o-samorzadnosci","tag-waldemar-cyran","tag-wojt-gminy-sadowne"],"views":3280,"_links":{"self":[{"href":"https:\/\/info.sadowne.pl\/index.php?rest_route=\/wp\/v2\/posts\/8760","targetHints":{"allow":["GET"]}}],"collection":[{"href":"https:\/\/info.sadowne.pl\/index.php?rest_route=\/wp\/v2\/posts"}],"about":[{"href":"https:\/\/info.sadowne.pl\/index.php?rest_route=\/wp\/v2\/types\/post"}],"author":[{"embeddable":true,"href":"https:\/\/info.sadowne.pl\/index.php?rest_route=\/wp\/v2\/users\/1"}],"replies":[{"embeddable":true,"href":"https:\/\/info.sadowne.pl\/index.php?rest_route=%2Fwp%2Fv2%2Fcomments&post=8760"}],"version-history":[{"count":1,"href":"https:\/\/info.sadowne.pl\/index.php?rest_route=\/wp\/v2\/posts\/8760\/revisions"}],"predecessor-version":[{"id":8761,"href":"https:\/\/info.sadowne.pl\/index.php?rest_route=\/wp\/v2\/posts\/8760\/revisions\/8761"}],"wp:attachment":[{"href":"https:\/\/info.sadowne.pl\/index.php?rest_route=%2Fwp%2Fv2%2Fmedia&parent=8760"}],"wp:term":[{"taxonomy":"category","embeddable":true,"href":"https:\/\/info.sadowne.pl\/index.php?rest_route=%2Fwp%2Fv2%2Fcategories&post=8760"},{"taxonomy":"post_tag","embeddable":true,"href":"https:\/\/info.sadowne.pl\/index.php?rest_route=%2Fwp%2Fv2%2Ftags&post=8760"}],"curies":[{"name":"wp","href":"https:\/\/api.w.org\/{rel}","templated":true}]}}