{"id":8769,"date":"2015-05-25T17:13:22","date_gmt":"2015-05-25T15:13:22","guid":{"rendered":"http:\/\/www.infosadowne.boo.pl\/?p=8769"},"modified":"2020-04-24T17:54:53","modified_gmt":"2020-04-24T15:54:53","slug":"bylismy-w-nepalu","status":"publish","type":"post","link":"https:\/\/info.sadowne.pl\/?p=8769","title":{"rendered":"Byli\u015bmy w Nepalu&#8230;"},"content":{"rendered":"<p style=\"text-align: justify;\"><strong><img loading=\"lazy\" decoding=\"async\" class=\"alignleft size-thumbnail wp-image-8770\" src=\"http:\/\/www.info.sadowne.pl\/wp-content\/uploads\/2015\/05\/2015.05.25-180x130.jpg\" alt=\"2015.05.25\" width=\"180\" height=\"130\" \/>Niecodzienne spotkanie odby\u0142o si\u0119 25 maja w sali gimnastycznej ZSP Sadowne.<\/strong><!--more--><\/p>\n<p style=\"text-align: justify;\">Go\u015b\u0107mi Szko\u0142y Podstawowej, a nast\u0119pnie Zespo\u0142u Szk\u00f3\u0142 Ponadgimnazjalnych w Sadownem, byli dwaj Panowie, bracia, stra\u017cacy \u2013 Ludwik Tyszka i Remigiusz Tyszka.<\/p>\n<p style=\"text-align: justify;\"><a href=\"http:\/\/www.info.sadowne.pl\/wp-content\/uploads\/2015\/05\/2015.05.25.1.jpg\" target=\"_blank\" rel=\"noopener noreferrer\"><img loading=\"lazy\" decoding=\"async\" class=\"aligncenter wp-image-8771 size-medium\" src=\"http:\/\/www.info.sadowne.pl\/wp-content\/uploads\/2015\/05\/2015.05.25.1-300x200.jpg\" alt=\"2015.05.25.1\" width=\"300\" height=\"200\" srcset=\"https:\/\/info.sadowne.pl\/wp-content\/uploads\/2015\/05\/2015.05.25.1-300x200.jpg 300w, https:\/\/info.sadowne.pl\/wp-content\/uploads\/2015\/05\/2015.05.25.1.jpg 790w\" sizes=\"auto, (max-width: 300px) 100vw, 300px\" \/><\/a><\/p>\n<p style=\"text-align: justify;\">Na co dzie\u0144 obydwaj pe\u0142ni\u0105 zaszczytn\u0105 s\u0142u\u017cb\u0119 w Jednostce Ratowniczo \u2013 Ga\u015bniczej nr 15 Komendy Miejskiej Pa\u0144stwowej Stra\u017cy Po\u017carnej m. st. Warszawy \u2013 Ludwik, mieszkaj\u0105cy w Mrozowej Woli, jako dow\u00f3dca zast\u0119pu, natomiast Remigiusz z P\u0142atkownicy jest m\u0142odszym specjalist\u0105 ratownikiem.<\/p>\n<p style=\"text-align: justify;\"><a href=\"http:\/\/www.info.sadowne.pl\/wp-content\/uploads\/2015\/05\/2015.05.25.2.jpg\" target=\"_blank\" rel=\"noopener noreferrer\"><img loading=\"lazy\" decoding=\"async\" class=\"alignright wp-image-8772 size-thumbnail\" src=\"http:\/\/www.info.sadowne.pl\/wp-content\/uploads\/2015\/05\/2015.05.25.2-180x130.jpg\" alt=\"2015.05.25.2\" width=\"180\" height=\"130\" srcset=\"https:\/\/info.sadowne.pl\/wp-content\/uploads\/2015\/05\/2015.05.25.2-180x130.jpg 180w, https:\/\/info.sadowne.pl\/wp-content\/uploads\/2015\/05\/2015.05.25.2.jpg 795w\" sizes=\"auto, (max-width: 180px) 100vw, 180px\" \/><\/a>Tym razem jednak nie opowiadali o po\u017carach czy innych miejscowych zagro\u017ceniach, kt\u00f3rych zapewne jest mn\u00f3stwo na podleg\u0142ym im terenie. Spotkania mia\u0142y inny cel \u2013 pokazanie s\u0142uchaczom dzia\u0142a\u0144 specjalnych Stra\u017cy Po\u017carnej, kt\u00f3rych byli uczestnikami.<\/p>\n<p style=\"text-align: justify;\"><a href=\"http:\/\/www.info.sadowne.pl\/wp-content\/uploads\/2015\/05\/2015.05.25.2b.jpg\" target=\"_blank\" rel=\"noopener noreferrer\"><img loading=\"lazy\" decoding=\"async\" class=\"alignleft wp-image-8773 size-thumbnail\" src=\"http:\/\/www.info.sadowne.pl\/wp-content\/uploads\/2015\/05\/2015.05.25.2b-180x130.jpg\" alt=\"2015.05.25.2b\" width=\"180\" height=\"130\" \/><\/a>Jak zapewne wszyscy wiedz\u0105, 25 kwietnia br. dosz\u0142o do trz\u0119sienia ziemi w Nepalu. Na ratunek poszkodowanym Nepalczykom wyruszy\u0142y grupy ratowniczego z wielu kraj\u00f3w na \u015bwiecie, a mi\u0119dzy innymi Ci\u0119\u017cka Grupa Poszukiwawczo \u2013 Ratownicza PSP \u2013 HUSAR POLAND, kt\u00f3ra sk\u0142ada\u0142a si\u0119 z 81 polskich stra\u017cak\u00f3w i by\u0142a jedn\u0105 z najliczniejszych.<\/p>\n<p style=\"text-align: justify;\"><a href=\"http:\/\/www.info.sadowne.pl\/wp-content\/uploads\/2015\/05\/2015.05.25.3.jpg\" target=\"_blank\" rel=\"noopener noreferrer\"><img loading=\"lazy\" decoding=\"async\" class=\"alignright wp-image-8774 size-thumbnail\" src=\"http:\/\/www.info.sadowne.pl\/wp-content\/uploads\/2015\/05\/2015.05.25.3-180x130.jpg\" alt=\"2015.05.25.3\" width=\"180\" height=\"130\" \/><\/a>Panowie: Ludwik i Remigiusz znale\u017ali si\u0119 w\u015br\u00f3d stra\u017cak\u00f3w przeszukuj\u0105cych nepalskie ruiny i gruzowiska w poszukiwaniu jeszcze \u017cywych, uwi\u0119zionych tam ludzi \u2013 przynajmniej mieli tak\u0105 nadziej\u0119. Podczas dwutygodniowej, wyt\u0119\u017conej pracy, dwunastogodzinne zmiany ratownicze powoli traci\u0142y nadziej\u0119 na odnalezienie kogokolwiek, ale stra\u017cacy trwali na posterunku do ko\u0144ca, do odg\u00f3rnego rozkazu o odwo\u0142aniu grup poszukiwawczych.<\/p>\n<p style=\"text-align: justify;\"><a href=\"http:\/\/www.info.sadowne.pl\/wp-content\/uploads\/2015\/05\/2015.05.25.4.jpg\" target=\"_blank\" rel=\"noopener noreferrer\"><img loading=\"lazy\" decoding=\"async\" class=\"alignleft wp-image-8775 size-thumbnail\" src=\"http:\/\/www.info.sadowne.pl\/wp-content\/uploads\/2015\/05\/2015.05.25.4-180x130.jpg\" alt=\"2015.05.25.4\" width=\"180\" height=\"130\" \/><\/a>O dniach tragicznych dla Nepalu, podr\u00f3\u017cy do odleg\u0142ego kraju, po\u015bwi\u0119ceniu cz\u0142onk\u00f3w Grupy Poszukiwawczej, a tak\u017ce \u017cyciu i nadziei na pomoc \u017cyj\u0105cych tam ludzi, opowiadali bracia Tyszkowie, prezentuj\u0105c jednocze\u015bnie zdj\u0119cia, kt\u00f3re pokazywa\u0142y mobilno\u015b\u0107 HUSAR-a oraz ogrom zniszcze\u0144 i cierpienie ma\u0142ego kraju \u2013 Nepalu.<\/p>\n<p style=\"text-align: justify;\"><a href=\"http:\/\/www.info.sadowne.pl\/wp-content\/uploads\/2015\/05\/2015.05.25.5.jpg\" target=\"_blank\" rel=\"noopener noreferrer\"><img loading=\"lazy\" decoding=\"async\" class=\"alignright wp-image-8776 size-thumbnail\" src=\"http:\/\/www.info.sadowne.pl\/wp-content\/uploads\/2015\/05\/2015.05.25.5-180x130.jpg\" alt=\"2015.05.25.5\" width=\"180\" height=\"130\" \/><\/a>Uczestnicy spotkania s\u0142uchali z zainteresowaniem, by\u0142y te\u017c pytania, opowie\u015bciom nie by\u0142o ko\u0144ca.<\/p>\n<p style=\"text-align: justify;\"><strong>Chwa\u0142a naszym Stra\u017cakom za trud i po\u015bwi\u0119cenie, a podzi\u0119kowania sk\u0142adamy na r\u0119ce ich przedstawicieli: Pana Ludwika i Pana Remigiusza. Wyrazy szacunku nale\u017c\u0105 si\u0119 r\u00f3wnie\u017c ich rodzinom, kt\u00f3re \u2013 nie tylko przy okazji wydarze\u0144 nadzwyczajnych \u2013 prze\u017cywaj\u0105 samotnie oczekiwania na powr\u00f3t do domu swoich stra\u017cak\u00f3w.<\/strong><\/p>\n<p style=\"text-align: justify;\"><strong>Dzi\u0119kujemy!<\/strong><\/p>\n<p style=\"text-align: justify;\"><a href=\"http:\/\/www.info.sadowne.pl\/wp-content\/uploads\/2015\/05\/2015.05.25.6.jpg\" target=\"_blank\" rel=\"noopener noreferrer\"><img loading=\"lazy\" decoding=\"async\" class=\"alignleft wp-image-8777 size-thumbnail\" src=\"http:\/\/www.info.sadowne.pl\/wp-content\/uploads\/2015\/05\/2015.05.25.6-180x130.jpg\" alt=\"2015.05.25.6\" width=\"180\" height=\"130\" \/><\/a>Centrum Prasowe PAP na swojej stronie internetowej informuje o powstaniu filmu dokumentalnego \u201ePolscy ratownicy w Nepalu\u201d. B\u0119dzie on emitowany 28 maja o godz. 22.00 na kanale Discovery Channel, natomiast w TVP Info na pocz\u0105tku czerwca br.<\/p>\n<p style=\"text-align: justify;\">PAP tak pisze o tym dokumencie: <em>&#8222;Polscy ratownicy w Nepalu&#8221; to film dokumentalny po\u015bwi\u0119cony heroicznej pomocy polskich stra\u017cak\u00f3w w Nepalu, kt\u00f3ry powsta\u0142 dzi\u0119ki wsp\u00f3\u0142pracy Discovery Channel i Telewizji Polskiej. Dzia\u0142ania Ci\u0119\u017ckiej Grupy Poszukiwawczo-Ratowniczej PSP &#8211; HUSAR POLAND, udokumentowane przez reportera TVP Info, Rafa\u0142a Sta\u0144czyka, s\u0105 pierwsz\u0105 tak znacz\u0105c\u0105 koprodukcj\u0105 obu nadawc\u00f3w. Materia\u0142 filmowy b\u0119d\u0105 mieli okazj\u0119 zobaczy\u0107 wkr\u00f3tce zar\u00f3wno widzowie Discovery Channel, jak i publicznej TVP Info.<\/em><\/p>\n<p style=\"text-align: justify;\"><em>Dokument 'Polscy ratownicy w Nepalu&#8217; to wzruszaj\u0105cy film, kt\u00f3ry powinien obejrze\u0107 ka\u017cdy, by wiedzie\u0107 i nie zapomnie\u0107 zar\u00f3wno o samym zdarzeniu, jak i zaanga\u017cowaniu polskich stra\u017cak\u00f3w w pomoc na miejscu tragedii&#8221; &#8211; m\u00f3wi Tomasz Sandak, dyrektor Telewizyjnej Agencji Informacyjnej.<\/em><\/p>\n<p style=\"text-align: justify;\"><em>Dokument stworzony we wsp\u00f3\u0142pracy z TVP nie b\u0119dzie jedynym programem Discovery, po\u015bwi\u0119conym skutkom trz\u0119sienia ziemi w Nepalu. Tydzie\u0144 p\u00f3\u017aniej, o tej samej porze widzowie Discovery Channel zobacz\u0105 r\u00f3wnie\u017c film dokumentalny pt. &#8222;Trz\u0119sienie ziemi w Nepalu&#8221;, ukazuj\u0105cy katastrof\u0119 z perspektywy mi\u0119dzynarodowej.<\/em><\/p>\n<p><a href=\"https:\/\/photos.app.goo.gl\/y6N1r2jGbeeSJVmRA\" target=\"_blank\" rel=\"noopener noreferrer\"><strong>Zdj\u0119cia w galerii Google&gt;&gt;&gt;<\/strong><\/a><\/p>\n<p style=\"text-align: justify;\"><strong>Tekst:<\/strong> S\u0142awek Chyli\u0144ski<\/p>\n<p style=\"text-align: justify;\"><strong>Foto: \u00a0<\/strong><\/p>\n<p style=\"text-align: justify;\"><a href=\"http:\/\/warszawa-straz.pl\/index.php\/struktura\/jrg\/jrg-nr-15#3-obsada-zmianowa\">http:\/\/warszawa-straz.pl\/index.php\/struktura\/jrg\/jrg-nr-15#3-obsada-zmianowa<\/a><\/p>\n<p style=\"text-align: justify;\"><a href=\"https:\/\/www.facebook.com\/katarzyna.tyszka.5?fref=pb&amp;hc_location=profile_browser\">https:\/\/www.facebook.com\/katarzyna.tyszka.5?fref=pb&amp;hc_location=profile_browser<\/a><\/p>\n<p style=\"text-align: justify;\"><strong>\u0179r\u00f3d\u0142o:<\/strong><\/p>\n<p style=\"text-align: justify;\"><a href=\"http:\/\/centrumprasowe.pap.pl\/cp\/pl\/news\/info\/30301,,wspolpraca-discovery-i-tvp-polscy-ratownicy-w-nepalu-\">http:\/\/centrumprasowe.pap.pl\/cp\/pl\/news\/info\/30301,,wspolpraca-discovery-i-tvp-polscy-ratownicy-w-nepalu-<\/a><\/p>\n<p>&nbsp;<\/p>\n","protected":false},"excerpt":{"rendered":"<p>Niecodzienne spotkanie odby\u0142o si\u0119 25 maja w sali gimnastycznej ZSP Sadowne.<\/p>\n","protected":false},"author":1,"featured_media":0,"comment_status":"open","ping_status":"open","sticky":false,"template":"","format":"standard","meta":{"footnotes":""},"categories":[5,84,85],"tags":[1360,1361,16,1362,182],"class_list":["post-8769","post","type-post","status-publish","format-standard","hentry","category-newsy","category-szkola-podstawowa-im-cz-wycecha","category-zsp","tag-ludwik-tyszka","tag-remigiusz-tyszka","tag-szkola-podstawowa-w-sadownem","tag-tragedia-w-nepalu","tag-zespol-szkol-ponadgimnazjalnych-w-sadownem"],"views":4240,"_links":{"self":[{"href":"https:\/\/info.sadowne.pl\/index.php?rest_route=\/wp\/v2\/posts\/8769","targetHints":{"allow":["GET"]}}],"collection":[{"href":"https:\/\/info.sadowne.pl\/index.php?rest_route=\/wp\/v2\/posts"}],"about":[{"href":"https:\/\/info.sadowne.pl\/index.php?rest_route=\/wp\/v2\/types\/post"}],"author":[{"embeddable":true,"href":"https:\/\/info.sadowne.pl\/index.php?rest_route=\/wp\/v2\/users\/1"}],"replies":[{"embeddable":true,"href":"https:\/\/info.sadowne.pl\/index.php?rest_route=%2Fwp%2Fv2%2Fcomments&post=8769"}],"version-history":[{"count":3,"href":"https:\/\/info.sadowne.pl\/index.php?rest_route=\/wp\/v2\/posts\/8769\/revisions"}],"predecessor-version":[{"id":23274,"href":"https:\/\/info.sadowne.pl\/index.php?rest_route=\/wp\/v2\/posts\/8769\/revisions\/23274"}],"wp:attachment":[{"href":"https:\/\/info.sadowne.pl\/index.php?rest_route=%2Fwp%2Fv2%2Fmedia&parent=8769"}],"wp:term":[{"taxonomy":"category","embeddable":true,"href":"https:\/\/info.sadowne.pl\/index.php?rest_route=%2Fwp%2Fv2%2Fcategories&post=8769"},{"taxonomy":"post_tag","embeddable":true,"href":"https:\/\/info.sadowne.pl\/index.php?rest_route=%2Fwp%2Fv2%2Ftags&post=8769"}],"curies":[{"name":"wp","href":"https:\/\/api.w.org\/{rel}","templated":true}]}}