{"id":8826,"date":"2015-05-31T18:15:55","date_gmt":"2015-05-31T16:15:55","guid":{"rendered":"http:\/\/www.infosadowne.boo.pl\/?p=8826"},"modified":"2020-04-24T17:49:35","modified_gmt":"2020-04-24T15:49:35","slug":"ii-bieg-w-sadownem","status":"publish","type":"post","link":"https:\/\/info.sadowne.pl\/?p=8826","title":{"rendered":"II Bieg w Sadownem"},"content":{"rendered":"<p style=\"text-align: justify;\"><strong><img loading=\"lazy\" decoding=\"async\" class=\"alignleft size-thumbnail wp-image-8827\" src=\"http:\/\/www.info.sadowne.pl\/wp-content\/uploads\/2015\/05\/2015.05.31.1-180x130.jpg\" alt=\"2015.05.31.1\" width=\"180\" height=\"130\" \/>31 maja biegacze stan\u0119li na starcie II Biegu ku czci b\u0142. Edwarda Grzyma\u0142y.<\/strong><!--more--><\/p>\n<p style=\"text-align: justify;\">31 maja ponad stu biegaczy stawi\u0142o si\u0119 na starcie przy polanie Ko\u0142a \u0141owieckiego \u201eKszyk\u201d w Sadownem, sk\u0105d wszyscy ruszyli duktami le\u015bnymi lasu \u201eJegiel\u201d do miejsca urodzenia b\u0142. E. Grzyma\u0142y, by po dziesi\u0119ciu kilometrach dotrze\u0107 do mety, kt\u00f3ra usytuowana by\u0142a w miejscu startu.<\/p>\n<p style=\"text-align: justify;\">Organizatorami II Biegu byli: Klub Sportowy \u201eWicher\u201d Sadowne, Urz\u0105d Gminy Sadowne, Gminny O\u015brodek Kultury w Sadownem, Nadle\u015bnictwo \u0141och\u00f3w, Powiatowe Zrzeszenie Ludowe Zespo\u0142y Sportowe w W\u0119growie, Ko\u0142o nr 27 Sadowne PZW, natomiast patronat medialny na imprez\u0105 sprawowa\u0142 Portal Info Sadowne.<\/p>\n<p style=\"text-align: justify;\">Sadowie\u0144ska impreza sportowa mia\u0142a g\u0142\u00f3wnie na celu popularyzacj\u0119 biegania jako najprostszej formy rekreacji fizycznej, promocj\u0119 Gminy Sadowne, ale te\u017c przy okazji ukazano r\u0105bek historii tego terenu poprzez przybli\u017cenie uczestnikom postaci zamordowanego przez hitlerowc\u00f3w b\u0142ogos\u0142awionego ksi\u0119dza doktora Edwarda Grzyma\u0142y oraz upami\u0119tnienie miejsca spoczynku pomordowanych w czasie II wojny \u015bwiatowej \u017byd\u00f3w i Polak\u00f3w. Zapewne uda\u0142o si\u0119 te\u017c uczci\u0107 25-lecie wolnej samorz\u0105dno\u015bci w Polsce i 91-lecie Las\u00f3w Pa\u0144stwowych, a to za spraw\u0105 promowanych hase\u0142 i wsp\u00f3\u0142organizowania imprezy przez Nadle\u015bnictwo \u0141och\u00f3w i Urz\u0105d Gminy Sadowne.<\/p>\n<p style=\"text-align: justify;\">II Bieg spotka\u0142 si\u0119 z du\u017cym zainteresowaniem samych zawodnik\u00f3w \u2013 w I Biegu uczestniczy\u0142o 53 biegaczy, natomiast w tym roku zg\u0142osi\u0142o si\u0119 ich dwa razy wi\u0119cej &#8211; a tak\u017ce zgromadzi\u0142 liczn\u0105 publiczno\u015b\u0107. Mamy nadziej\u0119, \u017ce kolejne lata b\u0119d\u0105 jeszcze lepsze.<\/p>\n<p style=\"text-align: justify;\"><strong>Tyle wst\u0119pu\u2026<\/strong><\/p>\n<p style=\"text-align: justify;\">Przed Biegiem przedstawiciele organizator\u00f3w oddali ho\u0142d b\u0142. E. Grzymale i pomordowanym w pobliskim miejscu wi\u0119\u017aniom z Treblinki, zapalaj\u0105c symboliczne lampiony w miejscach ich upami\u0119tniaj\u0105cych.<\/p>\n<p style=\"text-align: justify;\">Elektroniczny pomiar czasu zagwarantowa\u0142a Firma Chiptiming.pl, kt\u00f3ra wcze\u015bniej prowadzi\u0142a internetow\u0105 rejestracj\u0119 zawodnik\u00f3w. Po Biegu wyniki dost\u0119pne s\u0105 na stronie <span style=\"color: #0000ff;\"><strong><a style=\"color: #0000ff;\" href=\"http:\/\/drugibiegsadowne.chiptiming.pl\/wyniki.php\" target=\"_blank\" rel=\"noopener noreferrer\">http:\/\/drugibiegsadowne.chiptiming.pl\/wyniki.php<\/a><\/strong><\/span>.<\/p>\n<p style=\"text-align: justify;\">Wszyscy zawodnicy, kt\u00f3rzy stan\u0119li na starcie, uko\u0144czyli bieg, za co otrzymali okoliczno\u015bciowe medale, kt\u00f3re specjalnie na t\u0119 okoliczno\u015b\u0107 przygotowa\u0142a Pracownia Ceramiki Gminnego O\u015brodka Kultury w Sadownem. \u00a0Natomiast najlepszych zawodnik\u00f3w w poszczeg\u00f3lnych kategoriach nagrodzono pucharami \u2013 po trzy kategorie kobiece i m\u0119skie (kat. wiekowe: 16 \u2013 29, 30 \u2013 50 i powy\u017cej 50 lat) oraz kategoria open (m\u0119ska i \u017ce\u0144ska).<\/p>\n<p style=\"text-align: justify;\"><strong>Bieg wygra\u0142 Pawe\u0142 Wo\u017anicki z W\u0119growa reprezentuj\u0105cy Klub ENTRE PL TEAM z czasem 33:25:06 min.<\/strong><\/p>\n<p style=\"text-align: justify;\">W poszczeg\u00f3lnych kategoriach na podium stan\u0119li:<\/p>\n<p style=\"text-align: justify;\"><strong>Kategorie kobiet:<\/strong><\/p>\n<p style=\"text-align: justify;\"><strong>&#8211; open<\/strong><\/p>\n<p style=\"text-align: justify;\">I miejsce \u2013 Emilia Olkowska z Sadownego<\/p>\n<p style=\"text-align: justify;\">II miejsce \u2013 Monika K\u0119dziora z \u0141ochowa<\/p>\n<p style=\"text-align: justify;\">III miejsce \u2013 Dorota Brzostek z Warszawy<\/p>\n<p style=\"text-align: justify;\"><strong>&#8211; kat. K-1 <\/strong><\/p>\n<p style=\"text-align: justify;\">I miejsce \u2013 Magdalena Malik z Podborza<\/p>\n<p style=\"text-align: justify;\">II miejsce \u2013 Olga Malik z Podborza<\/p>\n<p style=\"text-align: justify;\">III miejsce \u2013 Magda Wysocka z Nowych Lipek<\/p>\n<p style=\"text-align: justify;\"><strong>&#8211; kat. K-2<\/strong><\/p>\n<p style=\"text-align: justify;\">I miejsce \u2013 Emilia Olkowska z Sadownego<\/p>\n<p style=\"text-align: justify;\">II miejsce \u2013 Monika K\u0119dziora z \u0141ochowa<\/p>\n<p style=\"text-align: justify;\">III miejsce \u2013 Dorota Brzostek z Warszawy<\/p>\n<p style=\"text-align: justify;\"><strong>Kategorie m\u0119skie:<\/strong><\/p>\n<p style=\"text-align: justify;\"><strong>&#8211; open<\/strong><\/p>\n<p style=\"text-align: justify;\">I miejsce \u2013 Pawe\u0142 Wo\u017anicki z W\u0119growa<\/p>\n<p style=\"text-align: justify;\">II miejsce \u2013 \u0141ukasz Kowalczyk z Toporu<\/p>\n<p style=\"text-align: justify;\">III miejsce \u2013 Kamil Gajewski z T\u0142uszcza<\/p>\n<p style=\"text-align: justify;\"><strong>&#8211; kat. M-1<\/strong><\/p>\n<p style=\"text-align: justify;\">I miejsce \u2013 Pawe\u0142 Wo\u017anicki z W\u0119growa<\/p>\n<p style=\"text-align: justify;\">II miejsce \u2013 \u0141ukasz Kowalczyk z Toporu<\/p>\n<p style=\"text-align: justify;\">III miejsce \u2013 Kamil Gajewski z T\u0142uszcza<\/p>\n<p style=\"text-align: justify;\"><strong>&#8211; kat. M-2<\/strong><\/p>\n<p style=\"text-align: justify;\">I miejsce \u2013 Wojciech Skory z Warszawy<\/p>\n<p style=\"text-align: justify;\">II miejsce \u2013 Grzegorz Chojnacki z Zielonki<\/p>\n<p style=\"text-align: justify;\">III miejsce \u2013 S\u0142awomir M\u0105ka z Ostro\u0142\u0119ki<\/p>\n<p style=\"text-align: justify;\"><strong>&#8211; kat. M-3<\/strong><\/p>\n<p style=\"text-align: justify;\">I miejsce \u2013 Dariusz Kr\u00f3l z Wo\u0142omina<\/p>\n<p style=\"text-align: justify;\">II miejsce \u2013 Kazimierz Radomski z Wo\u0142omina<\/p>\n<p style=\"text-align: justify;\">III miejsce \u2013 Jan Ogrodnik z Ostrowi Mazowieckiej<\/p>\n<p style=\"text-align: justify;\"><strong>Dodatkow\u0105 kategori\u0105 by\u0142a: Najlepszy zawodnik z Sadownego \u2013 puchar otrzyma\u0142 Tadeusz Danaj z Grabin.<\/strong><\/p>\n<p style=\"text-align: justify;\">W\u015br\u00f3d zawodnik\u00f3w organizatorzy rozlosowali tak\u017ce zasponsorowane przez siebie nagrody rzeczowe.<\/p>\n<p style=\"text-align: justify;\"><strong>Wszystkim zwyci\u0119zcom i uczestnikom biegu gratulujemy uzyskanych wynik\u00f3w i dzi\u0119kujemy za udzia\u0142.<\/strong><\/p>\n<p style=\"text-align: justify;\"><strong>Dzi\u0119kujemy r\u00f3wnie\u017c organizatorom, kt\u00f3rzy zadbali o sprawn\u0105 obs\u0142ug\u0119 techniczn\u0105 imprezy, w tym tak\u017ce pocz\u0119stunek dla zawodnik\u00f3w i kibic\u00f3w. Mamy nadziej\u0119, \u017ce spotkamy si\u0119 za rok na III Biegu ku czci b\u0142ogos\u0142awionego Edwarda Grzyma\u0142y.<\/strong><\/p>\n<p><a href=\"https:\/\/photos.app.goo.gl\/xex3vFqaJeLgPyfi6\" target=\"_blank\" rel=\"noopener noreferrer\"><strong>Zdj\u0119cia w galerii Google&gt;&gt;&gt;<\/strong><\/a><\/p>\n<p style=\"text-align: justify;\"><strong>Tekst\/foto:<\/strong> S\u0142awek Chyli\u0144ski<\/p>\n<p>&nbsp;<\/p>\n","protected":false},"excerpt":{"rendered":"<p>31 maja biegacze stan\u0119li na starcie II Biegu ku czci b\u0142. Edwarda Grzyma\u0142y.<\/p>\n","protected":false},"author":1,"featured_media":0,"comment_status":"open","ping_status":"open","sticky":false,"template":"","format":"standard","meta":{"footnotes":""},"categories":[5,2135,7],"tags":[169,1229,1369,1101,142],"class_list":["post-8826","post","type-post","status-publish","format-standard","hentry","category-newsy","category-bieganie","category-sport","tag-gminny-osrodek-kultury-w-sadownem","tag-ii-bieg-ku-czci-blogoslawionego-edwarda-grzymaly-w-sadownem","tag-ks-wicher","tag-nadlesnictwo-lochow","tag-urzad-gminy-sadowne"],"views":4241,"_links":{"self":[{"href":"https:\/\/info.sadowne.pl\/index.php?rest_route=\/wp\/v2\/posts\/8826","targetHints":{"allow":["GET"]}}],"collection":[{"href":"https:\/\/info.sadowne.pl\/index.php?rest_route=\/wp\/v2\/posts"}],"about":[{"href":"https:\/\/info.sadowne.pl\/index.php?rest_route=\/wp\/v2\/types\/post"}],"author":[{"embeddable":true,"href":"https:\/\/info.sadowne.pl\/index.php?rest_route=\/wp\/v2\/users\/1"}],"replies":[{"embeddable":true,"href":"https:\/\/info.sadowne.pl\/index.php?rest_route=%2Fwp%2Fv2%2Fcomments&post=8826"}],"version-history":[{"count":3,"href":"https:\/\/info.sadowne.pl\/index.php?rest_route=\/wp\/v2\/posts\/8826\/revisions"}],"predecessor-version":[{"id":23269,"href":"https:\/\/info.sadowne.pl\/index.php?rest_route=\/wp\/v2\/posts\/8826\/revisions\/23269"}],"wp:attachment":[{"href":"https:\/\/info.sadowne.pl\/index.php?rest_route=%2Fwp%2Fv2%2Fmedia&parent=8826"}],"wp:term":[{"taxonomy":"category","embeddable":true,"href":"https:\/\/info.sadowne.pl\/index.php?rest_route=%2Fwp%2Fv2%2Fcategories&post=8826"},{"taxonomy":"post_tag","embeddable":true,"href":"https:\/\/info.sadowne.pl\/index.php?rest_route=%2Fwp%2Fv2%2Ftags&post=8826"}],"curies":[{"name":"wp","href":"https:\/\/api.w.org\/{rel}","templated":true}]}}