{"id":887,"date":"2013-01-13T08:11:06","date_gmt":"2013-01-13T07:11:06","guid":{"rendered":"http:\/\/www.infosadowne.boo.pl\/?p=887"},"modified":"2013-01-13T08:11:06","modified_gmt":"2013-01-13T07:11:06","slug":"okienko-satyryczne-janek-szydlo","status":"publish","type":"post","link":"https:\/\/info.sadowne.pl\/?p=887","title":{"rendered":"Okienko satyryczne &#8211; Janek Szyd\u0142o."},"content":{"rendered":"<p style=\"text-align: justify;\"><strong><img loading=\"lazy\" decoding=\"async\" class=\"alignleft size-thumbnail wp-image-867\" alt=\"IWA (2)\" src=\"http:\/\/www.info.sadowne.pl\/wp-content\/uploads\/2013\/01\/IWA-2-124x150.jpg\" width=\"124\" height=\"150\" \/>Janek Szyd\u0142o \u2013 to pseudonim autora. Pr\u00f3bkami literackimi satyry zajmuje si\u0119 od czas\u00f3w\u00a0 <i>awangardy siedleckiej<\/i>. W\u00f3wczas to pobiera\u0142 nauki od mistrza fraszki S\u0142awomira Leonarda Wysockiego, znanego poety z Siedlec. Jest mieszka\u0144cem gminy Sadowne. Tu pobiera\u0142 nauki, zbudowa\u0142 dom, p\u0142aci podatki i robi zakupy.<!--more--><\/strong><\/p>\n<h4 style=\"text-align: center;\"><i>Prztyczki satyryczne, czyli przes\u0142anie Janka<\/i><\/h4>\n<p style=\"text-align: center;\"><i>Do czytelnika i czytelniczki<\/i><\/p>\n<p style=\"text-align: center;\"><i>kieruje swoje satyryczne przytyczki.<\/i><\/p>\n<p style=\"text-align: center;\"><i>Bo ka\u017cdy to wie i g\u0142o\u015bno wr\u0119cz powie: <\/i><\/p>\n<p style=\"text-align: center;\"><i>&#8222;Satyra!? Satyra to zdrowie!&#8221;<\/i><\/p>\n<p style=\"text-align: center;\"><i>Zrazu rozbawi, cho\u0107 potem -a ju\u015bci-<\/i><\/p>\n<p style=\"text-align: center;\"><i>dla zdrowotno\u015bci krwi nieco upu\u015bci. <\/i><\/p>\n<p style=\"text-align: center;\"><i>Bo nie jest rol\u0105 satyryka,<\/i><\/p>\n<p style=\"text-align: center;\"><i>zag\u0142aska\u0107 swego czytelnika.<\/i><\/p>\n<p style=\"text-align: center;\"><i>Ani te\u017c szydzi\u0107 z niego zajadle,<\/i><\/p>\n<p style=\"text-align: center;\"><i>lepiej da\u0107 przejrze\u0107 mu si\u0119 w zwierciadle,<\/i><\/p>\n<p style=\"text-align: center;\"><i>co jak to \u017cycie nie jest tylko g\u0142adkie,<\/i><\/p>\n<p style=\"text-align: center;\"><i>\u017ce pr\u00f3cz intelektu, b\u0142y\u015bnie si\u0119 te\u017c zadkiem<\/i><\/p>\n<p style=\"text-align: center;\"><i>M\u00f3wi\u0105c dosadniej, by rzecz jasn\u0105 si\u0119 sta\u0142a<\/i><\/p>\n<p style=\"text-align: center;\"><i>i niedom\u00f3wie\u0144 nie gni\u0142y w wierszu trupy, <\/i><\/p>\n<p style=\"text-align: center;\"><i>po prostu ka\u017cdy czasem\u00a0 daje\u00a0 c i a \u0142 a.<\/i><\/p>\n<p style=\"text-align: center;\"><i>I nie ma m\u0119drc\u00f3w, co tak m\u0105drzy byli<\/i><\/p>\n<p style=\"text-align: center;\"><i>\u017ce si\u0119 g\u0142upot\u0105 nigdy nie splamili<\/i><\/p>\n<p style=\"text-align: center;\"><i>ani cnotliwych, co w swej cnotliwo\u015bci<\/i><\/p>\n<p style=\"text-align: center;\"><i>nie dopu\u015bcili si\u0119 zwyk\u0142ej grzeszno\u015bci<\/i><\/p>\n<p style=\"text-align: center;\"><i>Nie by\u0142o tak\u017ce takiego satyryka,<\/i><\/p>\n<p style=\"text-align: center;\"><i>by si\u0119 o w\u0142asne wady nie potyka\u0142.<\/i><\/p>\n<p style=\"text-align: center;\"><i>Ale o sobie pisa\u0107? Nuda wielka..<\/i><\/p>\n<p style=\"text-align: center;\"><i>I dostrzec trudniej, chocia\u017c w oku belka.<\/i><\/p>\n<p style=\"text-align: center;\"><i>Wi\u0119c \u015bwiadom tego, pisz\u0105c czasem bolej\u0119,<\/i><\/p>\n<p style=\"text-align: center;\"><i>\u017ce z was si\u0119 \u015bmiej\u0105c i z siebie si\u0119 \u015bmiej\u0119. <\/i><\/p>\n<p style=\"text-align: center;\"><i>\u00a0<\/i><\/p>\n<p style=\"text-align: center;\"><b><i>-Ton\u0105cemu pijakowi-<\/i><\/b><\/p>\n<p style=\"text-align: center;\"><i>Nie my\u015bla\u0142e\u015b chyba,<\/i><\/p>\n<p style=\"text-align: center;\"><i>\u017ce ka\u017cda oliwa<\/i><\/p>\n<p style=\"text-align: center;\"><i>po wierzchu p\u0142ywa.<\/i><\/p>\n<p style=\"text-align: center;\"><b><i>\u00a0<\/i><\/b><\/p>\n<p style=\"text-align: center;\"><b><i>-W\u0105tpliwe szcz\u0119\u015bcie-<\/i><\/b><\/p>\n<p style=\"text-align: center;\"><i>Kominiarza ujrza\u0142em.<\/i><\/p>\n<p style=\"text-align: center;\"><i>Schwyci\u0142em\u00a0 za guzik&#8230; <\/i><\/p>\n<p style=\"text-align: center;\"><i>Cholera\u00a0 urwa\u0142em!!<\/i><\/p>\n<p>&nbsp;<\/p>\n","protected":false},"excerpt":{"rendered":"<p>Janek Szyd\u0142o \u2013 to pseudonim autora. Pr\u00f3bkami literackimi satyry zajmuje si\u0119 od czas\u00f3w\u00a0 awangardy siedleckiej. W\u00f3wczas to pobiera\u0142 nauki od mistrza fraszki S\u0142awomira Leonarda Wysockiego, znanego poety z Siedlec. Jest mieszka\u0144cem gminy Sadowne. Tu pobiera\u0142 nauki, zbudowa\u0142 dom, p\u0142aci podatki i robi zakupy.<\/p>\n","protected":false},"author":1,"featured_media":0,"comment_status":"closed","ping_status":"open","sticky":false,"template":"","format":"standard","meta":{"footnotes":""},"categories":[5,48,114],"tags":[109,115,25,49],"class_list":["post-887","post","type-post","status-publish","format-standard","hentry","category-newsy","category-kacik-literacki","category-okienko-satyryczne","tag-grupa-poetycka-iwa","tag-janek-szydlo","tag-sadowne","tag-wiersze"],"views":3932,"_links":{"self":[{"href":"https:\/\/info.sadowne.pl\/index.php?rest_route=\/wp\/v2\/posts\/887","targetHints":{"allow":["GET"]}}],"collection":[{"href":"https:\/\/info.sadowne.pl\/index.php?rest_route=\/wp\/v2\/posts"}],"about":[{"href":"https:\/\/info.sadowne.pl\/index.php?rest_route=\/wp\/v2\/types\/post"}],"author":[{"embeddable":true,"href":"https:\/\/info.sadowne.pl\/index.php?rest_route=\/wp\/v2\/users\/1"}],"replies":[{"embeddable":true,"href":"https:\/\/info.sadowne.pl\/index.php?rest_route=%2Fwp%2Fv2%2Fcomments&post=887"}],"version-history":[{"count":2,"href":"https:\/\/info.sadowne.pl\/index.php?rest_route=\/wp\/v2\/posts\/887\/revisions"}],"predecessor-version":[{"id":889,"href":"https:\/\/info.sadowne.pl\/index.php?rest_route=\/wp\/v2\/posts\/887\/revisions\/889"}],"wp:attachment":[{"href":"https:\/\/info.sadowne.pl\/index.php?rest_route=%2Fwp%2Fv2%2Fmedia&parent=887"}],"wp:term":[{"taxonomy":"category","embeddable":true,"href":"https:\/\/info.sadowne.pl\/index.php?rest_route=%2Fwp%2Fv2%2Fcategories&post=887"},{"taxonomy":"post_tag","embeddable":true,"href":"https:\/\/info.sadowne.pl\/index.php?rest_route=%2Fwp%2Fv2%2Ftags&post=887"}],"curies":[{"name":"wp","href":"https:\/\/api.w.org\/{rel}","templated":true}]}}