{"id":8884,"date":"2015-06-04T21:37:43","date_gmt":"2015-06-04T19:37:43","guid":{"rendered":"http:\/\/www.infosadowne.boo.pl\/?p=8884"},"modified":"2020-04-24T17:45:53","modified_gmt":"2020-04-24T15:45:53","slug":"rowerem-do","status":"publish","type":"post","link":"https:\/\/info.sadowne.pl\/?p=8884","title":{"rendered":"Rowerem do&#8230; Grzyma\u0142y"},"content":{"rendered":"<p style=\"text-align: justify;\"><strong><img loading=\"lazy\" decoding=\"async\" class=\"alignleft size-thumbnail wp-image-8885\" src=\"http:\/\/www.info.sadowne.pl\/wp-content\/uploads\/2015\/06\/2015.06.04.2-180x130.jpg\" alt=\"???????????????????????????????\" width=\"180\" height=\"130\" \/>\u2026kamienia upami\u0119tniaj\u0105cego miejsce urodzenia b\u0142. E. Grzyma\u0142y.<\/strong><!--more--><\/p>\n<p style=\"text-align: justify;\">W ubieg\u0142\u0105 sobot\u0119 \u2013 31 maja \u2013 odby\u0142 si\u0119 II Bieg ku czci b\u0142. E. Grzyma\u0142y. Zawodnicy mieli do pokonania tras\u0119 na dystansie 10 km. Najlepszy zawodnik uko\u0144czy\u0142 bieg w czasie 33:25:06 min. Mo\u017cna tylko pogratulowa\u0107 zwyci\u0119stwa i pozazdro\u015bci\u0107 \u015bwietnej kondycji.<\/p>\n<p style=\"text-align: justify;\">Osobom, kt\u00f3re z r\u00f3\u017cnych powod\u00f3w nie mog\u0142y wzi\u0105\u0107 udzia\u0142u w biegu, proponuj\u0119 pokonanie tej trasy na rowerze. Trasa jest niezwykle atrakcyjna <em>(szeroka, utwardzona aleja otoczona drzewami i inn\u0105 ciekaw\u0105 ro\u015blinno\u015bci\u0105)<\/em> i \u0142atwa do przebycia. Aby j\u0105 pokona\u0107, nie trzeba dysponowa\u0107 nowoczesnym rowerem. Z \u0142atwo\u015bci\u0105 mo\u017cna j\u0105 przeby\u0107 na rowerach starszego typu, jak to uczynili uczestnicy dzisiejszej wyprawy.<\/p>\n<p><a href=\"https:\/\/photos.app.goo.gl\/tZsQ7Mjv2k3H1pAr7\" target=\"_blank\" rel=\"noopener noreferrer\"><strong>Zdj\u0119cia w galerii Google&gt;&gt;&gt;<\/strong><\/a><\/p>\n<p style=\"text-align: justify;\"><strong>Tekst\/foto:<\/strong> Danuta Chyli\u0144ska<\/p>\n<p>&nbsp;<\/p>\n","protected":false},"excerpt":{"rendered":"<p>\u2026kamienia upami\u0119tniaj\u0105cego miejsce urodzenia b\u0142. E. Grzyma\u0142y.<\/p>\n","protected":false},"author":1,"featured_media":0,"comment_status":"open","ping_status":"open","sticky":false,"template":"","format":"standard","meta":{"footnotes":""},"categories":[5,906,7],"tags":[907,709],"class_list":["post-8884","post","type-post","status-publish","format-standard","hentry","category-newsy","category-rekreacja","category-sport","tag-rekreacja-2","tag-wycieczka-rowerowa"],"views":3111,"_links":{"self":[{"href":"https:\/\/info.sadowne.pl\/index.php?rest_route=\/wp\/v2\/posts\/8884","targetHints":{"allow":["GET"]}}],"collection":[{"href":"https:\/\/info.sadowne.pl\/index.php?rest_route=\/wp\/v2\/posts"}],"about":[{"href":"https:\/\/info.sadowne.pl\/index.php?rest_route=\/wp\/v2\/types\/post"}],"author":[{"embeddable":true,"href":"https:\/\/info.sadowne.pl\/index.php?rest_route=\/wp\/v2\/users\/1"}],"replies":[{"embeddable":true,"href":"https:\/\/info.sadowne.pl\/index.php?rest_route=%2Fwp%2Fv2%2Fcomments&post=8884"}],"version-history":[{"count":3,"href":"https:\/\/info.sadowne.pl\/index.php?rest_route=\/wp\/v2\/posts\/8884\/revisions"}],"predecessor-version":[{"id":23266,"href":"https:\/\/info.sadowne.pl\/index.php?rest_route=\/wp\/v2\/posts\/8884\/revisions\/23266"}],"wp:attachment":[{"href":"https:\/\/info.sadowne.pl\/index.php?rest_route=%2Fwp%2Fv2%2Fmedia&parent=8884"}],"wp:term":[{"taxonomy":"category","embeddable":true,"href":"https:\/\/info.sadowne.pl\/index.php?rest_route=%2Fwp%2Fv2%2Fcategories&post=8884"},{"taxonomy":"post_tag","embeddable":true,"href":"https:\/\/info.sadowne.pl\/index.php?rest_route=%2Fwp%2Fv2%2Ftags&post=8884"}],"curies":[{"name":"wp","href":"https:\/\/api.w.org\/{rel}","templated":true}]}}