{"id":8938,"date":"2015-06-14T07:23:49","date_gmt":"2015-06-14T05:23:49","guid":{"rendered":"http:\/\/www.infosadowne.boo.pl\/?p=8938"},"modified":"2015-06-15T10:20:07","modified_gmt":"2015-06-15T08:20:07","slug":"5-minut-o-realizacji-postulatow","status":"publish","type":"post","link":"https:\/\/info.sadowne.pl\/?p=8938","title":{"rendered":"5 minut o&#8230; realizacji postulat\u00f3w"},"content":{"rendered":"<p style=\"text-align: justify;\"><strong><img loading=\"lazy\" decoding=\"async\" class=\"alignleft size-thumbnail wp-image-7835\" src=\"http:\/\/www.info.sadowne.pl\/wp-content\/uploads\/2015\/02\/wojtcyran-180x130.jpg\" alt=\"wojtcyran\" width=\"180\" height=\"130\" srcset=\"https:\/\/info.sadowne.pl\/wp-content\/uploads\/2015\/02\/wojtcyran-180x130.jpg 180w, https:\/\/info.sadowne.pl\/wp-content\/uploads\/2015\/02\/wojtcyran-300x215.jpg 300w, https:\/\/info.sadowne.pl\/wp-content\/uploads\/2015\/02\/wojtcyran.jpg 784w\" sizes=\"auto, (max-width: 180px) 100vw, 180px\" \/>Witam Pa\u0144stwa!<\/strong><!--more--><\/p>\n<p style=\"text-align: justify;\"><strong>Okres letni to czas gor\u0105cy nie tylko za spraw\u0105 s\u0142onecznej pogody. <\/strong>Dzi\u0119ki wykorzystaniu sprzyjaj\u0105cych warunk\u00f3w atmosferycznych jest to doskona\u0142y termin do realizacji zaplanowanych przez Gmin\u0119 Sadowne inwestycji.<\/p>\n<p style=\"text-align: justify;\">Dzia\u0142ania te podejmowane s\u0105 w oparciu o oczekiwania i postulaty naszych mieszka\u0144c\u00f3w i zmierzaj\u0105 do usprawnienia funkcjonowania gminnej infrastruktury, a tak\u017ce w celu poprawy warunk\u00f3w \u017cycia w Naszej Gminie.<\/p>\n<p style=\"text-align: justify;\"><strong>Najwi\u0119ksz\u0105 realizowan\u0105 inwestycj\u0105 b\u0119dzie \u201eBudowa sieci wodoci\u0105gowej rozdzielczej w obr\u0119bie wsi Z\u0142otki \u2013 etap III\u201d.<\/strong> Podczas wielu spotka\u0144 z mieszka\u0144cami miejscowo\u015bci Z\u0142otki najcz\u0119\u015bciej pada\u0142y pytania w\u0142a\u015bnie o sie\u0107 wodoci\u0105gow\u0105. Z rado\u015bci\u0105 chcia\u0142bym poinformowa\u0107, i\u017c w\u0142a\u015bnie zako\u0144czyli\u015bmy wyb\u00f3r wykonawcy tego zadania. Ch\u0119\u0107 wykonania tej inwestycji zg\u0142osi\u0142o 11 firm, a w drodze przetargu wybrana zosta\u0142a firma P.H.U. \u201eINWOD\u201d z Lubartowa. Warto\u015b\u0107 inwestycji wynosi 686\u00a0217 z\u0142otych. Pocz\u0105tek prac przewidziany jest na przysz\u0142y tydzie\u0144, a ich zako\u0144czenie na 31 sierpnia bie\u017c\u0105cego roku.<\/p>\n<p style=\"text-align: justify;\"><strong>Mam te\u017c mi\u0142\u0105 informacj\u0119 dla mieszka\u0144c\u00f3w Sadownego.<\/strong> Urz\u0105d Gminy zleci\u0142 wykonanie map do cel\u00f3w projektowych w sprawie budowy kanalizacji na ulicach: Wiejskiej, Partyzant\u00f3w, Gaj, \u0141ochowskiej, Drak oraz S\u0142onecznej. Wkr\u00f3tce rozpocznie si\u0119 realizacja kolejnego etapu tej inwestycji.<\/p>\n<p style=\"text-align: justify;\"><strong>Ruszy\u0142a r\u00f3wnie\u017c modernizacja dr\u00f3g.<\/strong> Mi\u0142o jest mi o\u015bwiadczy\u0107, \u017ce dnia 11 czerwca podpisana zosta\u0142a umowa z Marsza\u0142kiem Wojew\u00f3dztwa Mazowieckiego o przyznaniu Gminie Sadowne 100. tysi\u0119cy z\u0142otych z funduszu FOGR na remont drogi Morzyczyn W\u0142o\u015bcia\u0144ski \u2013 Morzyczyn W\u0142\u00f3ki. Planujemy r\u00f3wnie\u017c rozbudow\u0119 nawierzchni bitumicznych w miejscowo\u015bciach: Wilczog\u0119by, Oci\u0119te i Morzyczyn W\u0142o\u015bcia\u0144ski. Dodatkowo kostk\u0105 brukow\u0105 wy\u0142o\u017cone zostan\u0105 ulice Polna i Targowa w Sadownem.<\/p>\n<p style=\"text-align: justify;\"><strong>Skomplikowa\u0142a si\u0119 natomiast sprawa remontu dr\u00f3g \u017cwirowych na terenie gminy.<\/strong> Wy\u0142oniony w przetargu wykonawca zrezygnowa\u0142 z podpisania umowy na dostaw\u0119 i wbudowanie \u017cwiru. Wynika\u0142o to m.in. z zapowiedzi cz\u0119stych kontroli jako\u015bci kruszywa z naszej strony. Op\u00f3\u017ani to co prawda termin rozpocz\u0119cia prac, ale da nam gwarancje, \u017ce na gminnych drogach znajdzie si\u0119 \u017cwir dobrej jako\u015bci, spe\u0142niaj\u0105cy wymagania mieszka\u0144c\u00f3w. Aktualnie rozpisali\u015bmy nowy przetarg, kt\u00f3rego rozstrzygni\u0119cie planujemy na 26 czerwca. Zako\u0144czenie remontu dr\u00f3g \u017cwirowych przewidujemy na 30 pa\u017adziernika tego roku.<\/p>\n<p style=\"text-align: justify;\"><strong>Pozdrawiam!<\/strong><\/p>\n<p style=\"text-align: justify;\"><strong>Waldemar Cyran \u2013 W\u00f3jt Gminy Sadowne<\/strong><\/p>\n","protected":false},"excerpt":{"rendered":"<p>Witam Pa\u0144stwa!<\/p>\n","protected":false},"author":1,"featured_media":0,"comment_status":"open","ping_status":"open","sticky":false,"template":"","format":"standard","meta":{"footnotes":""},"categories":[1204,5,41],"tags":[1205,1033,614],"class_list":["post-8938","post","type-post","status-publish","format-standard","hentry","category-5-minut-o","category-newsy","category-wiesci-gminne","tag-5-minut-o","tag-waldemar-cyran","tag-wojt-gminy-sadowne"],"views":3735,"_links":{"self":[{"href":"https:\/\/info.sadowne.pl\/index.php?rest_route=\/wp\/v2\/posts\/8938","targetHints":{"allow":["GET"]}}],"collection":[{"href":"https:\/\/info.sadowne.pl\/index.php?rest_route=\/wp\/v2\/posts"}],"about":[{"href":"https:\/\/info.sadowne.pl\/index.php?rest_route=\/wp\/v2\/types\/post"}],"author":[{"embeddable":true,"href":"https:\/\/info.sadowne.pl\/index.php?rest_route=\/wp\/v2\/users\/1"}],"replies":[{"embeddable":true,"href":"https:\/\/info.sadowne.pl\/index.php?rest_route=%2Fwp%2Fv2%2Fcomments&post=8938"}],"version-history":[{"count":2,"href":"https:\/\/info.sadowne.pl\/index.php?rest_route=\/wp\/v2\/posts\/8938\/revisions"}],"predecessor-version":[{"id":8940,"href":"https:\/\/info.sadowne.pl\/index.php?rest_route=\/wp\/v2\/posts\/8938\/revisions\/8940"}],"wp:attachment":[{"href":"https:\/\/info.sadowne.pl\/index.php?rest_route=%2Fwp%2Fv2%2Fmedia&parent=8938"}],"wp:term":[{"taxonomy":"category","embeddable":true,"href":"https:\/\/info.sadowne.pl\/index.php?rest_route=%2Fwp%2Fv2%2Fcategories&post=8938"},{"taxonomy":"post_tag","embeddable":true,"href":"https:\/\/info.sadowne.pl\/index.php?rest_route=%2Fwp%2Fv2%2Ftags&post=8938"}],"curies":[{"name":"wp","href":"https:\/\/api.w.org\/{rel}","templated":true}]}}