{"id":910,"date":"2013-01-15T17:16:31","date_gmt":"2013-01-15T16:16:31","guid":{"rendered":"http:\/\/www.infosadowne.boo.pl\/?p=910"},"modified":"2013-01-15T17:16:31","modified_gmt":"2013-01-15T16:16:31","slug":"okienko-wiersze-dla-dzieci","status":"publish","type":"post","link":"https:\/\/info.sadowne.pl\/?p=910","title":{"rendered":"Okienko &#8211; wiersze dla dzieci."},"content":{"rendered":"<p style=\"text-align: justify;\"><strong><img loading=\"lazy\" decoding=\"async\" class=\"alignleft size-full wp-image-867\" alt=\"IWA (2)\" src=\"http:\/\/www.info.sadowne.pl\/wp-content\/uploads\/2013\/01\/IWA-2.jpg\" width=\"124\" height=\"154\" \/>Jadwiga Zgliszewska &#8211; pisanie wierszy rozpocz\u0119\u0142a ju\u017c w dzieci\u0144stwie. Gdy zwi\u0105za\u0142a si\u0119 z W\u0119growem, po\u015bwi\u0119ci\u0142a si\u0119 pracy z najm\u0142odszymi i pasji pisania. Obecnie jest dyrektork\u0105 w Przedszkolu Nr 2 \u201ePod S\u0142oneczkiem\u201d w W\u0119growie. Opr\u00f3cz poezji dla doros\u0142ych, pisze wiersze dla dzieci.<!--more--> <\/strong>Do chwili obecnej wyda\u0142a:\u00a0 <i>Rymowanie pod s\u0142oneczkiem<\/i> &#8211; Wydawnictwo Juventa, W\u0119gr\u00f3w 2003 \u2013 zbiorek dla dzieci oraz wiersze dla doros\u0142ych<i> Jestem znakiem zapytania<\/i> &#8211; Wydawnictwo Juventa, W\u0119gr\u00f3w 2004. Jej wiersze znalaz\u0142y si\u0119 w antologii <i>Pod rodzinnym niebem<\/i> \u2013 \u0141och\u00f3w 2011. Jest zwi\u0105zana z Grup\u0105 Poetyck\u0105 IWA.\u00a0 Z jej tw\u00f3rczo\u015bci\u0105 mo\u017cna bli\u017cej zapozna\u0107 si\u0119, si\u0119gaj\u0105c po ww. pozycje wydawnicze.<\/p>\n<p style=\"text-align: justify;\">\n<h2 style=\"text-align: center;\"><strong>O GNIEWIE<\/strong><\/h2>\n<p>&nbsp;<\/p>\n<p style=\"text-align: center;\">Gniewasz si\u0119 na kole\u017cank\u0119?<\/p>\n<p style=\"text-align: center;\">Czemu, Kasiu mi\u0142a?<\/p>\n<p style=\"text-align: center;\">Bo pobieg\u0142a za Mariank\u0105,<\/p>\n<p style=\"text-align: center;\">ciebie zostawi\u0142a?<\/p>\n<p style=\"text-align: center;\">\n<p style=\"text-align: center;\">A widzia\u0142am, jak porzucasz<\/p>\n<p style=\"text-align: center;\">zabaw\u0119 z Adasiem,<\/p>\n<p style=\"text-align: center;\">bo dziewczynki gra\u0142y w gum\u0119<\/p>\n<p style=\"text-align: center;\">i ty te\u017c tak chcia\u0142a\u015b.<\/p>\n<p style=\"text-align: center;\">\n<p style=\"text-align: center;\">Kiedy kto\u015b ci sprawi przykro\u015b\u0107,<\/p>\n<p style=\"text-align: center;\">masz prawo gniew poczu\u0107,<\/p>\n<p style=\"text-align: center;\">lecz nie powinna\u015b nigdy<\/p>\n<p style=\"text-align: center;\">\u00a0z\u0142o\u015bci w sobie nosi\u0107:<\/p>\n<p style=\"text-align: center;\">\n<p style=\"text-align: center;\">prycha\u0107, fuka\u0107, d\u0105sy stroi\u0107<\/p>\n<p style=\"text-align: center;\">lub co gorsza\u00a0 m\u015bci\u0107 si\u0119!<\/p>\n<p style=\"text-align: center;\">Du\u017cy oddech we\u017a i \u015bmiej si\u0119,<\/p>\n<p style=\"text-align: center;\">gniew ci minie szybciej.<\/p>\n<p>&nbsp;<\/p>\n<p>Opracowa\u0142: Wies\u0142aw Maliszewski<\/p>\n","protected":false},"excerpt":{"rendered":"<p>Jadwiga Zgliszewska &#8211; pisanie wierszy rozpocz\u0119\u0142a ju\u017c w dzieci\u0144stwie. Gdy zwi\u0105za\u0142a si\u0119 z W\u0119growem, po\u015bwi\u0119ci\u0142a si\u0119 pracy z najm\u0142odszymi i pasji pisania. Obecnie jest dyrektork\u0105 w Przedszkolu Nr 2 \u201ePod S\u0142oneczkiem\u201d w W\u0119growie. Opr\u00f3cz poezji dla doros\u0142ych, pisze wiersze dla dzieci.<\/p>\n","protected":false},"author":1,"featured_media":0,"comment_status":"closed","ping_status":"open","sticky":false,"template":"","format":"standard","meta":{"footnotes":""},"categories":[5,48,118],"tags":[109,119,120],"class_list":["post-910","post","type-post","status-publish","format-standard","hentry","category-newsy","category-kacik-literacki","category-okienko-wiersze-dla-dzieci","tag-grupa-poetycka-iwa","tag-jadwiga-zgliszewska","tag-wiersze-dla-dzieci"],"views":5124,"_links":{"self":[{"href":"https:\/\/info.sadowne.pl\/index.php?rest_route=\/wp\/v2\/posts\/910","targetHints":{"allow":["GET"]}}],"collection":[{"href":"https:\/\/info.sadowne.pl\/index.php?rest_route=\/wp\/v2\/posts"}],"about":[{"href":"https:\/\/info.sadowne.pl\/index.php?rest_route=\/wp\/v2\/types\/post"}],"author":[{"embeddable":true,"href":"https:\/\/info.sadowne.pl\/index.php?rest_route=\/wp\/v2\/users\/1"}],"replies":[{"embeddable":true,"href":"https:\/\/info.sadowne.pl\/index.php?rest_route=%2Fwp%2Fv2%2Fcomments&post=910"}],"version-history":[{"count":1,"href":"https:\/\/info.sadowne.pl\/index.php?rest_route=\/wp\/v2\/posts\/910\/revisions"}],"predecessor-version":[{"id":911,"href":"https:\/\/info.sadowne.pl\/index.php?rest_route=\/wp\/v2\/posts\/910\/revisions\/911"}],"wp:attachment":[{"href":"https:\/\/info.sadowne.pl\/index.php?rest_route=%2Fwp%2Fv2%2Fmedia&parent=910"}],"wp:term":[{"taxonomy":"category","embeddable":true,"href":"https:\/\/info.sadowne.pl\/index.php?rest_route=%2Fwp%2Fv2%2Fcategories&post=910"},{"taxonomy":"post_tag","embeddable":true,"href":"https:\/\/info.sadowne.pl\/index.php?rest_route=%2Fwp%2Fv2%2Ftags&post=910"}],"curies":[{"name":"wp","href":"https:\/\/api.w.org\/{rel}","templated":true}]}}