{"id":9180,"date":"2015-07-03T11:58:32","date_gmt":"2015-07-03T09:58:32","guid":{"rendered":"http:\/\/www.infosadowne.boo.pl\/?p=9180"},"modified":"2015-07-03T14:45:12","modified_gmt":"2015-07-03T12:45:12","slug":"o-afganistanie","status":"publish","type":"post","link":"https:\/\/info.sadowne.pl\/?p=9180","title":{"rendered":"O&#8230; Afganistanie"},"content":{"rendered":"<p style=\"text-align: justify;\"><strong><img loading=\"lazy\" decoding=\"async\" class=\"alignleft size-thumbnail wp-image-9181\" src=\"http:\/\/www.info.sadowne.pl\/wp-content\/uploads\/2015\/07\/2015.07.03.1-180x130.jpg\" alt=\"2015.07.03.1\" width=\"180\" height=\"130\" \/>Muzeum Ziemi Sadowie\u0144skiej zaprasza na wystaw\u0119 fotografii pt. \u201eDzieci Afganistanu \u2013 kto je pokocha\u201d.<\/strong><!--more--><\/p>\n<p style=\"text-align: justify;\">Od 10 lipca w Muzealnej Izbie Edukacji Etnograficznej (budynek GOK) b\u0119dzie mo\u017cna ogl\u0105da\u0107 wystaw\u0119 fotografii, zatytu\u0142owanej \u201eDzieci Afganistanu \u2013 kto je pokocha\u201d.<\/p>\n<p style=\"text-align: justify;\"><a href=\"http:\/\/www.info.sadowne.pl\/wp-content\/uploads\/2015\/07\/2015.07.03.2.jpg\" target=\"_blank\"><img loading=\"lazy\" decoding=\"async\" class=\"alignright wp-image-9182 size-medium\" src=\"http:\/\/www.info.sadowne.pl\/wp-content\/uploads\/2015\/07\/2015.07.03.2-300x200.jpg\" alt=\"2015.07.03.2\" width=\"300\" height=\"200\" srcset=\"https:\/\/info.sadowne.pl\/wp-content\/uploads\/2015\/07\/2015.07.03.2-300x200.jpg 300w, https:\/\/info.sadowne.pl\/wp-content\/uploads\/2015\/07\/2015.07.03.2.jpg 783w\" sizes=\"auto, (max-width: 300px) 100vw, 300px\" \/><\/a>Autorem zdj\u0119\u0107 jest p. Szymon Mutwicki, dwukrotny uczestnik misji wojskowej w Afganistanie. Na swoich fotografiach przedstawia dzieci, kt\u00f3re do\u015bwiadczy\u0142y traumatycznych prze\u017cy\u0107 zwi\u0105zanych z dzia\u0142aniami wojennymi.<\/p>\n<p style=\"text-align: justify;\"><strong>Serdecznie zapraszamy!<\/strong><\/p>\n<p style=\"text-align: justify;\"><strong>Tekst\/foto:<\/strong> sch\/JU<\/p>\n<p style=\"text-align: justify;\"><img loading=\"lazy\" decoding=\"async\" class=\"aligncenter size-full wp-image-9183\" src=\"http:\/\/www.info.sadowne.pl\/wp-content\/uploads\/2015\/07\/2015.07.03.3.jpg\" alt=\"2015.07.03.3\" width=\"559\" height=\"787\" srcset=\"https:\/\/info.sadowne.pl\/wp-content\/uploads\/2015\/07\/2015.07.03.3.jpg 559w, https:\/\/info.sadowne.pl\/wp-content\/uploads\/2015\/07\/2015.07.03.3-213x300.jpg 213w\" sizes=\"auto, (max-width: 559px) 100vw, 559px\" \/><\/p>\n","protected":false},"excerpt":{"rendered":"<p>Muzeum Ziemi Sadowie\u0144skiej zaprasza na wystaw\u0119 fotografii pt. \u201eDzieci Afganistanu \u2013 kto je pokocha\u201d.<\/p>\n","protected":false},"author":1,"featured_media":0,"comment_status":"open","ping_status":"open","sticky":false,"template":"","format":"standard","meta":{"footnotes":""},"categories":[5,6,81],"tags":[79,1431,570],"class_list":["post-9180","post","type-post","status-publish","format-standard","hentry","category-newsy","category-kultura-rozrywka-edukacja","category-muzeum","tag-muzeum-ziemi-sadowienskiej","tag-szymon-mutwicki","tag-wystawa-fotografii"],"views":3414,"_links":{"self":[{"href":"https:\/\/info.sadowne.pl\/index.php?rest_route=\/wp\/v2\/posts\/9180","targetHints":{"allow":["GET"]}}],"collection":[{"href":"https:\/\/info.sadowne.pl\/index.php?rest_route=\/wp\/v2\/posts"}],"about":[{"href":"https:\/\/info.sadowne.pl\/index.php?rest_route=\/wp\/v2\/types\/post"}],"author":[{"embeddable":true,"href":"https:\/\/info.sadowne.pl\/index.php?rest_route=\/wp\/v2\/users\/1"}],"replies":[{"embeddable":true,"href":"https:\/\/info.sadowne.pl\/index.php?rest_route=%2Fwp%2Fv2%2Fcomments&post=9180"}],"version-history":[{"count":2,"href":"https:\/\/info.sadowne.pl\/index.php?rest_route=\/wp\/v2\/posts\/9180\/revisions"}],"predecessor-version":[{"id":9187,"href":"https:\/\/info.sadowne.pl\/index.php?rest_route=\/wp\/v2\/posts\/9180\/revisions\/9187"}],"wp:attachment":[{"href":"https:\/\/info.sadowne.pl\/index.php?rest_route=%2Fwp%2Fv2%2Fmedia&parent=9180"}],"wp:term":[{"taxonomy":"category","embeddable":true,"href":"https:\/\/info.sadowne.pl\/index.php?rest_route=%2Fwp%2Fv2%2Fcategories&post=9180"},{"taxonomy":"post_tag","embeddable":true,"href":"https:\/\/info.sadowne.pl\/index.php?rest_route=%2Fwp%2Fv2%2Ftags&post=9180"}],"curies":[{"name":"wp","href":"https:\/\/api.w.org\/{rel}","templated":true}]}}