{"id":9190,"date":"2015-07-03T16:20:58","date_gmt":"2015-07-03T14:20:58","guid":{"rendered":"http:\/\/www.infosadowne.boo.pl\/?p=9190"},"modified":"2015-07-03T16:20:58","modified_gmt":"2015-07-03T14:20:58","slug":"5-minut-o-problematycznej-instalacji","status":"publish","type":"post","link":"https:\/\/info.sadowne.pl\/?p=9190","title":{"rendered":"5 minut o&#8230; problematycznej instalacji"},"content":{"rendered":"<p style=\"text-align: justify;\"><strong><img loading=\"lazy\" decoding=\"async\" class=\"alignleft size-thumbnail wp-image-7835\" src=\"http:\/\/www.info.sadowne.pl\/wp-content\/uploads\/2015\/02\/wojtcyran-180x130.jpg\" alt=\"wojtcyran\" width=\"180\" height=\"130\" srcset=\"https:\/\/info.sadowne.pl\/wp-content\/uploads\/2015\/02\/wojtcyran-180x130.jpg 180w, https:\/\/info.sadowne.pl\/wp-content\/uploads\/2015\/02\/wojtcyran-300x215.jpg 300w, https:\/\/info.sadowne.pl\/wp-content\/uploads\/2015\/02\/wojtcyran.jpg 784w\" sizes=\"auto, (max-width: 180px) 100vw, 180px\" \/>Witam Pa\u0144stwa!<\/strong><!--more--><\/p>\n<p style=\"text-align: justify;\"><strong>O inicjatywie firmy KRUSZYWA Niemce S.A. zacz\u0119\u0142o si\u0119 m\u00f3wi\u0107 po raz pierwszy w po\u0142owie ubieg\u0142ego roku,<\/strong> gdy zwr\u00f3ci\u0142a si\u0119 ona do Urz\u0119du Gminy w Sadownem w sprawie wydania decyzji o \u015brodowiskowych uwarunkowaniach zgody na realizacj\u0119 przedsi\u0119wzi\u0119cia &#8211; instalacji mechaniczno-biologicznej przetwarzania zmieszanych odpad\u00f3w komunalnych o zdolno\u015bci przetwarzania 60\u00a0000 Mg\/rok, zlokalizowanej w miejscowo\u015bci Zieleniec, dzia\u0142ka nr 901. Urz\u0105d Gminy w Sadownem informowa\u0142 o tym w Obwieszczeniu W\u00f3jta Gminy Sadowne z dnia 04.07.2014 r.<\/p>\n<p style=\"text-align: justify;\"><strong>I od tego momentu instalacja ta sta\u0142a si\u0119 problemem,<\/strong> gdy\u017c \u2013 jak m\u00f3wi\u0105 nasi mieszka\u0144cy &#8211; mo\u017ce ona zagra\u017ca\u0107 ekosystemowi Gminy. Ju\u017c w trakcie XXXVIII Sesji poprzedniej Rady, maj\u0105c na wzgl\u0119dzie dobro spo\u0142eczne, podj\u0119to uchwa\u0142\u0119 <em>w sprawie przyst\u0105pienia do sporz\u0105dzenia miejscowego planu zagospodarowania przestrzennego dla teren\u00f3w zlokalizowanych w obr\u0119bie wsi Zieleniec<\/em>, a tak\u017ce inn\u0105 \u2013 <em>w sprawie utworzenia nowego u\u017cytku ekologicznego na terenie wchodz\u0105cym w obszar wsi Zielenie<\/em>c. Uchwa\u0142y dotyczy\u0142y m.in. obszaru, na kt\u00f3rym zlokalizowany jest dawny Zak\u0142ad \u201eSilikaty\u201d, a dzi\u0119ki uruchomieniu uchwalonych procedur powsta\u0142aby mo\u017cliwo\u015b\u0107 oddalenia wniosku o uruchomienie na tym terenie dzia\u0142alno\u015bci prowadz\u0105cej do zmian w ekosystemie.<\/p>\n<p style=\"text-align: justify;\"><strong>Problem jednak nie znikn\u0105\u0142 ca\u0142kowicie<\/strong> \u2013 wracano do niego podczas kolejnych Sesji Rady Gminy, kt\u00f3re odbywa\u0142y si\u0119 w bie\u017c\u0105cym roku. Dalsze etapy tej sprawy, pomimo jednoznacznego stanowiska Urz\u0119du Gminy dot. tego zagadnienia, r\u00f3wnie\u017c nie uspokoi\u0142y naszej spo\u0142eczno\u015bci, a wr\u0119cz j\u0105 zmotywowa\u0142y do podejmowania kolejnych dzia\u0142a\u0144.<\/p>\n<p style=\"text-align: justify;\"><strong>Wychodz\u0105c naprzeciw oczekiwaniom wi\u0119kszo\u015bci mieszka\u0144c\u00f3w Gminy Sadowne, postanowi\u0142em zorganizowa\u0107 spotkanie informacyjne<\/strong> dot. aktualnego stanu post\u0119powania w sprawie realizacji przedsi\u0119wzi\u0119cia \u2013 instalacji biologiczno-mechanicznej przetwarzania zmieszanych odpad\u00f3w komunalnych w dawnym Zak\u0142adzie \u201eSilikaty\u201d Sadowne.<\/p>\n<p style=\"text-align: justify;\"><span style=\"color: #ff0000;\"><strong>Spotkanie to odb\u0119dzie si\u0119 9 lipca o godz. 19.00 w Remizie OSP Sadowne. <\/strong><\/span><\/p>\n<p style=\"text-align: justify;\"><strong>Serdecznie zapraszam wszystkich mieszka\u0144c\u00f3w Gminy Sadowne, zainteresowanych t\u0105 problematyk\u0105.<\/strong><\/p>\n<p style=\"text-align: justify;\"><strong>Dzi\u0119kuj\u0119 i do zobaczenia!<\/strong><\/p>\n<p style=\"text-align: justify;\"><strong>Waldemar Cyran \u2013 W\u00f3jt Gminy Sadowne<\/strong><\/p>\n","protected":false},"excerpt":{"rendered":"<p>Witam Pa\u0144stwa!<\/p>\n","protected":false},"author":1,"featured_media":0,"comment_status":"open","ping_status":"open","sticky":false,"template":"","format":"standard","meta":{"footnotes":""},"categories":[1204,5,41],"tags":[1432,1033,614],"class_list":["post-9190","post","type-post","status-publish","format-standard","hentry","category-5-minut-o","category-newsy","category-wiesci-gminne","tag-5-minut-o-problematycznej-instalacji","tag-waldemar-cyran","tag-wojt-gminy-sadowne"],"views":3331,"_links":{"self":[{"href":"https:\/\/info.sadowne.pl\/index.php?rest_route=\/wp\/v2\/posts\/9190","targetHints":{"allow":["GET"]}}],"collection":[{"href":"https:\/\/info.sadowne.pl\/index.php?rest_route=\/wp\/v2\/posts"}],"about":[{"href":"https:\/\/info.sadowne.pl\/index.php?rest_route=\/wp\/v2\/types\/post"}],"author":[{"embeddable":true,"href":"https:\/\/info.sadowne.pl\/index.php?rest_route=\/wp\/v2\/users\/1"}],"replies":[{"embeddable":true,"href":"https:\/\/info.sadowne.pl\/index.php?rest_route=%2Fwp%2Fv2%2Fcomments&post=9190"}],"version-history":[{"count":1,"href":"https:\/\/info.sadowne.pl\/index.php?rest_route=\/wp\/v2\/posts\/9190\/revisions"}],"predecessor-version":[{"id":9191,"href":"https:\/\/info.sadowne.pl\/index.php?rest_route=\/wp\/v2\/posts\/9190\/revisions\/9191"}],"wp:attachment":[{"href":"https:\/\/info.sadowne.pl\/index.php?rest_route=%2Fwp%2Fv2%2Fmedia&parent=9190"}],"wp:term":[{"taxonomy":"category","embeddable":true,"href":"https:\/\/info.sadowne.pl\/index.php?rest_route=%2Fwp%2Fv2%2Fcategories&post=9190"},{"taxonomy":"post_tag","embeddable":true,"href":"https:\/\/info.sadowne.pl\/index.php?rest_route=%2Fwp%2Fv2%2Ftags&post=9190"}],"curies":[{"name":"wp","href":"https:\/\/api.w.org\/{rel}","templated":true}]}}