{"id":9214,"date":"2015-07-10T14:15:40","date_gmt":"2015-07-10T12:15:40","guid":{"rendered":"http:\/\/www.infosadowne.boo.pl\/?p=9214"},"modified":"2015-07-10T14:15:40","modified_gmt":"2015-07-10T12:15:40","slug":"kategoryczne-nie","status":"publish","type":"post","link":"https:\/\/info.sadowne.pl\/?p=9214","title":{"rendered":"Kategoryczne &#8222;NIE&#8221;"},"content":{"rendered":"<p style=\"text-align: justify;\"><strong><a href=\"http:\/\/www.info.sadowne.pl\/wp-content\/uploads\/2015\/07\/2015.07.10.1.jpg\" target=\"_blank\"><img loading=\"lazy\" decoding=\"async\" class=\"alignleft wp-image-9215 size-thumbnail\" src=\"http:\/\/www.info.sadowne.pl\/wp-content\/uploads\/2015\/07\/2015.07.10.1-180x130.jpg\" alt=\"2015.07.10.1\" width=\"180\" height=\"130\" \/><\/a>Spo\u0142ecze\u0144stwo i lokalne w\u0142adze samorz\u0105dowe m\u00f3wi\u0105 jednym g\u0142osem: \u201eSprzeciwiamy si\u0119 budowie instalacji do segregacji odpad\u00f3w na terenie gminy Sadowne\u201d.<\/strong><!--more--><\/p>\n<p style=\"text-align: justify;\">Wywo\u0142ane przez W\u00f3jta Gminy Sadowne, p. Waldemara Cyrana spotkanie odby\u0142o si\u0119 p\u00f3\u017anym popo\u0142udniem, 9 lipca w Sadownem. G\u0142\u00f3wnym i najwa\u017cniejszym jego tematem by\u0142o przekazanie mieszka\u0144com informacji na temat aktualnego stanu post\u0119powania w sprawie planowanej budowy instalacji do przetwarzania odpad\u00f3w komunalnych w dawnym Zak\u0142adzie \u201eSilikaty\u201d.<\/p>\n<p style=\"text-align: justify;\"><em><a href=\"http:\/\/www.info.sadowne.pl\/wp-content\/uploads\/2015\/07\/2015.07.10.3.jpg\" target=\"_blank\"><img loading=\"lazy\" decoding=\"async\" class=\"alignright wp-image-9216 size-thumbnail\" src=\"http:\/\/www.info.sadowne.pl\/wp-content\/uploads\/2015\/07\/2015.07.10.3-180x130.jpg\" alt=\"2015.07.10.3\" width=\"180\" height=\"130\" \/><\/a>&#8211; Dzi\u0119kuj\u0119 Pa\u0144stwu za przybycie i pragn\u0119 na wst\u0119pie poinformowa\u0107 wszystkich, i\u017c stanowisko w\u0142adz naszej Gminy w sprawie planowanej budowy instalacji w dawnym Zak\u0142adzie \u201eSilikaty\u201d jest jednoznaczne. Zgodnie z oczekiwaniami naszych mieszka\u0144c\u00f3w, jeste\u015bmy przeciwni tej budowie, nie chcemy mie\u0107 na naszym terenie takiej instalacji i wszelkimi sposobami b\u0119dziemy d\u0105\u017cy\u0107 do zablokowania realizacji tej inwestycji <\/em>\u2013 rozpocz\u0105\u0142 spotkanie p. Waldemar Cyran.<\/p>\n<p style=\"text-align: justify;\"><strong>Przypomnijmy, o co w tym wszystkim chodzi:<\/strong><\/p>\n<p style=\"text-align: justify;\"><a href=\"http:\/\/www.info.sadowne.pl\/wp-content\/uploads\/2015\/07\/2015.07.10.2.jpg\" target=\"_blank\"><img loading=\"lazy\" decoding=\"async\" class=\"alignleft wp-image-9217 size-thumbnail\" src=\"http:\/\/www.info.sadowne.pl\/wp-content\/uploads\/2015\/07\/2015.07.10.2-180x130.jpg\" alt=\"2015.07.10.2\" width=\"180\" height=\"130\" \/><\/a>O inicjatywie firmy KRUSZYWA Niemce S.A. dowiedzieli\u015bmy si\u0119 po raz pierwszy w po\u0142owie ubieg\u0142ego roku, gdy zwr\u00f3ci\u0142a si\u0119 ona w sprawie wydania decyzji o \u015brodowiskowych uwarunkowaniach zgody na realizacj\u0119 przedsi\u0119wzi\u0119cia &#8211; instalacji mechaniczno-biologicznej przetwarzania zmieszanych odpad\u00f3w komunalnych o zdolno\u015bci przetwarzania 60\u00a0000 Mg\/rok zlokalizowana w miejscowo\u015bci Zieleniec, dzia\u0142ka nr 901. Urz\u0105d Gminy w Sadownem informowa\u0142 o tym w Obwieszczeniu W\u00f3jta Gminy Sadowne z dnia 04.07.2014 r. Pisali\u015bmy o tej inicjatywie i swoich w\u0105tpliwo\u015bciach w artykule pt. <span style=\"color: #0000ff;\"><a style=\"color: #0000ff;\" href=\"http:\/\/www.info.sadowne.pl\/?p=5836\" target=\"_blank\"><strong>\u201eDlaczego w Sadownem\u201d<\/strong><\/a><\/span>.<\/p>\n<p style=\"text-align: justify;\"><a href=\"http:\/\/www.info.sadowne.pl\/wp-content\/uploads\/2015\/07\/2015.07.10.4.jpg\" target=\"_blank\"><img loading=\"lazy\" decoding=\"async\" class=\"alignright wp-image-9218 size-thumbnail\" src=\"http:\/\/www.info.sadowne.pl\/wp-content\/uploads\/2015\/07\/2015.07.10.4-180x130.jpg\" alt=\"2015.07.10.4\" width=\"180\" height=\"130\" \/><\/a>Problem instalacji, kt\u00f3ra mo\u017ce zagra\u017ca\u0107 ekosystemowi Gminy, nurtowa\u0142 r\u00f3wnie\u017c nasze w\u0142adze i przedstawicieli lokalnej spo\u0142eczno\u015bci w Radzie Gminy. W trakcie XXXVIII Sesji Rady, maj\u0105c na wzgl\u0119dzie dobro spo\u0142eczne, podj\u0119to uchwa\u0142\u0119 <em>w sprawie przyst\u0105pienia do sporz\u0105dzenia miejscowego planu zagospodarowania przestrzennego dla teren\u00f3w zlokalizowanych w obr\u0119bie wsi Zieleniec, a tak\u017ce inn\u0105 \u2013 w sprawie utworzenia nowego u\u017cytku ekologicznego na terenie wchodz\u0105cym w obszar wsi Zieleniec. Uchwa\u0142y dotyczy\u0142y m.in. obszaru, na kt\u00f3rym zlokalizowany jest dawny Zak\u0142ad \u201eSilikaty\u201d, a dzi\u0119ki uruchomieniu uchwalonych procedur powsta\u0142aby mo\u017cliwo\u015b\u0107 oddalenia wniosku o uruchomienie na tym terenie dzia\u0142alno\u015bci prowadz\u0105cej do zmian w ekosystemie (<\/em>pisali\u015bmy o tym w artykule <span style=\"color: #0000ff;\"><a style=\"color: #0000ff;\" href=\"http:\/\/www.info.sadowne.pl\/?p=6482\" target=\"_blank\"><strong>\u201eXXXVIII Sesja Rady Gminy\u201d<\/strong><\/a><\/span>).<\/p>\n<p style=\"text-align: justify;\"><a href=\"http:\/\/www.info.sadowne.pl\/wp-content\/uploads\/2015\/07\/2015.07.10.5.jpg\" target=\"_blank\"><img loading=\"lazy\" decoding=\"async\" class=\"alignleft wp-image-9219 size-thumbnail\" src=\"http:\/\/www.info.sadowne.pl\/wp-content\/uploads\/2015\/07\/2015.07.10.5-180x130.jpg\" alt=\"2015.07.10.5\" width=\"180\" height=\"130\" \/><\/a>Po ostatnich wyborach Nowy W\u00f3jt i Rada Gminy Sadowne r\u00f3wnie\u017c stan\u0119li na stanowisku, i\u017c lokalizacja takiej instalacji na terenie Gminy Sadowne jest bezzasadna, a jej budowa by\u0142aby zagro\u017ceniem dla ekosystemu. Podczas III Sesji Rady Gminy p. Waldemar Cyran poinformowa\u0142: <em>\u201e<\/em><em>Dementujemy informacj\u0119 o ch\u0119ci utworzenia w Zak\u0142adzie spalarni, ale faktem pozostaje, i\u017c firma ta zamierza przetwarza\u0107 tam 60\u00a0000 Mg\/rok odpad\u00f3w, a jest to ju\u017c zagro\u017ceniem dla naszego ekosystemu. W\u0142a\u015bnie opisu tego ekosystemu oraz innych rzeczy brakuje w dokumentacji, kt\u00f3r\u0105 z\u0142o\u017cy\u0142a do nas firma KRUSZYWA Niemce S.A. Postaramy si\u0119, aby dokumenty by\u0142y solidne, a wdro\u017cona procedura tworzenia planu zagospodarowania wsi Zieleniec zezwala nam na od\u0142o\u017cenie rozpatrzenia wniosku do czasu utworzenia takiego planu. Gwarantuj\u0119 Pa\u0144stwu, i\u017c plan ten b\u0119dzie zawiera\u0142 zapis o zakazie prowadzenia takiej dzia\u0142alno\u015bci, a chocia\u017cby dosz\u0142o do wyra\u017cenia zgody na tak\u0105 produkcj\u0119 pomimo, i\u017c nie powinno do tego doj\u015b\u0107, to jeste\u015bmy w stanie wym\u00f3wi\u0107 firmie u\u017cytkowanie Zak\u0142adu ze wzgl\u0119du na zmian\u0119 dopuszczalnego profilu. Utworzymy wsp\u00f3lny \u201efront\u201d, kt\u00f3ry zagwarantuje nam \u2013 mieszka\u0144com dalsze bytowanie w ekologicznej gminie\u201d<\/em> (art. <span style=\"color: #0000ff;\"><a style=\"color: #0000ff;\" href=\"http:\/\/www.info.sadowne.pl\/?p=7254\" target=\"_blank\"><strong>\u201eIII Sesja Rady Gminy\u201d<\/strong><\/a><\/span>).<\/p>\n<p style=\"text-align: justify;\">P\u00f3\u017aniej okaza\u0142o si\u0119, i\u017c wydatkowanie kilkudziesi\u0119ciu tysi\u0119cy z\u0142otych z bud\u017cetu Gminy na Plan zagospodarowania przestrzennego dla teren\u00f3w zlokalizowanych w obr\u0119bie wsi Zieleniec jest zb\u0119dne, gdy\u017c <em>\u201ePlanowana instalacja nie jest uj\u0119ta w Wojew\u00f3dzkim Planie Gospodarki Odpadami dla Mazowsza na lata 2012 \u2013 2017, z uwzgl\u0119dnieniem lat 2018 \u2013 2023\u201d<\/em> i odm\u00f3wiono wydania decyzji o \u015brodowiskowych uwarunkowaniach, pozwolenia na budow\u0119, pozwolenia zintegrowanego lub zezwolenia na przetwarzanie odpad\u00f3w w tej instalacji.<\/p>\n<p style=\"text-align: justify;\"><a href=\"http:\/\/www.info.sadowne.pl\/wp-content\/uploads\/2015\/07\/2015.07.10.6.jpg\" target=\"_blank\"><img loading=\"lazy\" decoding=\"async\" class=\"alignright wp-image-9220 size-thumbnail\" src=\"http:\/\/www.info.sadowne.pl\/wp-content\/uploads\/2015\/07\/2015.07.10.6-180x130.jpg\" alt=\"2015.07.10.6\" width=\"180\" height=\"130\" \/><\/a>Jednocze\u015bnie Regionalny Dyrektor Ochrony \u015arodowiska w Warszawie w postanowieniu z dnia 15 maja 2015 roku stwierdzi\u0142, i\u017c <em>\u201eplanowane przedsi\u0119wzi\u0119cie nie b\u0119dzie znacz\u0105co negatywnie oddzia\u0142ywa\u0107 na \u015brodowisko\u201d <\/em><em>(art. <span style=\"color: #0000ff;\"><a style=\"color: #0000ff;\" href=\"http:\/\/www.info.sadowne.pl\/?p=8757\" target=\"_blank\"><strong>\u201eB\u0119dzie? Chyba nie!\u201d<\/strong><\/a><\/span>).<\/em><\/p>\n<p style=\"text-align: justify;\">Dziwne, ale prawdziwe. Jak to si\u0119 m\u00f3wi: <em>\u201eJest prawda, ca\u0142a prawda i\u2026\u201d<\/em>. Wojew\u00f3dzki Plan Gospodarki Odpadami zawiera w swojej tre\u015bci wiele inwestycji, kt\u00f3rych realizacja jest czasami znacznym obci\u0105\u017ceniem dla bud\u017cet\u00f3w gmin naszego wojew\u00f3dztwa. Ten i inne problemy sk\u0142aniaj\u0105 cz\u0119sto inwestor\u00f3w do wycofania si\u0119 z realizacji inwestycji, a wtedy powstaje w przedmiotowym Planie luka \u2013 miejsce dla nowego inwestora i nowej inwestycji. Wcale nie jest powiedziane, \u017ce jedno z takich miejsc nie mo\u017ce zaj\u0105\u0107 inwestycja z naszego terenu, kt\u00f3ra wspierana jest przez \u201edobre\u201d plany i bogatych inwestor\u00f3w. Wa\u017cne te\u017c, \u017ce w po\u0142owie przysz\u0142ego roku tworzony b\u0119dzie nowy plan i zostan\u0105 uj\u0119te w nim nowe inwestycje. I tu mo\u017cemy mie\u0107 problem!<\/p>\n<p style=\"text-align: justify;\">Problem ten dostrzega W\u00f3jt Gminy i nasi Radni. Podczas VII Sesji Rady Gminy z propozycj\u0105 wykonania wcze\u015bniej uzgadnianej inwestycji gminnej \u2013 planu zagospodarowania dla wsi Zieleniec \u2013 wyst\u0105pi\u0142a radna, p. D\u0119bkowska, kt\u00f3ra obawia si\u0119, i\u017c firma planuj\u0105ca budow\u0119 instalacji przetwarzania odpad\u00f3w mo\u017ce w przysz\u0142o\u015bci uzyska\u0107 jednak takie zezwolenie, a nowy plan, kt\u00f3ry powstanie, zastrzeg\u0142by powstawanie takich inwestycji na tym terenie (art. <span style=\"color: #0000ff;\"><a style=\"color: #0000ff;\" href=\"http:\/\/www.info.sadowne.pl\/?p=8797\" target=\"_blank\"><strong>\u201eVII Sesja Rady Gminy\u201d<\/strong><\/a><\/span>).<\/p>\n<p style=\"text-align: justify;\"><strong>A co z t\u0105 spraw\u0105 na dzie\u0144 dzisiejszy?<\/strong><\/p>\n<p style=\"text-align: justify;\"><em><a href=\"http:\/\/www.info.sadowne.pl\/wp-content\/uploads\/2015\/07\/2015.07.10.7.jpg\" target=\"_blank\"><img loading=\"lazy\" decoding=\"async\" class=\"alignleft wp-image-9221 size-thumbnail\" src=\"http:\/\/www.info.sadowne.pl\/wp-content\/uploads\/2015\/07\/2015.07.10.7-180x130.jpg\" alt=\"2015.07.10.7\" width=\"180\" height=\"130\" \/><\/a>&#8211; Jeste\u015bmy w trakcie opracowywania decyzji w odpowiedzi na wniosek firmy KRUSZYWA Niemce S. A., w kt\u00f3rej kategorycznie sprzeciwiamy si\u0119 planowanej inwestycji. Poinformowali\u015bmy ju\u017c te\u017c o takiej decyzji Prezesa Firmy KRUSZYWA. Spo\u0142ecze\u0144stwo r\u00f3wnie\u017c nie pozostaje oboj\u0119tne w tej kwestii i przekazuje w\u0142adzy swoje poparcie poprzez wnioski przeciwnik\u00f3w inwestycji. Dotychczas wp\u0142yn\u0119\u0142o do nas 680 takich wniosk\u00f3w <\/em>\u2013 omawia sytuacj\u0119 W\u00f3jt Gminy i kontynuuje \u2013 <em>Wdro\u017cyli\u015bmy r\u00f3wnie\u017c procedur\u0119 tworzenia wcze\u015bniej uchwalonego planu zagospodarowania przestrzennego wsi Zieleniec. Obszar uj\u0119ty w pierwszej cz\u0119\u015bci planu zosta\u0142 zmniejszony, znajduje si\u0119 w nim teren Las\u00f3w Pa\u0144stwowych i dawnego Zak\u0142adu \u201eSilikaty\u201d, ale \u2013 aby nie utrudnia\u0107 \u017cycia mieszka\u0144com \u2013 nie ma w nim uj\u0119tych \u017cadnych dzia\u0142ek prywatnych. Plan b\u0119dzie zawiera\u0142 zakaz umiejscowienia na tym terenie instalacji w rodzaju planowanej inwestycji dot. segregacji odpad\u00f3w.<\/em><\/p>\n<p style=\"text-align: justify;\"><strong>Co z przysz\u0142o\u015bci\u0105 inwestycji?<\/strong><\/p>\n<p style=\"text-align: justify;\">Jak poinformowano na spotkaniu, ca\u0142y czas trwa korespondencja pomi\u0119dzy Urz\u0119dem Gminy w Sadownem a Urz\u0119dem Marsza\u0142kowskim. W przysz\u0142ym tygodniu W\u00f3jt Gminy wyda decyzj\u0119 o \u015brodowiskowych uwarunkowaniach budowy instalacji, a do samej budowy jeszcze d\u0142uga droga \u2013 konieczne s\u0105 nowe dokumenty, zgody, plany i oczywi\u015bcie\u2026 przychylno\u015b\u0107 \u015brodowiska, a tego zapewne nikt si\u0119 nie doczeka. Nadal zbierane s\u0105 podpisy mieszka\u0144c\u00f3w przeciwnych tej budowie, a o nowych decyzjach i ustaleniach w tej sprawie Urz\u0105d Gminy i nasz Portal b\u0119dzie informowa\u0142 na bie\u017c\u0105co.<\/p>\n<p style=\"text-align: justify;\"><strong>W\u00f3jt i obecni na spotkaniu radni Gminy Sadowne uspokajaj\u0105 wszystkich \u2013 instalacji do przetwarzania odpad\u00f3w nie b\u0119dzie na terenie gminy Sadowne. Oczekuj\u0105 jednak wsparcia od nas i my\u015blimy, \u017ce mog\u0105 na nie liczy\u0107.<\/strong><\/p>\n<p style=\"text-align: justify;\"><strong>Tekst\/foto:<\/strong> sch<\/p>\n","protected":false},"excerpt":{"rendered":"<p>Spo\u0142ecze\u0144stwo i lokalne w\u0142adze samorz\u0105dowe m\u00f3wi\u0105 jednym g\u0142osem: \u201eSprzeciwiamy si\u0119 budowie instalacji do segregacji odpad\u00f3w na terenie gminy Sadowne\u201d.<\/p>\n","protected":false},"author":1,"featured_media":0,"comment_status":"open","ping_status":"open","sticky":false,"template":"","format":"standard","meta":{"footnotes":""},"categories":[5,41],"tags":[1438,1437,1033,614],"class_list":["post-9214","post","type-post","status-publish","format-standard","hentry","category-newsy","category-wiesci-gminne","tag-budowa-instalacji-do-segregacji-odpadow","tag-spotkanie-informacyjne-w-sadownem","tag-waldemar-cyran","tag-wojt-gminy-sadowne"],"views":4029,"_links":{"self":[{"href":"https:\/\/info.sadowne.pl\/index.php?rest_route=\/wp\/v2\/posts\/9214","targetHints":{"allow":["GET"]}}],"collection":[{"href":"https:\/\/info.sadowne.pl\/index.php?rest_route=\/wp\/v2\/posts"}],"about":[{"href":"https:\/\/info.sadowne.pl\/index.php?rest_route=\/wp\/v2\/types\/post"}],"author":[{"embeddable":true,"href":"https:\/\/info.sadowne.pl\/index.php?rest_route=\/wp\/v2\/users\/1"}],"replies":[{"embeddable":true,"href":"https:\/\/info.sadowne.pl\/index.php?rest_route=%2Fwp%2Fv2%2Fcomments&post=9214"}],"version-history":[{"count":1,"href":"https:\/\/info.sadowne.pl\/index.php?rest_route=\/wp\/v2\/posts\/9214\/revisions"}],"predecessor-version":[{"id":9222,"href":"https:\/\/info.sadowne.pl\/index.php?rest_route=\/wp\/v2\/posts\/9214\/revisions\/9222"}],"wp:attachment":[{"href":"https:\/\/info.sadowne.pl\/index.php?rest_route=%2Fwp%2Fv2%2Fmedia&parent=9214"}],"wp:term":[{"taxonomy":"category","embeddable":true,"href":"https:\/\/info.sadowne.pl\/index.php?rest_route=%2Fwp%2Fv2%2Fcategories&post=9214"},{"taxonomy":"post_tag","embeddable":true,"href":"https:\/\/info.sadowne.pl\/index.php?rest_route=%2Fwp%2Fv2%2Ftags&post=9214"}],"curies":[{"name":"wp","href":"https:\/\/api.w.org\/{rel}","templated":true}]}}