{"id":9232,"date":"2015-07-13T14:54:06","date_gmt":"2015-07-13T12:54:06","guid":{"rendered":"http:\/\/www.infosadowne.boo.pl\/?p=9232"},"modified":"2020-04-24T17:37:45","modified_gmt":"2020-04-24T15:37:45","slug":"i-po-festynie","status":"publish","type":"post","link":"https:\/\/info.sadowne.pl\/?p=9232","title":{"rendered":"I po Festynie&#8230;"},"content":{"rendered":"<p style=\"text-align: justify;\"><strong><img loading=\"lazy\" decoding=\"async\" class=\"alignleft size-thumbnail wp-image-9233\" src=\"http:\/\/www.info.sadowne.pl\/wp-content\/uploads\/2015\/07\/2015.07.13.1-180x130.jpg\" alt=\"2015.07.13.1\" width=\"180\" height=\"130\" \/>Takiego najazdu fan\u00f3w muzyki jeszcze chyba Sadowne nie widzia\u0142o.<\/strong><!--more--><\/p>\n<p style=\"text-align: justify;\">12 lipca, od po\u0142udnia na placu targowym w Sadownem zacz\u0119li gromadzi\u0107 si\u0119 uczestnicy Festynu Wakacyjnego. Jak zaplanowano, wok\u00f3\u0142 placu rozstawi\u0142y si\u0119 te\u017c stoiska gastronomiczne, weso\u0142e miasteczko i namioty tematyczne, kt\u00f3re s\u0142u\u017cy\u0142y promocji Gminy i plac\u00f3wek o\u015bwiatowych \u2013 Urz\u0119du Gminy i GOK-u, a tak\u017ce Zespo\u0142u Szk\u00f3\u0142 Ponadgimnazjalnych.<\/p>\n<p style=\"text-align: justify;\">Pierwsza cz\u0119\u015b\u0107 Festynu, kt\u00f3ry prowadzi\u0142 wodzirej &amp; DJ Forest events \u2013 p. Micha\u0142 Rokicki, to prezentacja Gminy i nawi\u0105zanie do tradycji regionu oraz zabawy dla dzieci.<\/p>\n<p style=\"text-align: justify;\">Od rana na skwerku dost\u0119pna by\u0142a wystawa obrazuj\u0105ca wyniki ostatnich wydarze\u0144 i inwestycji na terenie gminy Sadowne, a tu\u017c po rozpocz\u0119ciu imprezy kolejno prezentowa\u0142y swoje umiej\u0119tno\u015bci zespo\u0142y ludowe: \u201eKapela \u0141ochowska\u201d, \u201eGwizdalanki\u201d i Zesp\u00f3\u0142 \u015apiewaczy \u201eSadowianki, a bezpo\u015brednio po nich mieli\u015bmy okazj\u0119 obejrze\u0107 prezentacj\u0119 taneczn\u0105 m\u0142odzie\u017cowego zespo\u0142u Neon Pink z Zespo\u0142u Szkolno \u2013 Przedszkolnego w Grabinach. By\u0142y te\u017c zabawy dla dzieci, kt\u00f3re przygotowali i z udzia\u0142em m\u0142odej publiczno\u015bci przeprowadzili animatorzy tej sztuki DeeDee &amp; Tonio.<\/p>\n<p style=\"text-align: justify;\">Jeszcze przed oficjalnym otwarciem Festynu sw\u00f3j czas na pokazy sztuk walki uzyskali strzelcy z sadowie\u0144skiej \u00a0dru\u017cyny Jednostki Strzeleckiej 5001 im. Dywizjonu Huzar\u00f3w \u015amierci.<\/p>\n<p style=\"text-align: justify;\">Przed godz. 16.00 dokonano uroczystego otwarcia Festynu. W imieniu organizator\u00f3w uczestnik\u00f3w Festynu powita\u0142 W\u00f3jt Gminy Sadowne \u2013 p. Waldemar Cyran i Dyrektor Gminnego O\u015brodka Kultury w Sadownem \u2013 p. Ewa Pi\u00f3rkowska. Oni te\u017c podsumowali wcze\u015bniej przeprowadzony konkurs gminny \u201eOlimpiada wiedzy o regionie\u201d, w kt\u00f3rym brali udzia\u0142 uczniowie miejscowych szk\u00f3\u0142. Najlepsi z jego uczestnik\u00f3w otrzymali nagrody: za I miejsce \u2013 Weronika Akonom, II \u2013 Martyna Kowalczyk, III \u2013 Pawe\u0142 Wycech oraz wyr\u00f3\u017cnienia: Weronika Melchner i Natalia K\u0142\u00f3sek.<\/p>\n<p style=\"text-align: justify;\">Popo\u0142udnie przeznaczone zosta\u0142o na wyst\u0119py zespo\u0142\u00f3w prezentuj\u0105cych muzyk\u0119 m\u0142odzie\u017cow\u0105 i disco polo. T\u0119 cz\u0119\u015b\u0107 Festynu rozpocz\u0105\u0142 koncertem Zesp\u00f3\u0142 FAJTERS, a przerywnikiem przed kolejn\u0105 fal\u0105 muzyki by\u0142 pokaz sokolnika.<\/p>\n<p style=\"text-align: justify;\">T\u0142umy fan\u00f3w muzyki zosta\u0142y w ko\u0144cu usatysfakcjonowane \u2013 ze sceny g\u0142o\u015bno rozbrzmia\u0142 Zesp\u00f3\u0142 REAVEN, po nim znany nam ju\u017c wcze\u015bniej \u2013 SAMI SWOI, a\u017c w ko\u0144cu pojawi\u0142 si\u0119 Zenek Martyniuk i Zesp\u00f3\u0142 AKCENT. T\u0142umy oszala\u0142y\u2026<\/p>\n<p style=\"text-align: justify;\">A\u017c szkoda by\u0142o ko\u0144czy\u0107 t\u0119 zabaw\u0119 i wraca\u0107 do domu, ale\u2026 mo\u017ce spotkamy si\u0119 na podobnej imprezie za rok. Dzi\u0119kujemy organizatorom za jej przygotowanie\u2026 Sadowne jeszcze chyba takich t\u0142um\u00f3w nie widzia\u0142o.<\/p>\n<p><a href=\"https:\/\/photos.app.goo.gl\/P8fWXJHhHYDNoFsp8\" target=\"_blank\" rel=\"noopener noreferrer\"><strong>Zdj\u0119cia w galerii Google&gt;&gt;&gt;<\/strong><\/a><\/p>\n<p style=\"text-align: justify;\"><strong>Tekst\/foto:<\/strong> S\u0142awek Chyli\u0144ski<\/p>\n<p>&nbsp;<\/p>\n","protected":false},"excerpt":{"rendered":"<p>Takiego najazdu fan\u00f3w muzyki jeszcze chyba Sadowne nie widzia\u0142o.<\/p>\n","protected":false},"author":1,"featured_media":0,"comment_status":"open","ping_status":"open","sticky":false,"template":"","format":"standard","meta":{"footnotes":""},"categories":[5,91,6],"tags":[309,169,142],"class_list":["post-9232","post","type-post","status-publish","format-standard","hentry","category-newsy","category-gminny-osrodek-kultury","category-kultura-rozrywka-edukacja","tag-festyn-wakacyjny-w-sadownem","tag-gminny-osrodek-kultury-w-sadownem","tag-urzad-gminy-sadowne"],"views":5017,"_links":{"self":[{"href":"https:\/\/info.sadowne.pl\/index.php?rest_route=\/wp\/v2\/posts\/9232","targetHints":{"allow":["GET"]}}],"collection":[{"href":"https:\/\/info.sadowne.pl\/index.php?rest_route=\/wp\/v2\/posts"}],"about":[{"href":"https:\/\/info.sadowne.pl\/index.php?rest_route=\/wp\/v2\/types\/post"}],"author":[{"embeddable":true,"href":"https:\/\/info.sadowne.pl\/index.php?rest_route=\/wp\/v2\/users\/1"}],"replies":[{"embeddable":true,"href":"https:\/\/info.sadowne.pl\/index.php?rest_route=%2Fwp%2Fv2%2Fcomments&post=9232"}],"version-history":[{"count":3,"href":"https:\/\/info.sadowne.pl\/index.php?rest_route=\/wp\/v2\/posts\/9232\/revisions"}],"predecessor-version":[{"id":23263,"href":"https:\/\/info.sadowne.pl\/index.php?rest_route=\/wp\/v2\/posts\/9232\/revisions\/23263"}],"wp:attachment":[{"href":"https:\/\/info.sadowne.pl\/index.php?rest_route=%2Fwp%2Fv2%2Fmedia&parent=9232"}],"wp:term":[{"taxonomy":"category","embeddable":true,"href":"https:\/\/info.sadowne.pl\/index.php?rest_route=%2Fwp%2Fv2%2Fcategories&post=9232"},{"taxonomy":"post_tag","embeddable":true,"href":"https:\/\/info.sadowne.pl\/index.php?rest_route=%2Fwp%2Fv2%2Ftags&post=9232"}],"curies":[{"name":"wp","href":"https:\/\/api.w.org\/{rel}","templated":true}]}}