{"id":935,"date":"2013-01-17T12:09:15","date_gmt":"2013-01-17T11:09:15","guid":{"rendered":"http:\/\/www.infosadowne.boo.pl\/?p=935"},"modified":"2013-01-17T12:09:15","modified_gmt":"2013-01-17T11:09:15","slug":"jan-nepomucen-w-okienku-poetyckim","status":"publish","type":"post","link":"https:\/\/info.sadowne.pl\/?p=935","title":{"rendered":"Jan Nepomucen w okienku poetyckim."},"content":{"rendered":"<p style=\"text-align: justify;\"><strong><img loading=\"lazy\" decoding=\"async\" class=\"size-full wp-image-867 alignleft\" alt=\"IWA (2)\" src=\"http:\/\/www.info.sadowne.pl\/wp-content\/uploads\/2013\/01\/IWA-2.jpg\" width=\"124\" height=\"154\" \/>Anna W\u0142odarczyk\u00a0 zd. Kowalczyk &#8211; jest wsp\u00f3\u0142tw\u00f3rc\u0105 Grupy Poetyckiej IWA i Klubu Poet\u00f3w przy BUW. Absolwenta Liceum Og\u00f3lnokszta\u0142c\u0105cego w Sadownem.<!--more--> <\/strong>Wyda\u0142a tomik wierszy <i>Dziewczyna na Lipowej &#8211; W\u0119gr\u00f3w 2008. <\/i>\u00a0Jej wiersze znalaz\u0142y si\u0119 w almanachach: <i>\u201ePowierzam Ci m\u00f3j l\u0119k\u201d &#8211; \u0141och\u00f3w 2004<\/i> i <i>&#8222;Wyb\u00f3r wierszy XII Konkursu poezji religijnej im. ks. prof. J\u00f3zefa Tischnera&#8221; &#8211; Lud\u017amierz 2004. <\/i>Ponadto publikowa\u0142a utwory w antologii poezji regionalnej <i>\u201ePod rodzinnym niebem\u201d \u2013\u00a0 \u0141och\u00f3w 2011 <\/i>\u00a0i\u00a0 \u201e<i>Bilans otwarty\u201d \u2013 BUW\u00a0 Warszawa 2010<\/i>.<\/p>\n<p style=\"text-align: justify;\">Aby wej\u015b\u0107 w \u015bwiat poetycki Ani, nale\u017cy si\u0119gn\u0105\u0107 po jej zbiorek, kt\u00f3ry mo\u017cna wypo\u017cyczy\u0107 w <strong>Gminnej<\/strong> <b>Bibliotece Publicznej w Sadownem<\/b> lub wej\u015b\u0107 na stron\u0119 internetow\u0105\u00a0 Grupy Poetyckiej IWA <i>\u00a0(przekierowanie ze strony infosadowne, w dziale \u201eWsp\u00f3\u0142pracuj\u0105 z nami\u201d).<\/i><i>\u00a0 <\/i><\/p>\n<p><img loading=\"lazy\" decoding=\"async\" class=\"aligncenter size-full wp-image-936\" alt=\"nepomucen\" src=\"http:\/\/www.info.sadowne.pl\/wp-content\/uploads\/2013\/01\/nepomucen.jpg\" width=\"448\" height=\"238\" srcset=\"https:\/\/info.sadowne.pl\/wp-content\/uploads\/2013\/01\/nepomucen.jpg 448w, https:\/\/info.sadowne.pl\/wp-content\/uploads\/2013\/01\/nepomucen-300x159.jpg 300w\" sizes=\"auto, (max-width: 448px) 100vw, 448px\" \/><\/p>\n<p>Opracowa\u0142: W. Maliszewski<\/p>\n","protected":false},"excerpt":{"rendered":"<p>Anna W\u0142odarczyk\u00a0 zd. Kowalczyk &#8211; jest wsp\u00f3\u0142tw\u00f3rc\u0105 Grupy Poetyckiej IWA i Klubu Poet\u00f3w przy BUW. Absolwenta Liceum Og\u00f3lnokszta\u0142c\u0105cego w Sadownem.<\/p>\n","protected":false},"author":1,"featured_media":0,"comment_status":"closed","ping_status":"open","sticky":false,"template":"","format":"standard","meta":{"footnotes":""},"categories":[5,48,108],"tags":[122,109,49],"class_list":["post-935","post","type-post","status-publish","format-standard","hentry","category-newsy","category-kacik-literacki","category-okienko-poetyckie","tag-anna-wlodarczyk","tag-grupa-poetycka-iwa","tag-wiersze"],"views":4174,"_links":{"self":[{"href":"https:\/\/info.sadowne.pl\/index.php?rest_route=\/wp\/v2\/posts\/935","targetHints":{"allow":["GET"]}}],"collection":[{"href":"https:\/\/info.sadowne.pl\/index.php?rest_route=\/wp\/v2\/posts"}],"about":[{"href":"https:\/\/info.sadowne.pl\/index.php?rest_route=\/wp\/v2\/types\/post"}],"author":[{"embeddable":true,"href":"https:\/\/info.sadowne.pl\/index.php?rest_route=\/wp\/v2\/users\/1"}],"replies":[{"embeddable":true,"href":"https:\/\/info.sadowne.pl\/index.php?rest_route=%2Fwp%2Fv2%2Fcomments&post=935"}],"version-history":[{"count":2,"href":"https:\/\/info.sadowne.pl\/index.php?rest_route=\/wp\/v2\/posts\/935\/revisions"}],"predecessor-version":[{"id":938,"href":"https:\/\/info.sadowne.pl\/index.php?rest_route=\/wp\/v2\/posts\/935\/revisions\/938"}],"wp:attachment":[{"href":"https:\/\/info.sadowne.pl\/index.php?rest_route=%2Fwp%2Fv2%2Fmedia&parent=935"}],"wp:term":[{"taxonomy":"category","embeddable":true,"href":"https:\/\/info.sadowne.pl\/index.php?rest_route=%2Fwp%2Fv2%2Fcategories&post=935"},{"taxonomy":"post_tag","embeddable":true,"href":"https:\/\/info.sadowne.pl\/index.php?rest_route=%2Fwp%2Fv2%2Ftags&post=935"}],"curies":[{"name":"wp","href":"https:\/\/api.w.org\/{rel}","templated":true}]}}