{"id":9528,"date":"2015-08-15T20:08:05","date_gmt":"2015-08-15T18:08:05","guid":{"rendered":"http:\/\/www.infosadowne.boo.pl\/?p=9528"},"modified":"2020-04-24T17:32:55","modified_gmt":"2020-04-24T15:32:55","slug":"dziekujemy-za-plony","status":"publish","type":"post","link":"https:\/\/info.sadowne.pl\/?p=9528","title":{"rendered":"Dzi\u0119kujemy za plony&#8230;"},"content":{"rendered":"<p style=\"text-align: justify;\"><strong><img loading=\"lazy\" decoding=\"async\" class=\"alignleft size-thumbnail wp-image-9529\" src=\"http:\/\/www.info.sadowne.pl\/wp-content\/uploads\/2015\/08\/2015.08.15.1-180x130.jpg\" alt=\"2015.08.15.1\" width=\"180\" height=\"130\" \/>15 sierpnia Sadowne bawi\u0142o si\u0119 podczas Do\u017cynek Gminno \u2013 Parafialnych.<\/strong><!--more--><\/p>\n<p style=\"text-align: justify;\">15 sierpnia w Sadownem odb\u0119d\u0105 si\u0119 Do\u017cynki Gminno \u2013 Parafialne, po\u0142\u0105czone z festynem. To nowa tradycja &#8211; jak m\u00f3wiono podczas tegorocznego \u015awi\u0119ta. Gmina Sadowne ma obchodzi\u0107 \u015awi\u0119to Plon\u00f3w w\u0142a\u015bnie 15 sierpnia z tym, \u017ce ka\u017cdego roku w innej miejscowo\u015bci. Tym razem zaszczyt ten przypad\u0142 w udziale miejscowo\u015bci Sadowne, kt\u00f3ra rozpocz\u0119\u0142a \u015bwi\u0119towanie wsp\u00f3ln\u0105 modlitw\u0105 i festynem. Sadowie\u0144skie Do\u017cynki odbywa\u0142y si\u0119 pod has\u0142em: \u201eDzi\u0119kujemy Rolnikom Seniorom\u201d.<\/p>\n<p style=\"text-align: justify;\">Ceremoniom do\u017cynkowym przewodniczyli oczywi\u015bcie Starosta i Staro\u015bcina do\u017cynkowi, kt\u00f3rymi byli rolnicy z Sadownego \u2013 Pa\u0144stwo Adam i Aneta Oltonowie. Natomiast Gospodarzem Do\u017cynek by\u0142 W\u00f3jt Gminy Sadowne p. Waldemar Cyran, kt\u00f3remu towarzyszy\u0142a \u017cona Katarzyna.<\/p>\n<p style=\"text-align: justify;\">O godz. 11.00 wie\u0144ce do\u017cynkowe &#8211; w asy\u015bcie przedstawicieli so\u0142ectw &#8211; wkroczy\u0142y do ko\u015bcio\u0142a parafialnego, gdzie odby\u0142a si\u0119 nast\u0119pnie msza dzi\u0119kczynna. Dalsze \u015bwi\u0119towanie uroczystym korowodem przeniesiono na Plac Ko\u015bcielny. Po oficjalnym powitaniu, obecni na uroczysto\u015bci przedstawiciele w\u0142adzy i administracji nagrodzili specjalnymi wyr\u00f3\u017cnieniami i odznaczeniami wyr\u00f3\u017cniaj\u0105cych si\u0119 oraz zas\u0142u\u017conych rolnik\u00f3w. Podsumowano te\u017c og\u0142oszone wcze\u015bniej konkursy do\u017cynkowe, w tym na najpi\u0119kniejszy wieniec, w kt\u00f3rym nagrody przypad\u0142y: za I miejsce \u2013 so\u0142ectwu Zalesie, II \u2013 P\u0142atkownicy, a III \u2013 Kolonii Z\u0142otki.<\/p>\n<p style=\"text-align: justify;\">Organizatorzy Do\u017cynek nie zapomnieli te\u017c o prezentacjach tw\u00f3rczo\u015bci ludowej, kt\u00f3rej wyrazem by\u0142y wyst\u0119py zespo\u0142\u00f3w: \u201eSadowianki\u201d i \u201eMa\u0142kinianka\u201d oraz prezentacje przygotowane przez tw\u00f3rc\u00f3w ludowych, a tak\u017ce zesp\u00f3\u0142 muzyczno &#8211; wokalny ze Z\u0142otek. Znalaz\u0142o si\u0119 te\u017c miejsce dla strzelc\u00f3w z JS 5001, kt\u00f3rzy zabawiali publiczno\u015b\u0107 specjalnie przygotowanym pokazem swoich umiej\u0119tno\u015bci.<\/p>\n<p style=\"text-align: justify;\">Wok\u00f3\u0142 odbywaj\u0105cej si\u0119 uroczysto\u015bci do\u017cynkowej go\u015bcie mogli zapozna\u0107 si\u0119 z propozycjami firm i organizacji pracuj\u0105cych na rzecz rolnictwa, a tak\u017ce z prezentacjami tw\u00f3rczo\u015bci lokalnych artyst\u00f3w. Nie zabrak\u0142o te\u017c czasu i miejsca na dobr\u0105 zabaw\u0119 dla dzieci oraz doros\u0142ych, a tak\u017ce stoisk kulinarnych.<\/p>\n<p style=\"text-align: justify;\">Festynow\u0105 zabaw\u0119 wzbogaci\u0142y te\u017c wyst\u0119py zespo\u0142\u00f3w muzycznych: \u201eAlbion\u201d i \u201eFor Fun Band\u201d.<\/p>\n<p style=\"text-align: justify;\">By\u0142o uroczy\u015bcie i <strong>wszyscy<\/strong> \u015bwietnie si\u0119 \u2026 <strong>bawili<\/strong>.<\/p>\n<p style=\"text-align: justify;\">Wyniki konkurs\u00f3w do\u017cynkowych oraz wykazy nagrodzonych os\u00f3b b\u0119d\u0105 dost\u0119pne na stronach organizator\u00f3w.<\/p>\n<p><a href=\"https:\/\/photos.app.goo.gl\/oovMhrXGPznja59d6\" target=\"_blank\" rel=\"noopener noreferrer\"><strong>Zdj\u0119cia w galerii Google&gt;&gt;&gt;<\/strong><\/a><\/p>\n<p style=\"text-align: justify;\"><strong>Tekst\/foto:<\/strong> S\u0142awek Chyli\u0144ski<\/p>\n<p>&nbsp;<\/p>\n","protected":false},"excerpt":{"rendered":"<p>15 sierpnia Sadowne bawi\u0142o si\u0119 podczas Do\u017cynek Gminno \u2013 Parafialnych.<\/p>\n","protected":false},"author":1,"featured_media":0,"comment_status":"open","ping_status":"open","sticky":false,"template":"","format":"standard","meta":{"footnotes":""},"categories":[5,91,6],"tags":[1464,169,274,142],"class_list":["post-9528","post","type-post","status-publish","format-standard","hentry","category-newsy","category-gminny-osrodek-kultury","category-kultura-rozrywka-edukacja","tag-dozynki-gminne-2015-w-sadownem","tag-gminny-osrodek-kultury-w-sadownem","tag-parafia-sadowne","tag-urzad-gminy-sadowne"],"views":4557,"_links":{"self":[{"href":"https:\/\/info.sadowne.pl\/index.php?rest_route=\/wp\/v2\/posts\/9528","targetHints":{"allow":["GET"]}}],"collection":[{"href":"https:\/\/info.sadowne.pl\/index.php?rest_route=\/wp\/v2\/posts"}],"about":[{"href":"https:\/\/info.sadowne.pl\/index.php?rest_route=\/wp\/v2\/types\/post"}],"author":[{"embeddable":true,"href":"https:\/\/info.sadowne.pl\/index.php?rest_route=\/wp\/v2\/users\/1"}],"replies":[{"embeddable":true,"href":"https:\/\/info.sadowne.pl\/index.php?rest_route=%2Fwp%2Fv2%2Fcomments&post=9528"}],"version-history":[{"count":3,"href":"https:\/\/info.sadowne.pl\/index.php?rest_route=\/wp\/v2\/posts\/9528\/revisions"}],"predecessor-version":[{"id":23259,"href":"https:\/\/info.sadowne.pl\/index.php?rest_route=\/wp\/v2\/posts\/9528\/revisions\/23259"}],"wp:attachment":[{"href":"https:\/\/info.sadowne.pl\/index.php?rest_route=%2Fwp%2Fv2%2Fmedia&parent=9528"}],"wp:term":[{"taxonomy":"category","embeddable":true,"href":"https:\/\/info.sadowne.pl\/index.php?rest_route=%2Fwp%2Fv2%2Fcategories&post=9528"},{"taxonomy":"post_tag","embeddable":true,"href":"https:\/\/info.sadowne.pl\/index.php?rest_route=%2Fwp%2Fv2%2Ftags&post=9528"}],"curies":[{"name":"wp","href":"https:\/\/api.w.org\/{rel}","templated":true}]}}