{"id":9533,"date":"2015-08-16T13:53:16","date_gmt":"2015-08-16T11:53:16","guid":{"rendered":"http:\/\/www.infosadowne.boo.pl\/?p=9533"},"modified":"2020-04-24T17:30:22","modified_gmt":"2020-04-24T15:30:22","slug":"auto-moto-show","status":"publish","type":"post","link":"https:\/\/info.sadowne.pl\/?p=9533","title":{"rendered":"Retro Moto Show"},"content":{"rendered":"<p style=\"text-align: justify;\"><strong><img loading=\"lazy\" decoding=\"async\" class=\"alignleft size-thumbnail wp-image-9534\" src=\"http:\/\/www.info.sadowne.pl\/wp-content\/uploads\/2015\/08\/2015.08.16.5-180x130.jpg\" alt=\"2015.08.16.5\" width=\"180\" height=\"130\" \/>16 sierpnia w Sadownem odby\u0142a si\u0119 pierwsza edycja imprezy pn. Retro Moto Show.<\/strong><!--more--><\/p>\n<p style=\"text-align: justify;\"><em>&#8211; Widz\u0105c du\u017ce zainteresowanie tego rodzaju spotkaniami, postaramy si\u0119 wprowadzi\u0107 Retro Moto Show do kalendarza gminnych imprez cyklicznych. B\u0119dziemy spotyka\u0107 si\u0119 w Sadownem i mam nadziej\u0119, \u017ce w kolejnych latach b\u0119dzie przybywa\u0142o pojazd\u00f3w i mi\u0142o\u015bnik\u00f3w motoryzacji<\/em> \u2013 na Placu Ko\u015bcielnym powita\u0142 uczestnik\u00f3w imprezy W\u00f3jt Gminy Sadowne p. Waldemar Cyran.<\/p>\n<p style=\"text-align: justify;\">Faktycznie &#8211; jak na pierwszy raz &#8211; na og\u0142oszenie o planowanym spotkaniu \u00a0zareagowa\u0142o wielu mi\u0142o\u015bnik\u00f3w wys\u0142u\u017conych ju\u017c pojazd\u00f3w. Obecni na imprezie mogli zobaczy\u0107 kilka starszych samochod\u00f3w i wiele motocykli najprzer\u00f3\u017cniejszych marek, a tak\u017ce zadawa\u0107 bezpo\u015brednie pytania, techniczne i nie tylko, ich w\u0142a\u015bcicielom. Ale co jest najwa\u017cniejsze \u2013 wszystkie pojazdy s\u0105 jeszcze w stanie porusza\u0107 si\u0119 po naszych drogach. Mo\u017cna by\u0142o to sprawdzi\u0107 podczas zorganizowanej parady ulicami Sadownego.<\/p>\n<p style=\"text-align: justify;\"><strong>A wi\u0119c ju\u017c teraz zapraszamy \u2013 za rok.<\/strong><\/p>\n<p><a href=\"https:\/\/photos.app.goo.gl\/FPUmUU3ZYd5GNmVdA\" target=\"_blank\" rel=\"noopener noreferrer\"><strong>Zdj\u0119cia w galerii Google&gt;&gt;&gt;<\/strong><\/a><\/p>\n<p style=\"text-align: justify;\"><strong>Tekst\/foto:<\/strong> S\u0142awek Chyli\u0144ski<\/p>\n<p>&nbsp;<\/p>\n","protected":false},"excerpt":{"rendered":"<p>16 sierpnia w Sadownem odby\u0142a si\u0119 pierwsza edycja imprezy pn. Retro Moto Show.<\/p>\n","protected":false},"author":1,"featured_media":0,"comment_status":"open","ping_status":"open","sticky":false,"template":"","format":"standard","meta":{"footnotes":""},"categories":[5,41],"tags":[1486,142],"class_list":["post-9533","post","type-post","status-publish","format-standard","hentry","category-newsy","category-wiesci-gminne","tag-retro-moto-show-w-sadownem","tag-urzad-gminy-sadowne"],"views":4338,"_links":{"self":[{"href":"https:\/\/info.sadowne.pl\/index.php?rest_route=\/wp\/v2\/posts\/9533","targetHints":{"allow":["GET"]}}],"collection":[{"href":"https:\/\/info.sadowne.pl\/index.php?rest_route=\/wp\/v2\/posts"}],"about":[{"href":"https:\/\/info.sadowne.pl\/index.php?rest_route=\/wp\/v2\/types\/post"}],"author":[{"embeddable":true,"href":"https:\/\/info.sadowne.pl\/index.php?rest_route=\/wp\/v2\/users\/1"}],"replies":[{"embeddable":true,"href":"https:\/\/info.sadowne.pl\/index.php?rest_route=%2Fwp%2Fv2%2Fcomments&post=9533"}],"version-history":[{"count":4,"href":"https:\/\/info.sadowne.pl\/index.php?rest_route=\/wp\/v2\/posts\/9533\/revisions"}],"predecessor-version":[{"id":23257,"href":"https:\/\/info.sadowne.pl\/index.php?rest_route=\/wp\/v2\/posts\/9533\/revisions\/23257"}],"wp:attachment":[{"href":"https:\/\/info.sadowne.pl\/index.php?rest_route=%2Fwp%2Fv2%2Fmedia&parent=9533"}],"wp:term":[{"taxonomy":"category","embeddable":true,"href":"https:\/\/info.sadowne.pl\/index.php?rest_route=%2Fwp%2Fv2%2Fcategories&post=9533"},{"taxonomy":"post_tag","embeddable":true,"href":"https:\/\/info.sadowne.pl\/index.php?rest_route=%2Fwp%2Fv2%2Ftags&post=9533"}],"curies":[{"name":"wp","href":"https:\/\/api.w.org\/{rel}","templated":true}]}}