{"id":9547,"date":"2015-08-19T09:19:05","date_gmt":"2015-08-19T07:19:05","guid":{"rendered":"http:\/\/www.infosadowne.boo.pl\/?p=9547"},"modified":"2020-04-24T17:28:50","modified_gmt":"2020-04-24T15:28:50","slug":"wicher-znicz","status":"publish","type":"post","link":"https:\/\/info.sadowne.pl\/?p=9547","title":{"rendered":"WICHER &#8211; ZNICZ"},"content":{"rendered":"<p style=\"text-align: justify;\"><strong><img loading=\"lazy\" decoding=\"async\" class=\"alignleft size-thumbnail wp-image-9548\" src=\"http:\/\/www.info.sadowne.pl\/wp-content\/uploads\/2015\/08\/2015.08.19.1-180x130.jpg\" alt=\"2015.08.19.1\" width=\"180\" height=\"130\" \/>18 sierpnia w Sadownem w szczytnym celu spotkali si\u0119 fani pi\u0142ki no\u017cnej.<\/strong><!--more--><\/p>\n<p style=\"text-align: justify;\">We wtorkowe popo\u0142udnie, 18 sierpnia Sadowne mia\u0142o niepowtarzaln\u0105 okazj\u0119 obejrzenia wydarzenia sportowego, w kt\u00f3rym prym wiedli pi\u0142karze drugoligowego ZNICZA Pruszk\u00f3w, a jednocze\u015bnie zrealizowano pomys\u0142 upami\u0119tnienia tragicznie zmar\u0142ego kolegi i wsparcia jego narzeczonej.<\/p>\n<p style=\"text-align: justify;\">Klub Sportowy WICHER Sadowne ju\u017c po raz kolejny zorganizowa\u0142 charytatywn\u0105 imprez\u0119 z my\u015bl\u0105 o swoich by\u0142ych zawodnikach &#8211; tym razem uhonorowano tragicznie zmar\u0142ego \u0141ukasza Zawadzkiego. Jak powiedzia\u0142 prowadz\u0105cy ca\u0142\u0105 imprez\u0119 Kamil Koro\u015b \u2013 \u201eWierzymy, \u017ce \u0141ukasz gra dzisiaj z nami i zawsze b\u0119dzie naszym dwunastym zawodnikiem\u201d.<\/p>\n<p style=\"text-align: justify;\">Pomys\u0142 Zarz\u0105du, i\u017c b\u0119dzie to mecz na szczycie, zosta\u0142 zrealizowany, a na spotkanie towarzyskie \u2013 mecz sparingowy zgodzi\u0142a si\u0119 drugoligowa dru\u017cyna ZNICZ Pruszk\u00f3w, kt\u00f3ra zwi\u0105zana jest z Sadownem poprzez kilku swoich pi\u0142karzy \u2013 wychowank\u00f3w WICHRA.<\/p>\n<p style=\"text-align: justify;\"><strong>Troch\u0119 statystyki:<\/strong><\/p>\n<p style=\"text-align: justify;\">Do meczu towarzyskiego dru\u017cyny przyst\u0105pi\u0142y w swoich pierwszych sk\u0142adach.<\/p>\n<p style=\"text-align: justify;\"><span style=\"text-decoration: underline;\">Go\u015bcie:<\/span> Micha\u0142 Bigajski, Mateusz Baranowski, Marcin Rackiewicz, Arkadiusz G\u00f3rka, Adam Dobosz, Max Banaszewski, Bartosz Wi\u015bniewski, Daniel Kraska, Wiktor Planeta, Andrzej Niewulis, Maciej Mysiak, Piotr Misztal, Patryk Kubicki, Maciej Pieczy\u0144ski, Grzegorz Janiszewski, Micha\u0142 Kucharski, Micha\u0142 Danilczyk, Maciej Machalski, Mateusz Stryjewski, Jakub Przyby\u0142a, Krzysztof Kopci\u0144ski, Przemys\u0142aw Kita. Trener \u2013 Dariusz Banasik, asystent trenera \u2013 Artur W\u0119cka.<\/p>\n<p style=\"text-align: justify;\"><span style=\"text-decoration: underline;\">Gospodarze:<\/span> Tomasz Ma\u0142etka, Szymon Wycech, Daniel Gierej, Jakub Zy\u015bk, Kamil Kandulski, Micha\u0142 Jaszczy\u0144ski, Przemys\u0142aw Dzieci\u0105tko, Tomasz D\u0119bkowski, Konrad Akonom, Tomasz Kowalczyk, Rafa\u0142 Wyszomirski, Adam Uzi\u0119b\u0142o, Mariusz Uzi\u0119b\u0142o, \u0141ukasz Mianowicz, Krystian Mianowicz, Mateusz Jakubowski, Karol Podle\u015b, Konrad Wojciechowski, Konrad Rozbicki, Marcin Mianowicz. Trener &#8211; Tomasz Tyszka.<\/p>\n<p style=\"text-align: justify;\"><span style=\"text-decoration: underline;\">S\u0119dziowie:<\/span> Mateusz Jenda, Pawe\u0142 Jenda, \u0141ukasz Krystosiak.<\/p>\n<p style=\"text-align: justify;\"><strong>Mecz:<\/strong> zaanga\u017cowanie bardzo du\u017ce, walka \u2013 do ko\u0144ca, ale kilku poziom\u00f3w hierarchii pi\u0142karskiej nie da si\u0119 od razu pokona\u0107 \u2013 wida\u0107 r\u00f3\u017cnic\u0119 pomi\u0119dzy II-g\u0105 lig\u0105 i A-klas\u0105. Pomimo zaci\u0119tej walki naszych zawodnik\u00f3w, ZNICZ \u2013 co tu ukrywa\u0107 \u2013 wykaza\u0142 swoj\u0105 wy\u017cszo\u015b\u0107, do przerwy strzelaj\u0105c nam dwie bramki, a po przerwie jeszcze 6. Ostateczny wynik spotkania: 0:8. Znowu cytujemy s\u0142owa prowadz\u0105cego imprez\u0119 Kamila: \u201eLiczy si\u0119 olbrzymi wymiar sportowy spotkania, a sparowanie z tak utytu\u0142owanym przeciwnikiem b\u0119dzie \u015bwietn\u0105 lekcj\u0105 gry w pi\u0142k\u0119 no\u017cn\u0105 dla naszych ch\u0142opc\u00f3w\u201d.<\/p>\n<p style=\"text-align: justify;\"><strong>Impreza:<\/strong> \u015bwietna, niespotykana na nasze warunki liczba widz\u00f3w, widowiskowo na nowym obiekcie i przy wspania\u0142ej pogodzie. Sprzedano 454 bilety, z kt\u00f3rych doch\u00f3d zasili\u0142 fundusz charytatywny. Dodatkowo ZNICZ przekaza\u0142 koszulk\u0119 z podpisami swoich zawodnik\u00f3w, w tym Roberta Lewandowskiego, kt\u00f3ra podczas licytacji sprzedana zosta\u0142a za kwot\u0119 1200 z\u0142. Pi\u0142ka z autografami pi\u0142karzy, r\u00f3wnie\u017c dar ZNICZA, znalaz\u0142a nabywc\u0119 za kwot\u0119 300 z\u0142. Dodatkowo pi\u0142karze ZNICZA zebrali po\u015br\u00f3d swoich zawodnik\u00f3w i przekazali organizatorom pieni\u0105dze w kwocie 720 z\u0142 \u2013 chwa\u0142a im za to, za ch\u0119\u0107 udzia\u0142u w takiej imprezie, przyjazd, po\u015bwi\u0119cenie swojego czasu. \u0141\u0105cznie zebrano i przekazano osobie, dla kt\u00f3rej zorganizowano t\u0119 imprez\u0119, prawie 7 tys. z\u0142.<\/p>\n<p style=\"text-align: justify;\"><strong>Organizatorzy, Klub Sportowy WICHER Sadowne na czele z Prezesem p. Emilem Filipiakiem, stan\u0119li na wysoko\u015bci zadania.<\/strong> Takiej imprezy sportowej Sadowne nie widzia\u0142o od wielu lat, a mo\u017ce wcale. Niespotykana ilo\u015b\u0107 kibic\u00f3w, kulturalne spotkanie i wsparcie ze strony Gminnego O\u015brodka Kultury, Technikum \u017bywienia i Us\u0142ug Gastronomicznych, OSP Sadowne, Gimnazjum, firmy Immagine i sponsor\u00f3w: Roberta i Ryszarda Zawadzkich, Grzegorza Opieki, firm: BOMAR 2, SADPOL i VIDEOMIX Dariusz Cholewa. Nieoceniony udzia\u0142 w realizacji tego przedsi\u0119wzi\u0119cia mia\u0142a r\u00f3wnie\u017c firma Soundstream \u2013 Pawe\u0142 Zy\u015bk, kt\u00f3ra zaj\u0119\u0142a si\u0119 obs\u0142ug\u0105 techniczn\u0105 imprezy, a tak\u017ce Zesp\u00f3\u0142 Muzyczny SAMI SWOI, kt\u00f3ry zawsze zaznacza swoj\u0105 obecno\u015b\u0107 na naszym terenie, a i tym razem da\u0142 \u015bwietny koncert na podsumowanie spotkania charytatywnego.<\/p>\n<p style=\"text-align: justify;\">Publiczno\u015b\u0107 \u015bwietnie si\u0119 bawi\u0142a, by\u0142y te\u017c ta\u0144ce i wielkie dzi\u0119ki \u2013 jak to zaznacza Zarz\u0105d KS WICHER \u2013 nale\u017c\u0105 si\u0119 wszystkim przyby\u0142ym na t\u0119 imprez\u0119 naszym mieszka\u0144com i go\u015bciom, kt\u00f3rzy zechcieli nas odwiedzi\u0107, wesprze\u0107 pomys\u0142odawc\u00f3w duchowo i nie tylko.<\/p>\n<p><a href=\"https:\/\/photos.app.goo.gl\/vwR8aeXEPTLmcgyU9\" target=\"_blank\" rel=\"noopener noreferrer\"><strong>Zdj\u0119cia w galerii Google&gt;&gt;&gt;<\/strong><\/a><\/p>\n<p style=\"text-align: justify;\"><strong>Zobacz te\u017c<\/strong> <span style=\"color: #0000ff;\"><strong><a style=\"color: #0000ff;\" href=\"http:\/\/youtu.be\/uhE1hToKVWo\" target=\"_blank\" rel=\"noopener noreferrer\">film&gt;&gt;&gt;<\/a><\/strong><\/span><\/p>\n<p style=\"text-align: justify;\"><strong>Tekst\/foto:<\/strong> S\u0142awek Chyli\u0144ski<\/p>\n<p>&nbsp;<\/p>\n","protected":false},"excerpt":{"rendered":"<p>18 sierpnia w Sadownem w szczytnym celu spotkali si\u0119 fani pi\u0142ki no\u017cnej.<\/p>\n","protected":false},"author":1,"featured_media":0,"comment_status":"open","ping_status":"open","sticky":false,"template":"","format":"standard","meta":{"footnotes":""},"categories":[5,2136,7],"tags":[610,1491],"class_list":["post-9547","post","type-post","status-publish","format-standard","hentry","category-newsy","category-pilka-nozna","category-sport","tag-ks-wicher-sadowne","tag-mecz-pilki-noznej-wicher-sadowne-znicz-pruszkow"],"views":4134,"_links":{"self":[{"href":"https:\/\/info.sadowne.pl\/index.php?rest_route=\/wp\/v2\/posts\/9547","targetHints":{"allow":["GET"]}}],"collection":[{"href":"https:\/\/info.sadowne.pl\/index.php?rest_route=\/wp\/v2\/posts"}],"about":[{"href":"https:\/\/info.sadowne.pl\/index.php?rest_route=\/wp\/v2\/types\/post"}],"author":[{"embeddable":true,"href":"https:\/\/info.sadowne.pl\/index.php?rest_route=\/wp\/v2\/users\/1"}],"replies":[{"embeddable":true,"href":"https:\/\/info.sadowne.pl\/index.php?rest_route=%2Fwp%2Fv2%2Fcomments&post=9547"}],"version-history":[{"count":6,"href":"https:\/\/info.sadowne.pl\/index.php?rest_route=\/wp\/v2\/posts\/9547\/revisions"}],"predecessor-version":[{"id":23256,"href":"https:\/\/info.sadowne.pl\/index.php?rest_route=\/wp\/v2\/posts\/9547\/revisions\/23256"}],"wp:attachment":[{"href":"https:\/\/info.sadowne.pl\/index.php?rest_route=%2Fwp%2Fv2%2Fmedia&parent=9547"}],"wp:term":[{"taxonomy":"category","embeddable":true,"href":"https:\/\/info.sadowne.pl\/index.php?rest_route=%2Fwp%2Fv2%2Fcategories&post=9547"},{"taxonomy":"post_tag","embeddable":true,"href":"https:\/\/info.sadowne.pl\/index.php?rest_route=%2Fwp%2Fv2%2Ftags&post=9547"}],"curies":[{"name":"wp","href":"https:\/\/api.w.org\/{rel}","templated":true}]}}