{"id":9919,"date":"2015-09-30T18:36:29","date_gmt":"2015-09-30T16:36:29","guid":{"rendered":"http:\/\/www.infosadowne.boo.pl\/?p=9919"},"modified":"2015-09-30T18:36:29","modified_gmt":"2015-09-30T16:36:29","slug":"nie-bedziesz-sam","status":"publish","type":"post","link":"https:\/\/info.sadowne.pl\/?p=9919","title":{"rendered":"Nie b\u0119dziesz sam!"},"content":{"rendered":"<p style=\"text-align: justify;\"><strong><img loading=\"lazy\" decoding=\"async\" class=\"alignleft size-thumbnail wp-image-9920\" src=\"http:\/\/www.info.sadowne.pl\/wp-content\/uploads\/2015\/09\/radioon-180x130.jpg\" alt=\"radioon\" width=\"180\" height=\"130\" srcset=\"https:\/\/info.sadowne.pl\/wp-content\/uploads\/2015\/09\/radioon-180x130.jpg 180w, https:\/\/info.sadowne.pl\/wp-content\/uploads\/2015\/09\/radioon-300x218.jpg 300w, https:\/\/info.sadowne.pl\/wp-content\/uploads\/2015\/09\/radioon.jpg 800w\" sizes=\"auto, (max-width: 180px) 100vw, 180px\" \/>Onkologia, rak, choroba \u2013 czy\u017c nadal s\u0105 tematami tabu?<\/strong><!--more--><\/p>\n<p style=\"text-align: justify;\"><strong>Ot\u00f3\u017c nie. Coraz cz\u0119\u015bciej osoby, kt\u00f3re dotkn\u0119\u0142a ta choroba, a tak\u017ce cz\u0142onkowie ich rodzin postanawiaj\u0105 wypowiada\u0107 si\u0119 na jej temat, dodaj\u0105c si\u0142y sobie i innym. Tworz\u0105 spo\u0142eczno\u015bci, dziel\u0105 si\u0119 do\u015bwiadczeniami, a co wa\u017cne \u2013 rozmawiaj\u0105 na trudne tematy i daj\u0105 nadziej\u0119.<\/strong><\/p>\n<p style=\"text-align: justify;\">Nam ju\u017c doniesiono, a Pa\u0144stwo dowiecie si\u0119 od nas, \u017ce w ostatnim czasie powsta\u0142o i dzia\u0142a z pozytywnym skutkiem <strong>Radio ON<\/strong>, kt\u00f3re jest jednym z element\u00f3w\u00a0<strong>Grupy O.N.K.O. Info<\/strong>, czyli Og\u00f3lnopolskiego Niezale\u017cnego Komunikatora Onkologicznego stworzonego przez\u00a0<strong>Fundacj\u0119 Spe\u0142nionych Marze\u0144<\/strong>. W ramach grupy dzia\u0142a ju\u017c projekt\u00a0<span style=\"color: #0000ff;\"><strong><a style=\"color: #0000ff;\" href=\"http:\/\/www.pocancerowani.pl\/\" target=\"_blank\">poCANCERowani.pl<\/a><\/strong><\/span>, a w planach tak\u017ce w\u0142asne czasopismo.<\/p>\n<p style=\"text-align: justify;\"><strong>A jak pisz\u0105 o sobie na stronie internetowej <span style=\"color: #0000ff;\"><a style=\"color: #0000ff;\" href=\"http:\/\/radioon.org.pl\/\" target=\"_blank\">Radia ON<\/a><\/span> i co maj\u0105 wsp\u00f3lnego z&#8230; Ko\u0142odzi\u0105\u017cem? Zobaczmy:<\/strong><br \/>\n<em>Radio to forma, kt\u00f3ra pozwala w \u0142atwy i przyjazny spos\u00f3b dotrze\u0107 do os\u00f3b zainteresowanych tematyk\u0105 onkologiczn\u0105 na ca\u0142ym \u015bwiecie. Skierowane jest nie tylko do pacjent\u00f3w onkologicznych i ich rodzin, ale tak\u017ce tych, kt\u00f3rzy interesuj\u0105 szeroko rozumian\u0105\u00a0<strong>profilaktyk\u0105 i zdrowym stylem \u017cycia<\/strong>.<\/em><\/p>\n<p style=\"text-align: justify;\"><em>Radio ON wype\u0142nia\u00a0<strong>pozytywna muzyka<\/strong>, ciekawe\u00a0<strong>audycje poradnicze i informacyjne<\/strong>\u00a0(medycyna, psychologia, zdrowie, kulinaria), a tak\u017ce\u00a0<strong>rozmowy z lud\u017ami<\/strong>, kt\u00f3rym choroba doda\u0142a si\u0142 i chc\u0105 si\u0119 dzieli\u0107 swoj\u0105 energi\u0105 z innymi. Na antenie naszego radia du\u017co miejsca zajmuje\u00a0<strong>kultura<\/strong>\u00a0&#8211; polecamy ksi\u0105\u017cki, filmy, muzyk\u0119 i wydarzenia kulturalne, kt\u00f3re nap\u0119dzaj\u0105 do \u017cycia i daj\u0105 nadziej\u0119.<br \/>\n<\/em><\/p>\n<p style=\"text-align: justify;\"><em>Dzielimy si\u0119 swoim do\u015bwiadczeniem,\u00a0<strong>zdradzamy zakl\u0119cia na raka<\/strong>. Przedstawiamy osoby, kt\u00f3re mimo choroby robi\u0105 rzeczy ciekawe i nietuzinkowe. Przybli\u017cymy sylwetki tych, kt\u00f3rzy po\u015bwi\u0119caj\u0105 w\u0142asny czas, \u017ceby umili\u0107 pacjentom pobyt na oddzia\u0142ach. Pokazujemy, \u017ce choroba nie wybiera i te same rozterki towarzysz\u0105 wszystkim chorym, tak\u017ce tym znanym z ekranu.<br \/>\n<\/em><\/p>\n<p style=\"text-align: justify;\"><em>Radio ON to\u00a0<strong>radio spo\u0142eczno\u015bciowe<\/strong>, dlatego wiele audycji wsp\u00f3\u0142tworzymy ze s\u0142uchaczami. Obserwuj nasz\u0105 aktywno\u015b\u0107 na\u00a0<span style=\"color: #0000ff;\"><a style=\"color: #0000ff;\" href=\"https:\/\/www.facebook.com\/RadioON\" target=\"_blank\"><strong>facebook&#8217;u<\/strong><\/a><\/span>! Podziel si\u0119 z nami swoimi pomys\u0142ami i swoj\u0105 tw\u00f3rczo\u015bci\u0105!<\/em><\/p>\n<p style=\"text-align: justify;\"><strong>Ale co z tym Ko\u0142odzi\u0105\u017cem?<\/strong><\/p>\n<p style=\"text-align: justify;\"><strong><a href=\"http:\/\/www.info.sadowne.pl\/wp-content\/uploads\/2015\/09\/ewastys.jpg\" target=\"_blank\"><img loading=\"lazy\" decoding=\"async\" class=\"alignright wp-image-9921 size-medium\" src=\"http:\/\/www.info.sadowne.pl\/wp-content\/uploads\/2015\/09\/ewastys-273x300.jpg\" alt=\"ewastys\" width=\"273\" height=\"300\" srcset=\"https:\/\/info.sadowne.pl\/wp-content\/uploads\/2015\/09\/ewastys-273x300.jpg 273w, https:\/\/info.sadowne.pl\/wp-content\/uploads\/2015\/09\/ewastys.jpg 725w\" sizes=\"auto, (max-width: 273px) 100vw, 273px\" \/><\/a>W\u0142a\u015bnie\u2026 tu ciekawostka\u2026 jedn\u0105 z redaktorek Radia ON jest mieszkanka Naszej Gminy p. Ewa Sty\u015b z Ko\u0142odzi\u0105\u017ca.<\/strong> Facebook Radia ON podaje: <em>Ewa Sty\u015b &#8211; fundament radia ON! Specjalistka od temat\u00f3w wa\u017cnych, trudnych i emocjonalnych. Nasz \u0142\u0105cznik z onkospo\u0142eczno\u015bci\u0105. Us\u0142yszycie j\u0105 najcz\u0119\u015bciej w godzinach wieczornych w autorskiej audycji &#8222;Ws\u0142uchaj si\u0119 w \u017cycie&#8221;. Zapraszamy od poniedzia\u0142ku do \u015brody po 20:00!<\/em><em>\u00a0<\/em><\/p>\n<p style=\"text-align: justify;\"><strong>Tak wi\u0119c zach\u0119camy wszystkich zainteresowanych t\u0105 tematyk\u0105 do odwiedzania wskazanych stron internetowych, s\u0142uchania ciekawych audycji radiowych, a tak\u017ce do udzia\u0142u we wszelkich akcjach wspieranych przez Radio ON. <\/strong><\/p>\n<p style=\"text-align: justify;\"><strong>Pani Ewie natomiast \u017cyczymy powodzenia. Prosz\u0119 pami\u0119ta\u0107 \u2013 nasz Portal r\u00f3wnie\u017c wspiera dzia\u0142ania w zakresie tej problematyki i zawsze na nas mo\u017cna liczy\u0107.<\/strong><\/p>\n<p style=\"text-align: justify;\"><strong>P.S.<\/strong> Pani Ewa posiada r\u00f3wnie\u017c swojego <span style=\"color: #0000ff;\"><a style=\"color: #0000ff;\" href=\"https:\/\/www.facebook.com\/ewa.stys.77\" target=\"_blank\"><strong>Facebooka<\/strong><\/a><\/span>. Mo\u017cna odwiedza\u0107.<\/p>\n<p style=\"text-align: justify;\"><strong>Tekst:<\/strong> sch<\/p>\n<p style=\"text-align: justify;\"><strong>\u0179r\u00f3d\u0142a:<\/strong><\/p>\n<p style=\"text-align: justify;\"><a href=\"https:\/\/www.facebook.com\/ewa.stys.77\" target=\"_blank\">https:\/\/www.facebook.com\/ewa.stys.77<\/a><\/p>\n<p style=\"text-align: justify;\"><a href=\"https:\/\/www.facebook.com\/RadioON\" target=\"_blank\">https:\/\/www.facebook.com\/RadioON<\/a><\/p>\n<p style=\"text-align: justify;\"><a href=\"http:\/\/radioon.org.pl\/\" target=\"_blank\">http:\/\/radioon.org.pl\/<\/a><\/p>\n","protected":false},"excerpt":{"rendered":"<p>Onkologia, rak, choroba \u2013 czy\u017c nadal s\u0105 tematami tabu?<\/p>\n","protected":false},"author":1,"featured_media":0,"comment_status":"open","ping_status":"open","sticky":false,"template":"","format":"standard","meta":{"footnotes":""},"categories":[5,1406,835,1408],"tags":[1564,1566,1565],"class_list":["post-9919","post","type-post","status-publish","format-standard","hentry","category-newsy","category-czy-wiesz","category-trudne-tematy","category-zdrowie","tag-ewa-stys","tag-onkologia","tag-radio-on"],"views":3236,"_links":{"self":[{"href":"https:\/\/info.sadowne.pl\/index.php?rest_route=\/wp\/v2\/posts\/9919","targetHints":{"allow":["GET"]}}],"collection":[{"href":"https:\/\/info.sadowne.pl\/index.php?rest_route=\/wp\/v2\/posts"}],"about":[{"href":"https:\/\/info.sadowne.pl\/index.php?rest_route=\/wp\/v2\/types\/post"}],"author":[{"embeddable":true,"href":"https:\/\/info.sadowne.pl\/index.php?rest_route=\/wp\/v2\/users\/1"}],"replies":[{"embeddable":true,"href":"https:\/\/info.sadowne.pl\/index.php?rest_route=%2Fwp%2Fv2%2Fcomments&post=9919"}],"version-history":[{"count":1,"href":"https:\/\/info.sadowne.pl\/index.php?rest_route=\/wp\/v2\/posts\/9919\/revisions"}],"predecessor-version":[{"id":9922,"href":"https:\/\/info.sadowne.pl\/index.php?rest_route=\/wp\/v2\/posts\/9919\/revisions\/9922"}],"wp:attachment":[{"href":"https:\/\/info.sadowne.pl\/index.php?rest_route=%2Fwp%2Fv2%2Fmedia&parent=9919"}],"wp:term":[{"taxonomy":"category","embeddable":true,"href":"https:\/\/info.sadowne.pl\/index.php?rest_route=%2Fwp%2Fv2%2Fcategories&post=9919"},{"taxonomy":"post_tag","embeddable":true,"href":"https:\/\/info.sadowne.pl\/index.php?rest_route=%2Fwp%2Fv2%2Ftags&post=9919"}],"curies":[{"name":"wp","href":"https:\/\/api.w.org\/{rel}","templated":true}]}}