{"id":2804,"count":1,"description":"","link":"https:\/\/info.sadowne.pl\/?tag=wymyslilam-cie-irena-jarocka-we-wspomnieniach","name":"Wymy\u015bli\u0142am Ci\u0119 Irena Jarocka we wspomnieniach","slug":"wymyslilam-cie-irena-jarocka-we-wspomnieniach","taxonomy":"post_tag","meta":[],"_links":{"self":[{"href":"https:\/\/info.sadowne.pl\/index.php?rest_route=\/wp\/v2\/tags\/2804","targetHints":{"allow":["GET"]}}],"collection":[{"href":"https:\/\/info.sadowne.pl\/index.php?rest_route=\/wp\/v2\/tags"}],"about":[{"href":"https:\/\/info.sadowne.pl\/index.php?rest_route=\/wp\/v2\/taxonomies\/post_tag"}],"wp:post_type":[{"href":"https:\/\/info.sadowne.pl\/index.php?rest_route=%2Fwp%2Fv2%2Fposts&tags=2804"}],"curies":[{"name":"wp","href":"https:\/\/api.w.org\/{rel}","templated":true}]}}